{"id":52019,"date":"2026-04-10T11:28:00","date_gmt":"2026-04-10T09:28:00","guid":{"rendered":"https:\/\/www.meteorage.com\/?post_type=blog&#038;p=52019"},"modified":"2026-04-13T09:38:19","modified_gmt":"2026-04-13T07:38:19","slug":"alberto-garutti-blitz-werke","status":"publish","type":"blog","link":"https:\/\/www.meteorage.com\/de\/meteorage-live\/alberto-garutti-blitz-werke\/","title":{"rendered":"Alberto Garutti: Werke, die im Rhythmus der Gewitter leben"},"content":{"rendered":"\t\t<div data-elementor-type=\"wp-post\" data-elementor-id=\"52019\" class=\"elementor elementor-52019 elementor-51784\" data-elementor-post-type=\"blog\">\n\t\t\t\t<div class=\"elementor-element elementor-element-78eb3e98 e-con-full e-flex e-con e-parent\" data-id=\"78eb3e98\" data-element_type=\"container\" data-e-type=\"container\">\n\t\t<div class=\"elementor-element elementor-element-7eb53fa0 e-con-full banner-type-detail e-flex e-con e-child\" data-id=\"7eb53fa0\" data-element_type=\"container\" data-e-type=\"container\" data-settings=\"{&quot;background_background&quot;:&quot;classic&quot;}\">\n\t\t\t\t<div class=\"elementor-element elementor-element-6fcd5945 elementor-widget elementor-widget-spacer\" data-id=\"6fcd5945\" data-element_type=\"widget\" data-e-type=\"widget\" data-widget_type=\"spacer.default\">\n\t\t\t\t<div class=\"elementor-widget-container\">\n\t\t\t\t\t\t\t<div class=\"elementor-spacer\">\n\t\t\t<div class=\"elementor-spacer-inner\"><\/div>\n\t\t<\/div>\n\t\t\t\t\t\t<\/div>\n\t\t\t\t<\/div>\n\t\t\t\t<div class=\"elementor-element elementor-element-48ffb60e elementor-widget elementor-widget-spacer\" data-id=\"48ffb60e\" data-element_type=\"widget\" data-e-type=\"widget\" data-widget_type=\"spacer.default\">\n\t\t\t\t<div class=\"elementor-widget-container\">\n\t\t\t\t\t\t\t<div class=\"elementor-spacer\">\n\t\t\t<div class=\"elementor-spacer-inner\"><\/div>\n\t\t<\/div>\n\t\t\t\t\t\t<\/div>\n\t\t\t\t<\/div>\n\t\t<div class=\"elementor-element elementor-element-4880c55d banner-content e-flex e-con-boxed e-con e-child\" data-id=\"4880c55d\" data-element_type=\"container\" data-e-type=\"container\">\n\t\t\t\t\t<div class=\"e-con-inner\">\n\t\t\t\t<div class=\"elementor-element elementor-element-39c34e16 elementor-widget elementor-widget-heading\" data-id=\"39c34e16\" data-element_type=\"widget\" data-e-type=\"widget\" data-widget_type=\"heading.default\">\n\t\t\t\t<div class=\"elementor-widget-container\">\n\t\t\t\t\t<h1 class=\"elementor-heading-title elementor-size-default\">Alberto Garutti <\/br> Werke, die im Rhythmus der Gewitter leben<\/h1>\t\t\t\t<\/div>\n\t\t\t\t<\/div>\n\t\t\t\t<div class=\"elementor-element elementor-element-7e57ddd5 elementor-widget__width-initial elementor-widget elementor-widget-text-editor\" data-id=\"7e57ddd5\" data-element_type=\"widget\" data-e-type=\"widget\" data-widget_type=\"text-editor.default\">\n\t\t\t\t<div class=\"elementor-widget-container\">\n\t\t\t\t\t\t\t\t\t<p>Jedes Mal, wenn in Italien ein Blitz erkannt wird, leuchten die Installationen des Studio Alberto Garutti sofort auf. Diese Projekte, dauerhaft oder tempor\u00e4r, verwandeln dieses Naturph\u00e4nomen in ein visuelles Erlebnis zwischen Kunst und Wissenschaft.<\/p>\t\t\t\t\t\t\t\t<\/div>\n\t\t\t\t<\/div>\n\t\t\t\t<div class=\"elementor-element elementor-element-25961dab elementor-align-center elementor-widget elementor-widget-ube-button\" data-id=\"25961dab\" data-element_type=\"widget\" data-e-type=\"widget\" data-widget_type=\"ube-button.default\">\n\t\t\t\t<div class=\"elementor-widget-container\">\n\t\t\t\t\t<a class=\"ube-btn btn btn-md btn- btn-link\" href=\"https:\/\/www.meteorage.com\/fr\/meteorage-en-direct\/\">\n\t    <span class=\"ube-btn-text\">&lt; retour<\/span>\n\t<\/a>\n\n\n\t\t\t\t<\/div>\n\t\t\t\t<\/div>\n\t\t\t\t\t<\/div>\n\t\t\t\t<\/div>\n\t\t\t\t<\/div>\n\t\t\t\t<\/div>\n\t\t<div class=\"elementor-element elementor-element-3cfdee15 e-con-full e-flex e-con e-parent\" data-id=\"3cfdee15\" data-element_type=\"container\" data-e-type=\"container\" data-settings=\"{&quot;background_background&quot;:&quot;gradient&quot;}\">\n\t\t<div class=\"elementor-element elementor-element-2072991 e-con-full e-flex e-con e-child\" data-id=\"2072991\" data-element_type=\"container\" data-e-type=\"container\">\n\t\t\t\t<div class=\"elementor-element elementor-element-631356ab elementor-invisible elementor-widget elementor-widget-image\" data-id=\"631356ab\" data-element_type=\"widget\" data-e-type=\"widget\" data-settings=\"{&quot;motion_fx_motion_fx_scrolling&quot;:&quot;yes&quot;,&quot;motion_fx_translateY_effect&quot;:&quot;yes&quot;,&quot;motion_fx_translateY_direction&quot;:&quot;negative&quot;,&quot;motion_fx_translateY_speed&quot;:{&quot;unit&quot;:&quot;px&quot;,&quot;size&quot;:1.5,&quot;sizes&quot;:[]},&quot;_animation&quot;:&quot;slideInLeft&quot;,&quot;motion_fx_translateY_affectedRange&quot;:{&quot;unit&quot;:&quot;%&quot;,&quot;size&quot;:&quot;&quot;,&quot;sizes&quot;:{&quot;start&quot;:0,&quot;end&quot;:100}},&quot;motion_fx_devices&quot;:[&quot;desktop&quot;,&quot;tablet_extra&quot;,&quot;tablet&quot;,&quot;mobile&quot;]}\" data-widget_type=\"image.default\">\n\t\t\t\t<div class=\"elementor-widget-container\">\n\t\t\t\t\t\t\t\t\t\t\t\t\t\t\t<img fetchpriority=\"high\" decoding=\"async\" width=\"1024\" height=\"1024\" src=\"https:\/\/www.meteorage.com\/wp-content\/uploads\/2026\/04\/Alberto-Garutti-Temporali-2015-2-1024x1024.jpg\" class=\"attachment-large size-large wp-image-51919\" alt=\"\" srcset=\"https:\/\/www.meteorage.com\/wp-content\/uploads\/2026\/04\/Alberto-Garutti-Temporali-2015-2-1024x1024.jpg 1024w, https:\/\/www.meteorage.com\/wp-content\/uploads\/2026\/04\/Alberto-Garutti-Temporali-2015-2-300x300.jpg 300w, https:\/\/www.meteorage.com\/wp-content\/uploads\/2026\/04\/Alberto-Garutti-Temporali-2015-2-150x150.jpg 150w, https:\/\/www.meteorage.com\/wp-content\/uploads\/2026\/04\/Alberto-Garutti-Temporali-2015-2-768x768.jpg 768w, https:\/\/www.meteorage.com\/wp-content\/uploads\/2026\/04\/Alberto-Garutti-Temporali-2015-2-1536x1536.jpg 1536w, https:\/\/www.meteorage.com\/wp-content\/uploads\/2026\/04\/Alberto-Garutti-Temporali-2015-2-543x543.jpg 543w, https:\/\/www.meteorage.com\/wp-content\/uploads\/2026\/04\/Alberto-Garutti-Temporali-2015-2.jpg 1654w\" sizes=\"(max-width: 1024px) 100vw, 1024px\" \/>\t\t\t\t\t\t\t\t\t\t\t\t\t\t\t<\/div>\n\t\t\t\t<\/div>\n\t\t\t\t<\/div>\n\t\t<div class=\"elementor-element elementor-element-2e59b9b7 e-con-full e-flex e-con e-child\" data-id=\"2e59b9b7\" data-element_type=\"container\" data-e-type=\"container\">\n\t\t<div class=\"elementor-element elementor-element-2ab4a6d0 e-flex e-con-boxed e-con e-child\" data-id=\"2ab4a6d0\" data-element_type=\"container\" data-e-type=\"container\">\n\t\t\t\t\t<div class=\"e-con-inner\">\n\t\t\t\t<div class=\"elementor-element elementor-element-66aa0a78 animated-slow elementor-invisible elementor-widget elementor-widget-heading\" data-id=\"66aa0a78\" data-element_type=\"widget\" data-e-type=\"widget\" data-settings=\"{&quot;_animation&quot;:&quot;fadeIn&quot;}\" data-widget_type=\"heading.default\">\n\t\t\t\t<div class=\"elementor-widget-container\">\n\t\t\t\t\t<h1 class=\"elementor-heading-title elementor-size-default\">Wenn der Blitz zu Licht wird<\/h1>\t\t\t\t<\/div>\n\t\t\t\t<\/div>\n\t\t\t\t<div class=\"elementor-element elementor-element-6a07f8db elementor-invisible elementor-widget elementor-widget-text-editor\" data-id=\"6a07f8db\" data-element_type=\"widget\" data-e-type=\"widget\" data-settings=\"{&quot;_animation&quot;:&quot;fadeIn&quot;,&quot;_animation_delay&quot;:200}\" data-widget_type=\"text-editor.default\">\n\t\t\t\t<div class=\"elementor-widget-container\">\n\t\t\t\t\t\t\t\t\t<p data-start=\"4372\" data-end=\"4745\">Seit mehreren Jahren arbeiten wir mit dem <a href=\"https:\/\/www.albertogarutti.it\/\">Studio Alberto Garutti<\/a> zusammen. Der italienische K\u00fcnstler, der 2023 verstorben ist, entwickelte eine Reihe von Werken, die mit der Echtzeit-Blitzdetektion verbunden sind. \u00dcber unser Netzwerk von Blitzsensoren verkn\u00fcpft, leuchten diese Installationen jedes Mal sofort auf, wenn ein Blitz \u00fcber dem italienischen Gebiet erkannt wird.<\/p><p data-start=\"4747\" data-end=\"4824\">Dauerhafte oder tempor\u00e4re Werke, heute in Italien und international sichtbar.<\/p><p data-start=\"4826\" data-end=\"4956\">Sie bieten eine andere Art, Gewitter wahrzunehmen: nicht mehr als entferntes Ph\u00e4nomen, sondern als lebendiges, gemeinsames Signal.<\/p><p data-start=\"4958\" data-end=\"5097\">Ein subtiler Dialog zwischen Naturph\u00e4nomen und menschlicher Wahrnehmung, zu dem wir stolz beitragen, indem wir Echtzeitdaten bereitstellen.<\/p>\t\t\t\t\t\t\t\t<\/div>\n\t\t\t\t<\/div>\n\t\t\t\t<div class=\"elementor-element elementor-element-6ce198d0 elementor-mobile-align-justify animated-fast elementor-invisible elementor-widget elementor-widget-button\" data-id=\"6ce198d0\" data-element_type=\"widget\" data-e-type=\"widget\" data-settings=\"{&quot;_animation&quot;:&quot;fadeIn&quot;,&quot;_animation_delay&quot;:400}\" data-widget_type=\"button.default\">\n\t\t\t\t<div class=\"elementor-widget-container\">\n\t\t\t\t\t\t\t\t\t<div class=\"elementor-button-wrapper\">\n\t\t\t\t\t<a class=\"elementor-button elementor-button-link elementor-size-sm elementor-animation-float\" href=\"https:\/\/www.albertogarutti.it\/\">\n\t\t\t\t\t\t<span class=\"elementor-button-content-wrapper\">\n\t\t\t\t\t\t\t\t\t<span class=\"elementor-button-text\">Mehr erfahren<\/span>\n\t\t\t\t\t<\/span>\n\t\t\t\t\t<\/a>\n\t\t\t\t<\/div>\n\t\t\t\t\t\t\t\t<\/div>\n\t\t\t\t<\/div>\n\t\t\t\t\t<\/div>\n\t\t\t\t<\/div>\n\t\t\t\t<\/div>\n\t\t\t\t<\/div>\n\t\t<div class=\"elementor-element elementor-element-5d57ea5d e-flex e-con-boxed e-con e-parent\" data-id=\"5d57ea5d\" data-element_type=\"container\" data-e-type=\"container\">\n\t\t\t\t\t<div class=\"e-con-inner\">\n\t\t\t\t<div class=\"elementor-element elementor-element-2b08434a elementor-widget elementor-widget-heading\" data-id=\"2b08434a\" data-element_type=\"widget\" data-e-type=\"widget\" data-widget_type=\"heading.default\">\n\t\t\t\t<div class=\"elementor-widget-container\">\n\t\t\t\t\t<h4 class=\"elementor-heading-title elementor-size-default\">Die Ausstellungen<\/h4>\t\t\t\t<\/div>\n\t\t\t\t<\/div>\n\t\t\t\t<div class=\"elementor-element elementor-element-6ead2a62 animated-slow elementor-invisible elementor-widget elementor-widget-heading\" data-id=\"6ead2a62\" data-element_type=\"widget\" data-e-type=\"widget\" data-settings=\"{&quot;_animation&quot;:&quot;fadeIn&quot;}\" data-widget_type=\"heading.default\">\n\t\t\t\t<div class=\"elementor-widget-container\">\n\t\t\t\t\t<h2 class=\"elementor-heading-title elementor-size-default\">Studio Alberto Garutti<\/h2>\t\t\t\t<\/div>\n\t\t\t\t<\/div>\n\t\t\t\t\t<\/div>\n\t\t\t\t<\/div>\n\t\t<div class=\"elementor-element elementor-element-5eb531f3 e-con-full e-flex e-con e-parent\" data-id=\"5eb531f3\" data-element_type=\"container\" data-e-type=\"container\" data-settings=\"{&quot;background_background&quot;:&quot;gradient&quot;}\">\n\t\t<div class=\"elementor-element elementor-element-ff4a7dd e-con-full e-flex e-con e-child\" data-id=\"ff4a7dd\" data-element_type=\"container\" data-e-type=\"container\">\n\t\t<div class=\"elementor-element elementor-element-56addca6 e-flex e-con-boxed e-con e-child\" data-id=\"56addca6\" data-element_type=\"container\" data-e-type=\"container\">\n\t\t\t\t\t<div class=\"e-con-inner\">\n\t\t\t\t<div class=\"elementor-element elementor-element-323d2aad elementor-widget elementor-widget-heading\" data-id=\"323d2aad\" data-element_type=\"widget\" data-e-type=\"widget\" data-widget_type=\"heading.default\">\n\t\t\t\t<div class=\"elementor-widget-container\">\n\t\t\t\t\t<h4 class=\"elementor-heading-title elementor-size-default\">Tempor\u00e4re Ausstellung \u2013 Dezember 2025 bis April 2026\n<\/h4>\t\t\t\t<\/div>\n\t\t\t\t<\/div>\n\t\t\t\t<div class=\"elementor-element elementor-element-606d86d animated-slow elementor-invisible elementor-widget elementor-widget-heading\" data-id=\"606d86d\" data-element_type=\"widget\" data-e-type=\"widget\" data-settings=\"{&quot;_animation&quot;:&quot;fadeIn&quot;}\" data-widget_type=\"heading.default\">\n\t\t\t\t<div class=\"elementor-widget-container\">\n\t\t\t\t\t<h2 class=\"elementor-heading-title elementor-size-default\">MUSEU PARANAENSE<\/br> - C\u00e9u\u2011Eclipse <\/h2>\t\t\t\t<\/div>\n\t\t\t\t<\/div>\n\t\t\t\t<div class=\"elementor-element elementor-element-3cb5854e elementor-invisible elementor-widget elementor-widget-text-editor\" data-id=\"3cb5854e\" data-element_type=\"widget\" data-e-type=\"widget\" data-settings=\"{&quot;_animation&quot;:&quot;fadeIn&quot;,&quot;_animation_delay&quot;:200}\" data-widget_type=\"text-editor.default\">\n\t\t\t\t<div class=\"elementor-widget-container\">\n\t\t\t\t\t\t\t\t\t<p data-start=\"5169\" data-end=\"5372\">An der Schnittstelle von zeitgen\u00f6ssischer Kunst, Wissenschaft und \u00d6kologie hinterfragt <em data-start=\"5311\" data-end=\"5324\">C\u00e9u-Eclipse<\/em> unser Verh\u00e4ltnis zu Zeit, Klima und Atmosph\u00e4re.<\/p><p data-start=\"5374\" data-end=\"5586\">In dieser internationalen Ausstellung wird Meteorologie zur Sprache.<br data-start=\"5442\" data-end=\"5445\" \/>Gewitter und Finsternisse \u00e4u\u00dfern sich als wahrnehmbare Klanglichkeit und verbinden Mensch und Nicht-Mensch in einer gemeinsamen Himmelsph\u00e4re.<\/p><p data-start=\"5588\" data-end=\"5748\">Die Werke treten in Dialog mit den wissenschaftlichen Disziplinen des Museums und verwischen die Grenzen zwischen Vergangenheit und Gegenwart, Moment und Dauer.<\/p>\t\t\t\t\t\t\t\t<\/div>\n\t\t\t\t<\/div>\n\t\t\t\t<div class=\"elementor-element elementor-element-4d04059e elementor-mobile-align-justify animated-fast elementor-invisible elementor-widget elementor-widget-button\" data-id=\"4d04059e\" data-element_type=\"widget\" data-e-type=\"widget\" data-settings=\"{&quot;_animation&quot;:&quot;fadeIn&quot;,&quot;_animation_delay&quot;:400}\" data-widget_type=\"button.default\">\n\t\t\t\t<div class=\"elementor-widget-container\">\n\t\t\t\t\t\t\t\t\t<div class=\"elementor-button-wrapper\">\n\t\t\t\t\t<a class=\"elementor-button elementor-button-link elementor-size-sm elementor-animation-float\" href=\"https:\/\/issuu.com\/museuparanaense\/docs\/folder_c_u-eclipse_46ad010749b0d6\">\n\t\t\t\t\t\t<span class=\"elementor-button-content-wrapper\">\n\t\t\t\t\t\t\t\t\t<span class=\"elementor-button-text\">Ausstellung entdecken<\/span>\n\t\t\t\t\t<\/span>\n\t\t\t\t\t<\/a>\n\t\t\t\t<\/div>\n\t\t\t\t\t\t\t\t<\/div>\n\t\t\t\t<\/div>\n\t\t\t\t<div class=\"elementor-element elementor-element-63f60959 elementor-widget elementor-widget-spacer\" data-id=\"63f60959\" data-element_type=\"widget\" data-e-type=\"widget\" data-widget_type=\"spacer.default\">\n\t\t\t\t<div class=\"elementor-widget-container\">\n\t\t\t\t\t\t\t<div class=\"elementor-spacer\">\n\t\t\t<div class=\"elementor-spacer-inner\"><\/div>\n\t\t<\/div>\n\t\t\t\t\t\t<\/div>\n\t\t\t\t<\/div>\n\t\t\t\t<div class=\"elementor-element elementor-element-75d6c4c6 elementor-widget elementor-widget-google_maps\" data-id=\"75d6c4c6\" data-element_type=\"widget\" data-e-type=\"widget\" data-widget_type=\"google_maps.default\">\n\t\t\t\t<div class=\"elementor-widget-container\">\n\t\t\t\t\t\t\t<div class=\"elementor-custom-embed\">\n\t\t\t<iframe loading=\"lazy\"\n\t\t\t\t\tsrc=\"https:\/\/maps.google.com\/maps?q=Museu%20Paranaense%20%28MUPA%29%2C%20Curitiba%20%E2%80%93%20Br%C3%A9sil&#038;t=m&#038;z=2&#038;output=embed&#038;iwloc=near\"\n\t\t\t\t\ttitle=\"Museu Paranaense (MUPA), Curitiba \u2013 Br\u00e9sil\"\n\t\t\t\t\taria-label=\"Museu Paranaense (MUPA), Curitiba \u2013 Br\u00e9sil\"\n\t\t\t><\/iframe>\n\t\t<\/div>\n\t\t\t\t\t\t<\/div>\n\t\t\t\t<\/div>\n\t\t\t\t\t<\/div>\n\t\t\t\t<\/div>\n\t\t\t\t<\/div>\n\t\t<div class=\"elementor-element elementor-element-113f7f31 e-con-full e-flex e-con e-child\" data-id=\"113f7f31\" data-element_type=\"container\" data-e-type=\"container\">\n\t\t\t\t<div class=\"elementor-element elementor-element-7accb38 elementor-invisible elementor-widget elementor-widget-image\" data-id=\"7accb38\" data-element_type=\"widget\" data-e-type=\"widget\" data-settings=\"{&quot;motion_fx_motion_fx_scrolling&quot;:&quot;yes&quot;,&quot;motion_fx_translateY_effect&quot;:&quot;yes&quot;,&quot;motion_fx_translateY_direction&quot;:&quot;negative&quot;,&quot;motion_fx_translateY_speed&quot;:{&quot;unit&quot;:&quot;px&quot;,&quot;size&quot;:1.5,&quot;sizes&quot;:[]},&quot;_animation&quot;:&quot;slideInRight&quot;,&quot;motion_fx_translateY_affectedRange&quot;:{&quot;unit&quot;:&quot;%&quot;,&quot;size&quot;:&quot;&quot;,&quot;sizes&quot;:{&quot;start&quot;:0,&quot;end&quot;:100}},&quot;motion_fx_devices&quot;:[&quot;desktop&quot;,&quot;tablet_extra&quot;,&quot;tablet&quot;,&quot;mobile&quot;]}\" data-widget_type=\"image.default\">\n\t\t\t\t<div class=\"elementor-widget-container\">\n\t\t\t\t\t\t\t\t\t\t\t\t\t\t\t<img decoding=\"async\" width=\"1654\" height=\"1654\" src=\"https:\/\/www.meteorage.com\/wp-content\/uploads\/2026\/04\/Alberto-Garutti-Ceu\u2011Eclipse-exhibition.jpg\" class=\"attachment-full size-full wp-image-51925\" alt=\"\" srcset=\"https:\/\/www.meteorage.com\/wp-content\/uploads\/2026\/04\/Alberto-Garutti-Ceu\u2011Eclipse-exhibition.jpg 1654w, https:\/\/www.meteorage.com\/wp-content\/uploads\/2026\/04\/Alberto-Garutti-Ceu\u2011Eclipse-exhibition-300x300.jpg 300w, https:\/\/www.meteorage.com\/wp-content\/uploads\/2026\/04\/Alberto-Garutti-Ceu\u2011Eclipse-exhibition-1024x1024.jpg 1024w, https:\/\/www.meteorage.com\/wp-content\/uploads\/2026\/04\/Alberto-Garutti-Ceu\u2011Eclipse-exhibition-150x150.jpg 150w, https:\/\/www.meteorage.com\/wp-content\/uploads\/2026\/04\/Alberto-Garutti-Ceu\u2011Eclipse-exhibition-768x768.jpg 768w, https:\/\/www.meteorage.com\/wp-content\/uploads\/2026\/04\/Alberto-Garutti-Ceu\u2011Eclipse-exhibition-1536x1536.jpg 1536w, https:\/\/www.meteorage.com\/wp-content\/uploads\/2026\/04\/Alberto-Garutti-Ceu\u2011Eclipse-exhibition-543x543.jpg 543w\" sizes=\"(max-width: 1654px) 100vw, 1654px\" \/>\t\t\t\t\t\t\t\t\t\t\t\t\t\t\t<\/div>\n\t\t\t\t<\/div>\n\t\t\t\t<\/div>\n\t\t\t\t<\/div>\n\t\t<div class=\"elementor-element elementor-element-6ab605a1 e-con-full e-flex e-con e-parent\" data-id=\"6ab605a1\" data-element_type=\"container\" data-e-type=\"container\" data-settings=\"{&quot;background_background&quot;:&quot;gradient&quot;}\">\n\t\t<div class=\"elementor-element elementor-element-43f4bbfa e-con-full e-flex e-con e-child\" data-id=\"43f4bbfa\" data-element_type=\"container\" data-e-type=\"container\">\n\t\t<div class=\"elementor-element elementor-element-476535c7 e-flex e-con-boxed e-con e-child\" data-id=\"476535c7\" data-element_type=\"container\" data-e-type=\"container\">\n\t\t\t\t\t<div class=\"e-con-inner\">\n\t\t\t\t<div class=\"elementor-element elementor-element-113d831c elementor-widget elementor-widget-heading\" data-id=\"113d831c\" data-element_type=\"widget\" data-e-type=\"widget\" data-widget_type=\"heading.default\">\n\t\t\t\t<div class=\"elementor-widget-container\">\n\t\t\t\t\t<h4 class=\"elementor-heading-title elementor-size-default\">Tempor\u00e4re Ausstellung \u2013 4. bis 28. Februar 2026<\/h4>\t\t\t\t<\/div>\n\t\t\t\t<\/div>\n\t\t\t\t<div class=\"elementor-element elementor-element-384a9ec9 animated-slow elementor-invisible elementor-widget elementor-widget-heading\" data-id=\"384a9ec9\" data-element_type=\"widget\" data-e-type=\"widget\" data-settings=\"{&quot;_animation&quot;:&quot;fadeIn&quot;}\" data-widget_type=\"heading.default\">\n\t\t\t\t<div class=\"elementor-widget-container\">\n\t\t\t\t\t<h2 class=\"elementor-heading-title elementor-size-default\">Garage BENTIVOGLIO <\/br>\nAlberto Garutti \u2013 Temporali\n<\/h2>\t\t\t\t<\/div>\n\t\t\t\t<\/div>\n\t\t\t\t<div class=\"elementor-element elementor-element-7dc90a13 elementor-invisible elementor-widget elementor-widget-text-editor\" data-id=\"7dc90a13\" data-element_type=\"widget\" data-e-type=\"widget\" data-settings=\"{&quot;_animation&quot;:&quot;fadeIn&quot;,&quot;_animation_delay&quot;:200}\" data-widget_type=\"text-editor.default\">\n\t\t\t\t<div class=\"elementor-widget-container\">\n\t\t\t\t\t\t\t\t\t<p data-start=\"6039\" data-end=\"6124\">Jeder Blitz, der Italien trifft, ver\u00e4ndert die Intensit\u00e4t eines inneren Lichtsystems.<\/p><p data-start=\"6126\" data-end=\"6287\">Das Ph\u00e4nomen geschieht anderswo, au\u00dferhalb des Blickfelds, und l\u00e4sst dem Betrachter die Freiheit, sich seinen eigenen Himmel, sein eigenes Gewitter vorzustellen.<\/p><p data-start=\"6289\" data-end=\"6424\">Im Gegensatz zu monumentalen Werken in der W\u00fcste f\u00fcgt sich <em data-start=\"6348\" data-end=\"6359\">Temporali<\/em> unauff\u00e4llig in den Alltag ein \u2013 als fragiles, poetisches Signal.<\/p><p data-start=\"6426\" data-end=\"6516\">Ein Werk, das ohne Zeugen erscheinen oder verschwinden kann, wenn die Gewitter nachlassen.<\/p><p data-start=\"6518\" data-end=\"6576\">Gewidmet jenen, die vorbeigehen\u2026 und an den Himmel denken.<\/p>\t\t\t\t\t\t\t\t<\/div>\n\t\t\t\t<\/div>\n\t\t\t\t<div class=\"elementor-element elementor-element-1c014215 elementor-mobile-align-justify animated-fast elementor-invisible elementor-widget elementor-widget-button\" data-id=\"1c014215\" data-element_type=\"widget\" data-e-type=\"widget\" data-settings=\"{&quot;_animation&quot;:&quot;fadeIn&quot;,&quot;_animation_delay&quot;:400}\" data-widget_type=\"button.default\">\n\t\t\t\t<div class=\"elementor-widget-container\">\n\t\t\t\t\t\t\t\t\t<div class=\"elementor-button-wrapper\">\n\t\t\t\t\t<a class=\"elementor-button elementor-button-link elementor-size-sm elementor-animation-float\" href=\"https:\/\/www.palazzobentivoglio.org\/progetti\/alberto-garutti\">\n\t\t\t\t\t\t<span class=\"elementor-button-content-wrapper\">\n\t\t\t\t\t\t\t\t\t<span class=\"elementor-button-text\">Ausstellung entdecken<\/span>\n\t\t\t\t\t<\/span>\n\t\t\t\t\t<\/a>\n\t\t\t\t<\/div>\n\t\t\t\t\t\t\t\t<\/div>\n\t\t\t\t<\/div>\n\t\t\t\t<div class=\"elementor-element elementor-element-5d8e8aad elementor-widget elementor-widget-spacer\" data-id=\"5d8e8aad\" data-element_type=\"widget\" data-e-type=\"widget\" data-widget_type=\"spacer.default\">\n\t\t\t\t<div class=\"elementor-widget-container\">\n\t\t\t\t\t\t\t<div class=\"elementor-spacer\">\n\t\t\t<div class=\"elementor-spacer-inner\"><\/div>\n\t\t<\/div>\n\t\t\t\t\t\t<\/div>\n\t\t\t\t<\/div>\n\t\t\t\t<div class=\"elementor-element elementor-element-297f1840 elementor-widget elementor-widget-google_maps\" data-id=\"297f1840\" data-element_type=\"widget\" data-e-type=\"widget\" data-widget_type=\"google_maps.default\">\n\t\t\t\t<div class=\"elementor-widget-container\">\n\t\t\t\t\t\t\t<div class=\"elementor-custom-embed\">\n\t\t\t<iframe loading=\"lazy\"\n\t\t\t\t\tsrc=\"https:\/\/maps.google.com\/maps?q=Palazzo%20Bentivoglio%2C%20Bologne%20%28Italie%29&#038;t=m&#038;z=6&#038;output=embed&#038;iwloc=near\"\n\t\t\t\t\ttitle=\"Palazzo Bentivoglio, Bologne (Italie)\"\n\t\t\t\t\taria-label=\"Palazzo Bentivoglio, Bologne (Italie)\"\n\t\t\t><\/iframe>\n\t\t<\/div>\n\t\t\t\t\t\t<\/div>\n\t\t\t\t<\/div>\n\t\t\t\t\t<\/div>\n\t\t\t\t<\/div>\n\t\t\t\t<\/div>\n\t\t<div class=\"elementor-element elementor-element-343d8e98 e-con-full e-flex e-con e-child\" data-id=\"343d8e98\" data-element_type=\"container\" data-e-type=\"container\">\n\t\t\t\t<div class=\"elementor-element elementor-element-780d5d2 elementor-invisible elementor-widget elementor-widget-image\" data-id=\"780d5d2\" data-element_type=\"widget\" data-e-type=\"widget\" data-settings=\"{&quot;motion_fx_motion_fx_scrolling&quot;:&quot;yes&quot;,&quot;motion_fx_translateY_effect&quot;:&quot;yes&quot;,&quot;motion_fx_translateY_direction&quot;:&quot;negative&quot;,&quot;motion_fx_translateY_speed&quot;:{&quot;unit&quot;:&quot;px&quot;,&quot;size&quot;:1.5,&quot;sizes&quot;:[]},&quot;_animation&quot;:&quot;slideInRight&quot;,&quot;motion_fx_translateY_affectedRange&quot;:{&quot;unit&quot;:&quot;%&quot;,&quot;size&quot;:&quot;&quot;,&quot;sizes&quot;:{&quot;start&quot;:0,&quot;end&quot;:100}},&quot;motion_fx_devices&quot;:[&quot;desktop&quot;,&quot;tablet_extra&quot;,&quot;tablet&quot;,&quot;mobile&quot;]}\" data-widget_type=\"image.default\">\n\t\t\t\t<div class=\"elementor-widget-container\">\n\t\t\t\t\t\t\t\t\t\t\t\t\t\t\t<img decoding=\"async\" width=\"1654\" height=\"1654\" src=\"https:\/\/www.meteorage.com\/wp-content\/uploads\/2026\/04\/Alberto-Garutti-Temporali-2015-e1775811943185.jpg\" class=\"attachment-full size-full wp-image-51913\" alt=\"\" \/>\t\t\t\t\t\t\t\t\t\t\t\t\t\t\t<\/div>\n\t\t\t\t<\/div>\n\t\t\t\t<\/div>\n\t\t\t\t<\/div>\n\t\t<div class=\"elementor-element elementor-element-5ae3847a e-con-full e-flex e-con e-parent\" data-id=\"5ae3847a\" data-element_type=\"container\" data-e-type=\"container\" data-settings=\"{&quot;background_background&quot;:&quot;gradient&quot;}\">\n\t\t<div class=\"elementor-element elementor-element-78b60b78 e-con-full e-flex e-con e-child\" data-id=\"78b60b78\" data-element_type=\"container\" data-e-type=\"container\">\n\t\t<div class=\"elementor-element elementor-element-1454f0a4 e-flex e-con-boxed e-con e-child\" data-id=\"1454f0a4\" data-element_type=\"container\" data-e-type=\"container\">\n\t\t\t\t\t<div class=\"e-con-inner\">\n\t\t\t\t<div class=\"elementor-element elementor-element-5571112d elementor-widget elementor-widget-heading\" data-id=\"5571112d\" data-element_type=\"widget\" data-e-type=\"widget\" data-widget_type=\"heading.default\">\n\t\t\t\t<div class=\"elementor-widget-container\">\n\t\t\t\t\t<h4 class=\"elementor-heading-title elementor-size-default\">Dauerinstallation \u2013 seit 2022<\/h4>\t\t\t\t<\/div>\n\t\t\t\t<\/div>\n\t\t\t\t<div class=\"elementor-element elementor-element-6fcced45 animated-slow elementor-invisible elementor-widget elementor-widget-heading\" data-id=\"6fcced45\" data-element_type=\"widget\" data-e-type=\"widget\" data-settings=\"{&quot;_animation&quot;:&quot;fadeIn&quot;}\" data-widget_type=\"heading.default\">\n\t\t\t\t<div class=\"elementor-widget-container\">\n\t\t\t\t\t<h2 class=\"elementor-heading-title elementor-size-default\">Genagricola \u2013 Ca\u2019 Corniani<\/h2>\t\t\t\t<\/div>\n\t\t\t\t<\/div>\n\t\t\t\t<div class=\"elementor-element elementor-element-218bc0f3 elementor-invisible elementor-widget elementor-widget-text-editor\" data-id=\"218bc0f3\" data-element_type=\"widget\" data-e-type=\"widget\" data-settings=\"{&quot;_animation&quot;:&quot;fadeIn&quot;,&quot;_animation_delay&quot;:200}\" data-widget_type=\"text-editor.default\">\n\t\t\t\t<div class=\"elementor-widget-container\">\n\t\t\t\t\t\t\t\t\t<p data-start=\"6619\" data-end=\"6831\">In den kultivierten Ebenen von Ca\u2019 Corniani durchzieht eine leuchtende Inschrift die Landschaft. Von Alberto Garutti handgeschrieben erscheint sie wie ein Satz auf der Erde, aus der N\u00e4he wie aus der Ferne lesbar.<\/p><p data-start=\"6833\" data-end=\"6971\">Jedes Mal, wenn in Italien ein Blitz erkannt wird, pulsiert ihr Licht kurz. Ein dezenter Herzschlag, der Erde und Himmel sofort verbindet.<\/p><p data-start=\"6973\" data-end=\"7166\">Als Bildunterschrift der Landschaft gedacht, l\u00e4dt das Werk dazu ein, den Blick zu heben und die Atmosph\u00e4re als lebendige Pr\u00e4senz zu betrachten. Ein gemeinsamer Moment eines ganzen Territoriums.<\/p><p data-start=\"6973\" data-end=\"7166\"><span class=\"a_GcMg font-feature-liga-off font-feature-clig-off font-feature-calt-off text-decoration-none text-strikethrough-none\">\u00a9 Agostino Osio \/ AltoPiano<\/span><\/p>\t\t\t\t\t\t\t\t<\/div>\n\t\t\t\t<\/div>\n\t\t\t\t<div class=\"elementor-element elementor-element-1986c037 elementor-mobile-align-justify animated-fast elementor-invisible elementor-widget elementor-widget-button\" data-id=\"1986c037\" data-element_type=\"widget\" data-e-type=\"widget\" data-settings=\"{&quot;_animation&quot;:&quot;fadeIn&quot;,&quot;_animation_delay&quot;:400}\" data-widget_type=\"button.default\">\n\t\t\t\t<div class=\"elementor-widget-container\">\n\t\t\t\t\t\t\t\t\t<div class=\"elementor-button-wrapper\">\n\t\t\t\t\t<a class=\"elementor-button elementor-button-link elementor-size-sm elementor-animation-float\" href=\"https:\/\/www.albertogarutti.it\/en\/opera\/queste-luci-vibreranno-quando-in-italia-un-fulmine-cadra-durante-i-temporali-questopera-e-dedicata-a-chi-passando-di-qui-pensera-al-cielo\/\">\n\t\t\t\t\t\t<span class=\"elementor-button-content-wrapper\">\n\t\t\t\t\t\t\t\t\t<span class=\"elementor-button-text\">Ausstellung entdecken<\/span>\n\t\t\t\t\t<\/span>\n\t\t\t\t\t<\/a>\n\t\t\t\t<\/div>\n\t\t\t\t\t\t\t\t<\/div>\n\t\t\t\t<\/div>\n\t\t\t\t<div class=\"elementor-element elementor-element-3415da63 elementor-widget elementor-widget-spacer\" data-id=\"3415da63\" data-element_type=\"widget\" data-e-type=\"widget\" data-widget_type=\"spacer.default\">\n\t\t\t\t<div class=\"elementor-widget-container\">\n\t\t\t\t\t\t\t<div class=\"elementor-spacer\">\n\t\t\t<div class=\"elementor-spacer-inner\"><\/div>\n\t\t<\/div>\n\t\t\t\t\t\t<\/div>\n\t\t\t\t<\/div>\n\t\t\t\t<div class=\"elementor-element elementor-element-64790d2b elementor-widget elementor-widget-google_maps\" data-id=\"64790d2b\" data-element_type=\"widget\" data-e-type=\"widget\" data-widget_type=\"google_maps.default\">\n\t\t\t\t<div class=\"elementor-widget-container\">\n\t\t\t\t\t\t\t<div class=\"elementor-custom-embed\">\n\t\t\t<iframe loading=\"lazy\"\n\t\t\t\t\tsrc=\"https:\/\/maps.google.com\/maps?q=Ca%E2%80%99%20Corniani%2C%20V%C3%A9n%C3%A9tie%20%28Italie%29&#038;t=m&#038;z=6&#038;output=embed&#038;iwloc=near\"\n\t\t\t\t\ttitle=\"Ca\u2019 Corniani, V\u00e9n\u00e9tie (Italie)\"\n\t\t\t\t\taria-label=\"Ca\u2019 Corniani, V\u00e9n\u00e9tie (Italie)\"\n\t\t\t><\/iframe>\n\t\t<\/div>\n\t\t\t\t\t\t<\/div>\n\t\t\t\t<\/div>\n\t\t\t\t\t<\/div>\n\t\t\t\t<\/div>\n\t\t\t\t<\/div>\n\t\t<div class=\"elementor-element elementor-element-950d969 e-con-full e-flex e-con e-child\" data-id=\"950d969\" data-element_type=\"container\" data-e-type=\"container\">\n\t\t\t\t<div class=\"elementor-element elementor-element-6480b9c0 elementor-invisible elementor-widget elementor-widget-image\" data-id=\"6480b9c0\" data-element_type=\"widget\" data-e-type=\"widget\" data-settings=\"{&quot;motion_fx_motion_fx_scrolling&quot;:&quot;yes&quot;,&quot;motion_fx_translateY_effect&quot;:&quot;yes&quot;,&quot;motion_fx_translateY_direction&quot;:&quot;negative&quot;,&quot;motion_fx_translateY_speed&quot;:{&quot;unit&quot;:&quot;px&quot;,&quot;size&quot;:1.5,&quot;sizes&quot;:[]},&quot;_animation&quot;:&quot;slideInRight&quot;,&quot;motion_fx_translateY_affectedRange&quot;:{&quot;unit&quot;:&quot;%&quot;,&quot;size&quot;:&quot;&quot;,&quot;sizes&quot;:{&quot;start&quot;:0,&quot;end&quot;:100}},&quot;motion_fx_devices&quot;:[&quot;desktop&quot;,&quot;tablet_extra&quot;,&quot;tablet&quot;,&quot;mobile&quot;]}\" data-widget_type=\"image.default\">\n\t\t\t\t<div class=\"elementor-widget-container\">\n\t\t\t\t\t\t\t\t\t\t\t\t\t\t\t<img loading=\"lazy\" decoding=\"async\" width=\"1654\" height=\"1654\" src=\"https:\/\/www.meteorage.com\/wp-content\/uploads\/2026\/04\/Alberto-Garutti-Temporali.jpg\" class=\"attachment-full size-full wp-image-51937\" alt=\"\" srcset=\"https:\/\/www.meteorage.com\/wp-content\/uploads\/2026\/04\/Alberto-Garutti-Temporali.jpg 1654w, https:\/\/www.meteorage.com\/wp-content\/uploads\/2026\/04\/Alberto-Garutti-Temporali-300x300.jpg 300w, https:\/\/www.meteorage.com\/wp-content\/uploads\/2026\/04\/Alberto-Garutti-Temporali-1024x1024.jpg 1024w, https:\/\/www.meteorage.com\/wp-content\/uploads\/2026\/04\/Alberto-Garutti-Temporali-150x150.jpg 150w, https:\/\/www.meteorage.com\/wp-content\/uploads\/2026\/04\/Alberto-Garutti-Temporali-768x768.jpg 768w, https:\/\/www.meteorage.com\/wp-content\/uploads\/2026\/04\/Alberto-Garutti-Temporali-1536x1536.jpg 1536w, https:\/\/www.meteorage.com\/wp-content\/uploads\/2026\/04\/Alberto-Garutti-Temporali-543x543.jpg 543w\" sizes=\"(max-width: 1654px) 100vw, 1654px\" \/>\t\t\t\t\t\t\t\t\t\t\t\t\t\t\t<\/div>\n\t\t\t\t<\/div>\n\t\t\t\t<\/div>\n\t\t\t\t<\/div>\n\t\t<div class=\"elementor-element elementor-element-3bebdcef e-con-full e-flex e-con e-parent\" data-id=\"3bebdcef\" data-element_type=\"container\" data-e-type=\"container\" data-settings=\"{&quot;background_background&quot;:&quot;gradient&quot;}\">\n\t\t<div class=\"elementor-element elementor-element-5ef414b4 e-con-full e-flex e-con e-child\" data-id=\"5ef414b4\" data-element_type=\"container\" data-e-type=\"container\">\n\t\t<div class=\"elementor-element elementor-element-36ba153e e-flex e-con-boxed e-con e-child\" data-id=\"36ba153e\" data-element_type=\"container\" data-e-type=\"container\">\n\t\t\t\t\t<div class=\"e-con-inner\">\n\t\t\t\t<div class=\"elementor-element elementor-element-4fdf129 elementor-widget elementor-widget-heading\" data-id=\"4fdf129\" data-element_type=\"widget\" data-e-type=\"widget\" data-widget_type=\"heading.default\">\n\t\t\t\t<div class=\"elementor-widget-container\">\n\t\t\t\t\t<h4 class=\"elementor-heading-title elementor-size-default\">Dauerinstallation \u2013 seit Oktober 2023\n<\/h4>\t\t\t\t<\/div>\n\t\t\t\t<\/div>\n\t\t\t\t<div class=\"elementor-element elementor-element-266cc9d6 animated-slow elementor-invisible elementor-widget elementor-widget-heading\" data-id=\"266cc9d6\" data-element_type=\"widget\" data-e-type=\"widget\" data-settings=\"{&quot;_animation&quot;:&quot;fadeIn&quot;}\" data-widget_type=\"heading.default\">\n\t\t\t\t<div class=\"elementor-widget-container\">\n\t\t\t\t\t<h2 class=\"elementor-heading-title elementor-size-default\">MAXXI \u2013 Rome <\/h2>\t\t\t\t<\/div>\n\t\t\t\t<\/div>\n\t\t\t\t<div class=\"elementor-element elementor-element-5675bb9f elementor-invisible elementor-widget elementor-widget-text-editor\" data-id=\"5675bb9f\" data-element_type=\"widget\" data-e-type=\"widget\" data-settings=\"{&quot;_animation&quot;:&quot;fadeIn&quot;,&quot;_animation_delay&quot;:200}\" data-widget_type=\"text-editor.default\">\n\t\t\t\t<div class=\"elementor-widget-container\">\n\t\t\t\t\t\t\t\t\t<p data-start=\"7217\" data-end=\"7322\">An der Fassade des MAXXI installiert, <em data-start=\"7255\" data-end=\"7266\">Temporali<\/em> entfaltet sich wie ein leuchtender Satz \u00fcber der Stadt.<\/p><p data-start=\"7324\" data-end=\"7441\">Jeder in Italien erkannte Blitz erh\u00f6ht kurz die Intensit\u00e4t der Inschrift. Das Gewitter, unsichtbar, wird wahrnehmbar.<\/p><p data-start=\"7443\" data-end=\"7591\">Das Werk schafft eine direkte Verbindung zwischen nat\u00fcrlicher Energie und Alltagserfahrung. Es erkennt das Gewitter nicht nur: es macht es sichtbar.<\/p><p data-start=\"7593\" data-end=\"7739\">Hier fungiert Kunst als stiller Vermittler zwischen Mensch und Welt und erinnert daran, dass der Himmel, auch wenn er fern ist, uns alle betrifft.<\/p><p data-start=\"7593\" data-end=\"7739\"><span class=\"a_GcMg font-feature-liga-off font-feature-clig-off font-feature-calt-off text-decoration-none text-strikethrough-none\">\u00a9 Melania Dalle Grave- DSL Studio, courtesy Fondazione MAXXI<\/span><\/p>\t\t\t\t\t\t\t\t<\/div>\n\t\t\t\t<\/div>\n\t\t\t\t<div class=\"elementor-element elementor-element-4b9db3ff elementor-mobile-align-justify animated-fast elementor-invisible elementor-widget elementor-widget-button\" data-id=\"4b9db3ff\" data-element_type=\"widget\" data-e-type=\"widget\" data-settings=\"{&quot;_animation&quot;:&quot;fadeIn&quot;,&quot;_animation_delay&quot;:400}\" data-widget_type=\"button.default\">\n\t\t\t\t<div class=\"elementor-widget-container\">\n\t\t\t\t\t\t\t\t\t<div class=\"elementor-button-wrapper\">\n\t\t\t\t\t<a class=\"elementor-button elementor-button-link elementor-size-sm elementor-animation-float\" href=\"https:\/\/www.maxxi.art\/events\/alberto-garutti\/\">\n\t\t\t\t\t\t<span class=\"elementor-button-content-wrapper\">\n\t\t\t\t\t\t\t\t\t<span class=\"elementor-button-text\">Ausstellung entdecken<\/span>\n\t\t\t\t\t<\/span>\n\t\t\t\t\t<\/a>\n\t\t\t\t<\/div>\n\t\t\t\t\t\t\t\t<\/div>\n\t\t\t\t<\/div>\n\t\t\t\t<div class=\"elementor-element elementor-element-4f604def elementor-widget elementor-widget-spacer\" data-id=\"4f604def\" data-element_type=\"widget\" data-e-type=\"widget\" data-widget_type=\"spacer.default\">\n\t\t\t\t<div class=\"elementor-widget-container\">\n\t\t\t\t\t\t\t<div class=\"elementor-spacer\">\n\t\t\t<div class=\"elementor-spacer-inner\"><\/div>\n\t\t<\/div>\n\t\t\t\t\t\t<\/div>\n\t\t\t\t<\/div>\n\t\t\t\t<div class=\"elementor-element elementor-element-741fd0dc elementor-widget elementor-widget-google_maps\" data-id=\"741fd0dc\" data-element_type=\"widget\" data-e-type=\"widget\" data-widget_type=\"google_maps.default\">\n\t\t\t\t<div class=\"elementor-widget-container\">\n\t\t\t\t\t\t\t<div class=\"elementor-custom-embed\">\n\t\t\t<iframe loading=\"lazy\"\n\t\t\t\t\tsrc=\"https:\/\/maps.google.com\/maps?q=Museo%20nazionale%20delle%20arti%20del%20XXI%20secolo&#038;t=m&#038;z=6&#038;output=embed&#038;iwloc=near\"\n\t\t\t\t\ttitle=\"Museo nazionale delle arti del XXI secolo\"\n\t\t\t\t\taria-label=\"Museo nazionale delle arti del XXI secolo\"\n\t\t\t><\/iframe>\n\t\t<\/div>\n\t\t\t\t\t\t<\/div>\n\t\t\t\t<\/div>\n\t\t\t\t\t<\/div>\n\t\t\t\t<\/div>\n\t\t\t\t<\/div>\n\t\t<div class=\"elementor-element elementor-element-316b3e23 e-con-full e-flex e-con e-child\" data-id=\"316b3e23\" data-element_type=\"container\" data-e-type=\"container\">\n\t\t\t\t<div class=\"elementor-element elementor-element-74bbf5fa elementor-invisible elementor-widget elementor-widget-image\" data-id=\"74bbf5fa\" data-element_type=\"widget\" data-e-type=\"widget\" data-settings=\"{&quot;motion_fx_motion_fx_scrolling&quot;:&quot;yes&quot;,&quot;motion_fx_translateY_effect&quot;:&quot;yes&quot;,&quot;motion_fx_translateY_direction&quot;:&quot;negative&quot;,&quot;motion_fx_translateY_speed&quot;:{&quot;unit&quot;:&quot;px&quot;,&quot;size&quot;:1.5,&quot;sizes&quot;:[]},&quot;_animation&quot;:&quot;slideInRight&quot;,&quot;motion_fx_translateY_affectedRange&quot;:{&quot;unit&quot;:&quot;%&quot;,&quot;size&quot;:&quot;&quot;,&quot;sizes&quot;:{&quot;start&quot;:0,&quot;end&quot;:100}},&quot;motion_fx_devices&quot;:[&quot;desktop&quot;,&quot;tablet_extra&quot;,&quot;tablet&quot;,&quot;mobile&quot;]}\" data-widget_type=\"image.default\">\n\t\t\t\t<div class=\"elementor-widget-container\">\n\t\t\t\t\t\t\t\t\t\t\t\t\t\t\t<img loading=\"lazy\" decoding=\"async\" width=\"1654\" height=\"1654\" src=\"https:\/\/www.meteorage.com\/wp-content\/uploads\/2026\/04\/Alberto-Garutti-@Melania-Dalle-Grave-DSL-Studio_MG_6199-Modifica.jpg\" class=\"attachment-full size-full wp-image-51931\" alt=\"\" srcset=\"https:\/\/www.meteorage.com\/wp-content\/uploads\/2026\/04\/Alberto-Garutti-@Melania-Dalle-Grave-DSL-Studio_MG_6199-Modifica.jpg 1654w, https:\/\/www.meteorage.com\/wp-content\/uploads\/2026\/04\/Alberto-Garutti-@Melania-Dalle-Grave-DSL-Studio_MG_6199-Modifica-300x300.jpg 300w, https:\/\/www.meteorage.com\/wp-content\/uploads\/2026\/04\/Alberto-Garutti-@Melania-Dalle-Grave-DSL-Studio_MG_6199-Modifica-1024x1024.jpg 1024w, https:\/\/www.meteorage.com\/wp-content\/uploads\/2026\/04\/Alberto-Garutti-@Melania-Dalle-Grave-DSL-Studio_MG_6199-Modifica-150x150.jpg 150w, https:\/\/www.meteorage.com\/wp-content\/uploads\/2026\/04\/Alberto-Garutti-@Melania-Dalle-Grave-DSL-Studio_MG_6199-Modifica-768x768.jpg 768w, https:\/\/www.meteorage.com\/wp-content\/uploads\/2026\/04\/Alberto-Garutti-@Melania-Dalle-Grave-DSL-Studio_MG_6199-Modifica-1536x1536.jpg 1536w, https:\/\/www.meteorage.com\/wp-content\/uploads\/2026\/04\/Alberto-Garutti-@Melania-Dalle-Grave-DSL-Studio_MG_6199-Modifica-543x543.jpg 543w\" sizes=\"(max-width: 1654px) 100vw, 1654px\" \/>\t\t\t\t\t\t\t\t\t\t\t\t\t\t\t<\/div>\n\t\t\t\t<\/div>\n\t\t\t\t<\/div>\n\t\t\t\t<\/div>\n\t\t<div class=\"elementor-element elementor-element-1e54f7ce e-flex e-con-boxed e-con e-parent\" data-id=\"1e54f7ce\" data-element_type=\"container\" data-e-type=\"container\">\n\t\t\t\t\t<div class=\"e-con-inner\">\n\t\t<div class=\"elementor-element elementor-element-d9343dc e-con-full e-flex e-con e-child\" data-id=\"d9343dc\" data-element_type=\"container\" data-e-type=\"container\">\n\t\t\t\t<div class=\"elementor-element elementor-element-373d12b5 elementor-widget elementor-widget-heading\" data-id=\"373d12b5\" data-element_type=\"widget\" data-e-type=\"widget\" data-widget_type=\"heading.default\">\n\t\t\t\t<div class=\"elementor-widget-container\">\n\t\t\t\t\t<h1 class=\"elementor-heading-title elementor-size-default\">Werke <\/br>\u201egewidmet jenen, die beim Vorbeigehen an den Himmel denken\u201c<\/h1>\t\t\t\t<\/div>\n\t\t\t\t<\/div>\n\t\t\t\t<div class=\"elementor-element elementor-element-72552a9a elementor-widget elementor-widget-text-editor\" data-id=\"72552a9a\" data-element_type=\"widget\" data-e-type=\"widget\" data-widget_type=\"text-editor.default\">\n\t\t\t\t<div class=\"elementor-widget-container\">\n\t\t\t\t\t\t\t\t\t<p><style>\na {<br \/>    text-decoration: none;<br \/>    color: #464feb;<br \/>}<br \/>tr th, tr td {<br \/>    border: 1px solid #e6e6e6;<br \/>}<br \/>tr th {<br \/>    background-color: #f5f5f5;<br \/>}<br \/><\/style><\/p><div><p data-start=\"7822\" data-end=\"7935\">Wir wollten <strong data-start=\"7834\" data-end=\"7853\">Alberto Garutti<\/strong>, italienischem K\u00fcnstler, Lehrer und Intellektuellen, einen letzten Tribut zollen.<\/p><p data-start=\"7937\" data-end=\"8140\">Unsere Wege kreuzten sich rund um das Werk <em data-start=\"7980\" data-end=\"7991\">Temporali<\/em> im Rahmen des Projekts <em data-start=\"8015\" data-end=\"8027\">Tre Soglie<\/em> in Ca\u2019 Corniani. Ein Werk aus Licht und Daten, das behutsam die Verbindung zwischen Kunst und Natur hinterfragt.<\/p><p data-start=\"8142\" data-end=\"8227\">Wir danken Alberto und dem Studio Alberto Garutti f\u00fcr diese wertvolle Zusammenarbeit.<\/p><\/div>\t\t\t\t\t\t\t\t<\/div>\n\t\t\t\t<\/div>\n\t\t\t\t<\/div>\n\t\t<div class=\"elementor-element elementor-element-66aeec95 e-con-full e-flex e-con e-child\" data-id=\"66aeec95\" data-element_type=\"container\" data-e-type=\"container\" data-settings=\"{&quot;background_background&quot;:&quot;classic&quot;}\">\n\t\t\t\t<div class=\"elementor-element elementor-element-122683d6 elementor-widget__width-initial elementor-view-default elementor-widget elementor-widget-icon\" data-id=\"122683d6\" data-element_type=\"widget\" data-e-type=\"widget\" data-widget_type=\"icon.default\">\n\t\t\t\t<div class=\"elementor-widget-container\">\n\t\t\t\t\t\t\t<div class=\"elementor-icon-wrapper\">\n\t\t\t<div class=\"elementor-icon\">\n\t\t\t<svg xmlns=\"http:\/\/www.w3.org\/2000\/svg\" viewBox=\"0 0 25 22\"><path d=\"M24.846.345v4.16c-.996.087-1.906.477-2.73 1.17-.78.694-1.408 1.582-1.884 2.665-.434 1.04-.65 2.188-.65 3.445h5.07v10.01H14.315V12.89c0-2.73.477-4.983 1.43-6.76.997-1.776 2.297-3.141 3.9-4.095a12.275 12.275 0 0 1 5.2-1.69Zm-14.104 0v4.16c-.997.087-1.907.477-2.73 1.17-.78.694-1.409 1.582-1.886 2.665-.433 1.04-.65 2.188-.65 3.445h5.006v10.01H.146V12.89c0-2.73.499-4.983 1.495-6.76.997-1.776 2.297-3.141 3.9-4.095a12.275 12.275 0 0 1 5.2-1.69Z\"><\/path><\/svg>\t\t\t<\/div>\n\t\t<\/div>\n\t\t\t\t\t\t<\/div>\n\t\t\t\t<\/div>\n\t\t\t\t<div class=\"elementor-element elementor-element-7c503b23 elementor-widget__width-initial elementor-widget-tablet__width-inherit elementor-testimonial--skin-default elementor-testimonial--layout-image_inline elementor-testimonial--align-center elementor-arrows-yes elementor-pagination-type-bullets elementor-widget elementor-widget-testimonial-carousel\" data-id=\"7c503b23\" data-element_type=\"widget\" data-e-type=\"widget\" data-settings=\"{&quot;show_arrows&quot;:&quot;yes&quot;,&quot;pagination&quot;:&quot;bullets&quot;,&quot;speed&quot;:500,&quot;autoplay&quot;:&quot;yes&quot;,&quot;autoplay_speed&quot;:5000,&quot;loop&quot;:&quot;yes&quot;,&quot;pause_on_hover&quot;:&quot;yes&quot;,&quot;pause_on_interaction&quot;:&quot;yes&quot;,&quot;space_between&quot;:{&quot;unit&quot;:&quot;px&quot;,&quot;size&quot;:10,&quot;sizes&quot;:[]},&quot;space_between_tablet_extra&quot;:{&quot;unit&quot;:&quot;px&quot;,&quot;size&quot;:10,&quot;sizes&quot;:[]},&quot;space_between_tablet&quot;:{&quot;unit&quot;:&quot;px&quot;,&quot;size&quot;:10,&quot;sizes&quot;:[]},&quot;space_between_mobile&quot;:{&quot;unit&quot;:&quot;px&quot;,&quot;size&quot;:10,&quot;sizes&quot;:[]}}\" data-widget_type=\"testimonial-carousel.default\">\n\t\t\t\t<div class=\"elementor-widget-container\">\n\t\t\t\t\t\t\t\t\t<div class=\"elementor-swiper\">\n\t\t\t\t\t<div class=\"elementor-main-swiper swiper\" role=\"region\" aria-roledescription=\"carousel\" aria-label=\"Diapositives\">\n\t\t\t\t<div class=\"swiper-wrapper\">\n\t\t\t\t\t\t\t\t\t\t\t<div class=\"swiper-slide\" role=\"group\" aria-roledescription=\"slide\">\n\t\t\t\t\t\t\t\t\t<div class=\"elementor-testimonial\">\n\t\t\t\t\t\t\t<div class=\"elementor-testimonial__content\">\n\t\t\t\t\t<div class=\"elementor-testimonial__text\">\n\t\t\t\t\t\tQueste luci vibreranno quando in Italia un fulmine cadr\u00e0 durante i temporali.<\/br>\nQuest'opera \u00e8 dedicata a chi passando di qui penser\u00e0 al cielo.\t\t\t\t\t<\/div>\n\t\t\t\t\t\t\t\t\t<\/div>\n\t\t\t\t\t\t<div class=\"elementor-testimonial__footer\">\n\t\t\t\t\t\t\t\t<cite class=\"elementor-testimonial__cite\"><span class=\"elementor-testimonial__name\">Alberto Garutti<\/span><span class=\"elementor-testimonial__title\">italienischer K\u00fcnstler und Intellektueller<\/span><\/cite>\t\t\t<\/div>\n\t\t<\/div>\n\t\t\t\t\t\t\t\t<\/div>\n\t\t\t\t\t\t\t\t\t<\/div>\n\t\t\t\t\t\t\t<\/div>\n\t\t\t\t<\/div>\n\t\t\t\t\t\t\t\t<\/div>\n\t\t\t\t<\/div>\n\t\t\t\t<\/div>\n\t\t\t\t\t<\/div>\n\t\t\t\t<\/div>\n\t\t\t\t<\/div>\n\t\t","protected":false},"featured_media":51913,"template":"","blog_category":[332],"class_list":["post-52019","blog","type-blog","status-publish","has-post-thumbnail","hentry","blog_category-unternehmen"],"acf":[],"yoast_head":"<!-- This site is optimized with the Yoast SEO plugin v27.5 - https:\/\/yoast.com\/product\/yoast-seo-wordpress\/ -->\n<title>Alberto Garutti: Werke, die im Rhythmus der Gewitter leben - METEORAGE<\/title>\n<meta name=\"description\" content=\"Entdecken Sie die Installationen von Alberto Garutti, die sich bei jedem Blitz in Italien erleuchten. Zwischen Kunst und Wissenschaft verwandeln diese dauerhaften und tempor\u00e4ren Werke den Himmel in ein poetisches und immersives Erlebnis.\" \/>\n<meta name=\"robots\" content=\"index, follow, max-snippet:-1, max-image-preview:large, max-video-preview:-1\" \/>\n<link rel=\"canonical\" href=\"https:\/\/www.meteorage.com\/de\/meteorage-live\/alberto-garutti-blitz-werke\/\" \/>\n<meta property=\"og:locale\" content=\"de_DE\" \/>\n<meta property=\"og:type\" content=\"article\" \/>\n<meta property=\"og:title\" content=\"Alberto Garutti: Werke, die im Rhythmus der Gewitter leben - METEORAGE\" \/>\n<meta property=\"og:description\" content=\"Entdecken Sie die Installationen von Alberto Garutti, die sich bei jedem Blitz in Italien erleuchten. Zwischen Kunst und Wissenschaft verwandeln diese dauerhaften und tempor\u00e4ren Werke den Himmel in ein poetisches und immersives Erlebnis.\" \/>\n<meta property=\"og:url\" content=\"https:\/\/www.meteorage.com\/de\/meteorage-live\/alberto-garutti-blitz-werke\/\" \/>\n<meta property=\"og:site_name\" content=\"METEORAGE\" \/>\n<meta property=\"article:modified_time\" content=\"2026-04-13T07:38:19+00:00\" \/>\n<meta property=\"og:image\" content=\"https:\/\/www.meteorage.com\/wp-content\/uploads\/2026\/04\/Alberto-Garutti-Temporali-2015-e1775811943185.jpg\" \/>\n\t<meta property=\"og:image:width\" content=\"1654\" \/>\n\t<meta property=\"og:image:height\" content=\"1654\" \/>\n\t<meta property=\"og:image:type\" content=\"image\/jpeg\" \/>\n<meta name=\"twitter:card\" content=\"summary_large_image\" \/>\n<meta name=\"twitter:label1\" content=\"Gesch\u00e4tzte Lesezeit\" \/>\n\t<meta name=\"twitter:data1\" content=\"5\u00a0Minuten\" \/>\n<script type=\"application\/ld+json\" class=\"yoast-schema-graph\">{\"@context\":\"https:\\\/\\\/schema.org\",\"@graph\":[{\"@type\":\"WebPage\",\"@id\":\"https:\\\/\\\/www.meteorage.com\\\/de\\\/meteorage-live\\\/alberto-garutti-blitz-werke\\\/\",\"url\":\"https:\\\/\\\/www.meteorage.com\\\/de\\\/meteorage-live\\\/alberto-garutti-blitz-werke\\\/\",\"name\":\"Alberto Garutti: Werke, die im Rhythmus der Gewitter leben - METEORAGE\",\"isPartOf\":{\"@id\":\"https:\\\/\\\/www.meteorage.com\\\/de\\\/#website\"},\"primaryImageOfPage\":{\"@id\":\"https:\\\/\\\/www.meteorage.com\\\/de\\\/meteorage-live\\\/alberto-garutti-blitz-werke\\\/#primaryimage\"},\"image\":{\"@id\":\"https:\\\/\\\/www.meteorage.com\\\/de\\\/meteorage-live\\\/alberto-garutti-blitz-werke\\\/#primaryimage\"},\"thumbnailUrl\":\"https:\\\/\\\/www.meteorage.com\\\/wp-content\\\/uploads\\\/2026\\\/04\\\/Alberto-Garutti-Temporali-2015-e1775811943185.jpg\",\"datePublished\":\"2026-04-10T09:28:00+00:00\",\"dateModified\":\"2026-04-13T07:38:19+00:00\",\"description\":\"Entdecken Sie die Installationen von Alberto Garutti, die sich bei jedem Blitz in Italien erleuchten. Zwischen Kunst und Wissenschaft verwandeln diese dauerhaften und tempor\u00e4ren Werke den Himmel in ein poetisches und immersives Erlebnis.\",\"breadcrumb\":{\"@id\":\"https:\\\/\\\/www.meteorage.com\\\/de\\\/meteorage-live\\\/alberto-garutti-blitz-werke\\\/#breadcrumb\"},\"inLanguage\":\"de\",\"potentialAction\":[{\"@type\":\"ReadAction\",\"target\":[\"https:\\\/\\\/www.meteorage.com\\\/de\\\/meteorage-live\\\/alberto-garutti-blitz-werke\\\/\"]}]},{\"@type\":\"ImageObject\",\"inLanguage\":\"de\",\"@id\":\"https:\\\/\\\/www.meteorage.com\\\/de\\\/meteorage-live\\\/alberto-garutti-blitz-werke\\\/#primaryimage\",\"url\":\"https:\\\/\\\/www.meteorage.com\\\/wp-content\\\/uploads\\\/2026\\\/04\\\/Alberto-Garutti-Temporali-2015-e1775811943185.jpg\",\"contentUrl\":\"https:\\\/\\\/www.meteorage.com\\\/wp-content\\\/uploads\\\/2026\\\/04\\\/Alberto-Garutti-Temporali-2015-e1775811943185.jpg\",\"width\":1654,\"height\":1654},{\"@type\":\"BreadcrumbList\",\"@id\":\"https:\\\/\\\/www.meteorage.com\\\/de\\\/meteorage-live\\\/alberto-garutti-blitz-werke\\\/#breadcrumb\",\"itemListElement\":[{\"@type\":\"ListItem\",\"position\":1,\"name\":\"Accueil\",\"item\":\"https:\\\/\\\/www.meteorage.com\\\/de\\\/\"},{\"@type\":\"ListItem\",\"position\":2,\"name\":\"Alberto Garutti: Werke, die im Rhythmus der Gewitter leben\"}]},{\"@type\":\"WebSite\",\"@id\":\"https:\\\/\\\/www.meteorage.com\\\/de\\\/#website\",\"url\":\"https:\\\/\\\/www.meteorage.com\\\/de\\\/\",\"name\":\"METEORAGE\",\"description\":\"\",\"publisher\":{\"@id\":\"https:\\\/\\\/www.meteorage.com\\\/de\\\/#organization\"},\"potentialAction\":[{\"@type\":\"SearchAction\",\"target\":{\"@type\":\"EntryPoint\",\"urlTemplate\":\"https:\\\/\\\/www.meteorage.com\\\/de\\\/?s={search_term_string}\"},\"query-input\":{\"@type\":\"PropertyValueSpecification\",\"valueRequired\":true,\"valueName\":\"search_term_string\"}}],\"inLanguage\":\"de\"},{\"@type\":\"Organization\",\"@id\":\"https:\\\/\\\/www.meteorage.com\\\/de\\\/#organization\",\"name\":\"METEORAGE\",\"url\":\"https:\\\/\\\/www.meteorage.com\\\/de\\\/\",\"logo\":{\"@type\":\"ImageObject\",\"inLanguage\":\"de\",\"@id\":\"https:\\\/\\\/www.meteorage.com\\\/de\\\/#\\\/schema\\\/logo\\\/image\\\/\",\"url\":\"https:\\\/\\\/www.meteorage.com\\\/wp-content\\\/uploads\\\/2025\\\/10\\\/02.-Logo-METEORAGE-horizontal-blanc.png.webp\",\"contentUrl\":\"https:\\\/\\\/www.meteorage.com\\\/wp-content\\\/uploads\\\/2025\\\/10\\\/02.-Logo-METEORAGE-horizontal-blanc.png.webp\",\"width\":2445,\"height\":501,\"caption\":\"METEORAGE\"},\"image\":{\"@id\":\"https:\\\/\\\/www.meteorage.com\\\/de\\\/#\\\/schema\\\/logo\\\/image\\\/\"}}]}<\/script>\n<!-- \/ Yoast SEO plugin. -->","yoast_head_json":{"title":"Alberto Garutti: Werke, die im Rhythmus der Gewitter leben - METEORAGE","description":"Entdecken Sie die Installationen von Alberto Garutti, die sich bei jedem Blitz in Italien erleuchten. Zwischen Kunst und Wissenschaft verwandeln diese dauerhaften und tempor\u00e4ren Werke den Himmel in ein poetisches und immersives Erlebnis.","robots":{"index":"index","follow":"follow","max-snippet":"max-snippet:-1","max-image-preview":"max-image-preview:large","max-video-preview":"max-video-preview:-1"},"canonical":"https:\/\/www.meteorage.com\/de\/meteorage-live\/alberto-garutti-blitz-werke\/","og_locale":"de_DE","og_type":"article","og_title":"Alberto Garutti: Werke, die im Rhythmus der Gewitter leben - METEORAGE","og_description":"Entdecken Sie die Installationen von Alberto Garutti, die sich bei jedem Blitz in Italien erleuchten. Zwischen Kunst und Wissenschaft verwandeln diese dauerhaften und tempor\u00e4ren Werke den Himmel in ein poetisches und immersives Erlebnis.","og_url":"https:\/\/www.meteorage.com\/de\/meteorage-live\/alberto-garutti-blitz-werke\/","og_site_name":"METEORAGE","article_modified_time":"2026-04-13T07:38:19+00:00","og_image":[{"width":1654,"height":1654,"url":"https:\/\/www.meteorage.com\/wp-content\/uploads\/2026\/04\/Alberto-Garutti-Temporali-2015-e1775811943185.jpg","type":"image\/jpeg"}],"twitter_card":"summary_large_image","twitter_misc":{"Gesch\u00e4tzte Lesezeit":"5\u00a0Minuten"},"schema":{"@context":"https:\/\/schema.org","@graph":[{"@type":"WebPage","@id":"https:\/\/www.meteorage.com\/de\/meteorage-live\/alberto-garutti-blitz-werke\/","url":"https:\/\/www.meteorage.com\/de\/meteorage-live\/alberto-garutti-blitz-werke\/","name":"Alberto Garutti: Werke, die im Rhythmus der Gewitter leben - METEORAGE","isPartOf":{"@id":"https:\/\/www.meteorage.com\/de\/#website"},"primaryImageOfPage":{"@id":"https:\/\/www.meteorage.com\/de\/meteorage-live\/alberto-garutti-blitz-werke\/#primaryimage"},"image":{"@id":"https:\/\/www.meteorage.com\/de\/meteorage-live\/alberto-garutti-blitz-werke\/#primaryimage"},"thumbnailUrl":"https:\/\/www.meteorage.com\/wp-content\/uploads\/2026\/04\/Alberto-Garutti-Temporali-2015-e1775811943185.jpg","datePublished":"2026-04-10T09:28:00+00:00","dateModified":"2026-04-13T07:38:19+00:00","description":"Entdecken Sie die Installationen von Alberto Garutti, die sich bei jedem Blitz in Italien erleuchten. Zwischen Kunst und Wissenschaft verwandeln diese dauerhaften und tempor\u00e4ren Werke den Himmel in ein poetisches und immersives Erlebnis.","breadcrumb":{"@id":"https:\/\/www.meteorage.com\/de\/meteorage-live\/alberto-garutti-blitz-werke\/#breadcrumb"},"inLanguage":"de","potentialAction":[{"@type":"ReadAction","target":["https:\/\/www.meteorage.com\/de\/meteorage-live\/alberto-garutti-blitz-werke\/"]}]},{"@type":"ImageObject","inLanguage":"de","@id":"https:\/\/www.meteorage.com\/de\/meteorage-live\/alberto-garutti-blitz-werke\/#primaryimage","url":"https:\/\/www.meteorage.com\/wp-content\/uploads\/2026\/04\/Alberto-Garutti-Temporali-2015-e1775811943185.jpg","contentUrl":"https:\/\/www.meteorage.com\/wp-content\/uploads\/2026\/04\/Alberto-Garutti-Temporali-2015-e1775811943185.jpg","width":1654,"height":1654},{"@type":"BreadcrumbList","@id":"https:\/\/www.meteorage.com\/de\/meteorage-live\/alberto-garutti-blitz-werke\/#breadcrumb","itemListElement":[{"@type":"ListItem","position":1,"name":"Accueil","item":"https:\/\/www.meteorage.com\/de\/"},{"@type":"ListItem","position":2,"name":"Alberto Garutti: Werke, die im Rhythmus der Gewitter leben"}]},{"@type":"WebSite","@id":"https:\/\/www.meteorage.com\/de\/#website","url":"https:\/\/www.meteorage.com\/de\/","name":"METEORAGE","description":"","publisher":{"@id":"https:\/\/www.meteorage.com\/de\/#organization"},"potentialAction":[{"@type":"SearchAction","target":{"@type":"EntryPoint","urlTemplate":"https:\/\/www.meteorage.com\/de\/?s={search_term_string}"},"query-input":{"@type":"PropertyValueSpecification","valueRequired":true,"valueName":"search_term_string"}}],"inLanguage":"de"},{"@type":"Organization","@id":"https:\/\/www.meteorage.com\/de\/#organization","name":"METEORAGE","url":"https:\/\/www.meteorage.com\/de\/","logo":{"@type":"ImageObject","inLanguage":"de","@id":"https:\/\/www.meteorage.com\/de\/#\/schema\/logo\/image\/","url":"https:\/\/www.meteorage.com\/wp-content\/uploads\/2025\/10\/02.-Logo-METEORAGE-horizontal-blanc.png.webp","contentUrl":"https:\/\/www.meteorage.com\/wp-content\/uploads\/2025\/10\/02.-Logo-METEORAGE-horizontal-blanc.png.webp","width":2445,"height":501,"caption":"METEORAGE"},"image":{"@id":"https:\/\/www.meteorage.com\/de\/#\/schema\/logo\/image\/"}}]}},"_links":{"self":[{"href":"https:\/\/www.meteorage.com\/de\/wp-json\/wp\/v2\/blog\/52019","targetHints":{"allow":["GET"]}}],"collection":[{"href":"https:\/\/www.meteorage.com\/de\/wp-json\/wp\/v2\/blog"}],"about":[{"href":"https:\/\/www.meteorage.com\/de\/wp-json\/wp\/v2\/types\/blog"}],"version-history":[{"count":0,"href":"https:\/\/www.meteorage.com\/de\/wp-json\/wp\/v2\/blog\/52019\/revisions"}],"wp:featuredmedia":[{"embeddable":true,"href":"https:\/\/www.meteorage.com\/de\/wp-json\/wp\/v2\/media\/51913"}],"wp:attachment":[{"href":"https:\/\/www.meteorage.com\/de\/wp-json\/wp\/v2\/media?parent=52019"}],"wp:term":[{"taxonomy":"blog_category","embeddable":true,"href":"https:\/\/www.meteorage.com\/de\/wp-json\/wp\/v2\/blog_category?post=52019"}],"curies":[{"name":"wp","href":"https:\/\/api.w.org\/{rel}","templated":true}]}}