{"id":52713,"date":"2026-07-02T09:19:46","date_gmt":"2026-07-02T07:19:46","guid":{"rendered":"https:\/\/www.meteorage.com\/?post_type=presse&#038;p=52713"},"modified":"2026-07-02T09:37:54","modified_gmt":"2026-07-02T07:37:54","slug":"gewitter-hitzewelle-fallstudie-juni-2026","status":"publish","type":"presse","link":"https:\/\/www.meteorage.com\/de\/pressebereich\/gewitter-hitzewelle-fallstudie-juni-2026\/","title":{"rendered":"Gewitter nach der Hitzewelle: Analyse eines der elektrisch aktivsten Ereignisse der Saison"},"content":{"rendered":"\t\t<div data-elementor-type=\"wp-post\" data-elementor-id=\"52713\" class=\"elementor elementor-52713 elementor-52712\" data-elementor-post-type=\"presse\">\n\t\t\t\t<div class=\"elementor-element elementor-element-69e1f8da e-con-full e-flex e-con e-parent\" data-id=\"69e1f8da\" data-element_type=\"container\" data-e-type=\"container\">\n\t\t<div class=\"elementor-element elementor-element-5f8cf3d2 e-con-full banner-type-detail e-flex e-con e-child\" data-id=\"5f8cf3d2\" data-element_type=\"container\" data-e-type=\"container\" data-settings=\"{&quot;background_background&quot;:&quot;classic&quot;}\">\n\t\t\t\t<div class=\"elementor-element elementor-element-2cb9833a elementor-widget elementor-widget-spacer\" data-id=\"2cb9833a\" data-element_type=\"widget\" data-e-type=\"widget\" data-widget_type=\"spacer.default\">\n\t\t\t\t<div class=\"elementor-widget-container\">\n\t\t\t\t\t\t\t<div class=\"elementor-spacer\">\n\t\t\t<div class=\"elementor-spacer-inner\"><\/div>\n\t\t<\/div>\n\t\t\t\t\t\t<\/div>\n\t\t\t\t<\/div>\n\t\t<div class=\"elementor-element elementor-element-2e39887c banner-content e-flex e-con-boxed e-con e-child\" data-id=\"2e39887c\" data-element_type=\"container\" data-e-type=\"container\">\n\t\t\t\t\t<div class=\"e-con-inner\">\n\t\t\t\t<div class=\"elementor-element elementor-element-506ff8f elementor-widget elementor-widget-spacer\" data-id=\"506ff8f\" data-element_type=\"widget\" data-e-type=\"widget\" data-widget_type=\"spacer.default\">\n\t\t\t\t<div class=\"elementor-widget-container\">\n\t\t\t\t\t\t\t<div class=\"elementor-spacer\">\n\t\t\t<div class=\"elementor-spacer-inner\"><\/div>\n\t\t<\/div>\n\t\t\t\t\t\t<\/div>\n\t\t\t\t<\/div>\n\t\t\t\t<div class=\"elementor-element elementor-element-4b5c2d72 elementor-widget elementor-widget-heading\" data-id=\"4b5c2d72\" data-element_type=\"widget\" data-e-type=\"widget\" data-widget_type=\"heading.default\">\n\t\t\t\t<div class=\"elementor-widget-container\">\n\t\t\t\t\t<h1 class=\"elementor-heading-title elementor-size-default\">Gewitter am Ende der Hitzewelle: Analyse eines der elektrisch aktivsten Ereignisse der Saison\n<\/h1>\t\t\t\t<\/div>\n\t\t\t\t<\/div>\n\t\t\t\t<div class=\"elementor-element elementor-element-528f34ac elementor-widget__width-initial elementor-widget elementor-widget-text-editor\" data-id=\"528f34ac\" data-element_type=\"widget\" data-e-type=\"widget\" data-widget_type=\"text-editor.default\">\n\t\t\t\t<div class=\"elementor-widget-container\">\n\t\t\t\t\t\t\t\t\t<p><style>\na {\n    text-decoration: none;\n    color: #464feb;\n}\ntr th, tr td {\n    border: 1px solid #e6e6e6;\n}\ntr th {\n    background-color: #f5f5f5;\n}\n<\/style><\/p><div><p>Das Wochenende vom <strong>27. und 28. Juni 2026<\/strong> hat Eindruck hinterlassen.<\/p><p>Ein Blitzschlag auf den Eiffelturm, spektakul\u00e4re Bilder in den Medien und ein Himmel, der vielerorts in Westeuropa zu brennen schien&#8230; Doch hinter diesen eindrucksvollen Bildern zeigte das Ereignis auch, wie ein Gewitter gleichzeitig zahlreiche Wirtschafts- und Infrastrukturbereiche beeintr\u00e4chtigen kann.<\/p><p><strong>Was ist also tats\u00e4chlich passiert?<\/strong><\/p><\/div>\t\t\t\t\t\t\t\t<\/div>\n\t\t\t\t<\/div>\n\t\t\t\t<div class=\"elementor-element elementor-element-7a3b8945 elementor-align-center elementor-widget elementor-widget-ube-button\" data-id=\"7a3b8945\" data-element_type=\"widget\" data-e-type=\"widget\" data-widget_type=\"ube-button.default\">\n\t\t\t\t<div class=\"elementor-widget-container\">\n\t\t\t\t\t<a class=\"ube-btn btn btn-md btn- btn-link\" href=\"https:\/\/www.meteorage.com\/press-room\/\" target=\"_blank\" id=\"return-link\">\n\t    <span class=\"ube-btn-text\">&lt; back to Press Room<\/span>\n\t<\/a>\n\n\n\t\t\t\t<\/div>\n\t\t\t\t<\/div>\n\t\t\t\t<div class=\"elementor-element elementor-element-352450ff text-center elementor-widget elementor-widget-shortcode\" data-id=\"352450ff\" data-element_type=\"widget\" data-e-type=\"widget\" data-widget_type=\"shortcode.default\">\n\t\t\t\t<div class=\"elementor-widget-container\">\n\t\t\t\t\t\t\t<div class=\"elementor-shortcode\"><div class=\"press-date\"><i class=\"fa-regular fa-calendar\"><\/i>02 Juli 2026<\/div><\/div>\n\t\t\t\t\t\t<\/div>\n\t\t\t\t<\/div>\n\t\t\t\t\t<\/div>\n\t\t\t\t<\/div>\n\t\t\t\t<\/div>\n\t\t\t\t<\/div>\n\t\t<div class=\"elementor-element elementor-element-5d61411 e-flex e-con-boxed e-con e-parent\" data-id=\"5d61411\" data-element_type=\"container\" data-e-type=\"container\">\n\t\t\t\t\t<div class=\"e-con-inner\">\n\t\t\t\t<div class=\"elementor-element elementor-element-dcbb1ac elementor-widget elementor-widget-text-editor\" data-id=\"dcbb1ac\" data-element_type=\"widget\" data-e-type=\"widget\" data-widget_type=\"text-editor.default\">\n\t\t\t\t<div class=\"elementor-widget-container\">\n\t\t\t\t\t\t\t\t\t<p><style>\na {<br \/>\n    text-decoration: none;<br \/>\n    color: #464feb;<br \/>\n}<br \/>\ntr th, tr td {<br \/>\n    border: 1px solid #e6e6e6;<br \/>\n}<br \/>\ntr th {<br \/>\n    background-color: #f5f5f5;<br \/>\n}<br \/>\n<\/style><\/p><div><p><style>\na {\n    text-decoration: none;\n    color: #464feb;\n}\ntr th, tr td {\n    border: 1px solid #e6e6e6;\n}\ntr th {\n    background-color: #f5f5f5;\n}\n<\/style><\/p><div><p>Bei <strong>Meteorage, einer Tochtergesellschaft von M\u00e9t\u00e9o-France und europ\u00e4ischem Experten f\u00fcr Blitzortung<\/strong>, haben wir dieses Ereignis gemeinsam mit unserem Meteorologie-Experten <strong>Joris Royet<\/strong> analysiert, um die Mechanismen hinter einem der bedeutendsten Gewitterausbr\u00fcche der Saison besser zu verstehen.<\/p><p>Am <strong>27. Juni 2026<\/strong> registrierte unser Netzwerk innerhalb von weniger als 12 Stunden <strong>147.950 Lightning Flashes<\/strong> \u00fcber Frankreich, die Benelux-L\u00e4nder und Westdeutschland.<\/p><p>\u00dcber das gesamte Wochenende hinweg wurden <strong>nahezu 1,9 Millionen Lightning Flashes<\/strong> erfasst und <strong>3.618 Gewitterwarnungen<\/strong> f\u00fcr unsere Kunden in Westeuropa ausgel\u00f6st.<\/p><p>\u00dcber die au\u00dfergew\u00f6hnliche elektrische Aktivit\u00e4t hinaus hatte das Ereignis Auswirkungen auf zahlreiche Bereiche:<\/p><ul><li>Stromnetze,<\/li><li>Schienen- und Luftverkehr,<\/li><li>\u00f6ffentliche Veranstaltungen,<\/li><li>Aktivit\u00e4ten im Freien,<\/li><li>Industrieanlagen und kritische Infrastrukturen.<\/li><\/ul><p>F\u00fcr betroffene Organisationen besteht die Herausforderung darin, die Zugbahn eines Gewitters m\u00f6glichst genau zu verfolgen, um Menschen zu sch\u00fctzen und gleichzeitig betriebliche Auswirkungen zu begrenzen.<\/p><p>Wann sollten Aktivit\u00e4ten unterbrochen werden? Wie lassen sich Menschen und Anlagen sch\u00fctzen? Wann k\u00f6nnen Arbeiten sicher wieder aufgenommen werden? Und wie lassen sich Sch\u00e4den nach dem Ereignis dokumentieren?<\/p><p>Echtzeitwarnungen, Visualisierungstools und Schadensberichte unterst\u00fctzen diese Entscheidungen und helfen dabei, betroffene Bereiche schnell zu identifizieren, um Inspektionen, Wartungsarbeiten und die Wiederaufnahme des Betriebs effizienter zu gestalten.<\/p><p><strong>Welche atmosph\u00e4rischen Bedingungen f\u00fchrten zu einer derart au\u00dfergew\u00f6hnlichen elektrischen Aktivit\u00e4t?<\/strong><\/p><\/div><\/div>\t\t\t\t\t\t\t\t<\/div>\n\t\t\t\t<\/div>\n\t\t\t\t<div class=\"elementor-element elementor-element-82bc0c8 elementor-widget elementor-widget-button\" data-id=\"82bc0c8\" data-element_type=\"widget\" data-e-type=\"widget\" data-widget_type=\"button.default\">\n\t\t\t\t<div class=\"elementor-widget-container\">\n\t\t\t\t\t\t\t\t\t<div class=\"elementor-button-wrapper\">\n\t\t\t\t\t<a class=\"elementor-button elementor-button-link elementor-size-lg\" href=\"https:\/\/www.meteorage.com\/wp-content\/uploads\/2026\/07\/PR-Meteorage-Heatwave-breaking-thunderstorms-July-1-2026-EN.pdf\" target=\"_blank\">\n\t\t\t\t\t\t<span class=\"elementor-button-content-wrapper\">\n\t\t\t\t\t\t\t\t\t<span class=\"elementor-button-text\">Pressemitteilung auf Englisch lesen<\/span>\n\t\t\t\t\t<\/span>\n\t\t\t\t\t<\/a>\n\t\t\t\t<\/div>\n\t\t\t\t\t\t\t\t<\/div>\n\t\t\t\t<\/div>\n\t\t\t\t\t<\/div>\n\t\t\t\t<\/div>\n\t\t\t\t<\/div>\n\t\t","protected":false},"excerpt":{"rendered":"<p>Am 27. Juni 2026 wurden innerhalb von weniger als 12 Stunden fast 150.000 Blitze \u00fcber Frankreich, die Benelux-L\u00e4nder und Westdeutschland registriert. Entdecken Sie die Analyse unserer Experten zu diesem au\u00dfergew\u00f6hnlichen Gewitterereignis.<\/p>\n","protected":false},"featured_media":52720,"template":"","press_sector":[379],"class_list":["post-52713","presse","type-presse","status-publish","has-post-thumbnail","hentry","press_sector-wettervorhersage"],"acf":[],"yoast_head":"<!-- This site is optimized with the Yoast SEO plugin v28.4 - https:\/\/yoast.com\/product\/yoast-seo-wordpress\/ -->\n<title>Gewitter nach der Hitzewelle: Was geschah?<\/title>\n<meta name=\"description\" content=\"Analyse eines au\u00dfergew\u00f6hnlichen Gewitterausbruchs und seiner Auswirkungen auf Infrastruktur, Verkehr und \u00f6ffentliche Aktivit\u00e4ten.\" \/>\n<meta name=\"robots\" content=\"index, follow, max-snippet:-1, max-image-preview:large, max-video-preview:-1\" \/>\n<link rel=\"canonical\" href=\"https:\/\/www.meteorage.com\/de\/pressebereich\/gewitter-hitzewelle-fallstudie-juni-2026\/\" \/>\n<meta property=\"og:locale\" content=\"de_DE\" \/>\n<meta property=\"og:type\" content=\"article\" \/>\n<meta property=\"og:title\" content=\"Gewitter nach der Hitzewelle: Was geschah?\" \/>\n<meta property=\"og:description\" content=\"Analyse eines au\u00dfergew\u00f6hnlichen Gewitterausbruchs und seiner Auswirkungen auf Infrastruktur, Verkehr und \u00f6ffentliche Aktivit\u00e4ten.\" \/>\n<meta property=\"og:url\" content=\"https:\/\/www.meteorage.com\/de\/pressebereich\/gewitter-hitzewelle-fallstudie-juni-2026\/\" \/>\n<meta property=\"og:site_name\" content=\"METEORAGE\" \/>\n<meta property=\"article:modified_time\" content=\"2026-07-02T07:37:54+00:00\" \/>\n<meta property=\"og:image\" content=\"https:\/\/www.meteorage.com\/wp-content\/uploads\/2026\/07\/Design-sans-titre-52.png\" \/>\n\t<meta property=\"og:image:width\" content=\"2000\" \/>\n\t<meta property=\"og:image:height\" content=\"2000\" \/>\n\t<meta property=\"og:image:type\" content=\"image\/png\" \/>\n<meta name=\"twitter:card\" content=\"summary_large_image\" \/>\n<meta name=\"twitter:label1\" content=\"Gesch\u00e4tzte Lesezeit\" \/>\n\t<meta name=\"twitter:data1\" content=\"2\u00a0Minuten\" \/>\n<script type=\"application\/ld+json\" class=\"yoast-schema-graph\">{\"@context\":\"https:\\\/\\\/schema.org\",\"@graph\":[{\"@type\":\"WebPage\",\"@id\":\"https:\\\/\\\/www.meteorage.com\\\/de\\\/pressebereich\\\/gewitter-hitzewelle-fallstudie-juni-2026\\\/\",\"url\":\"https:\\\/\\\/www.meteorage.com\\\/de\\\/pressebereich\\\/gewitter-hitzewelle-fallstudie-juni-2026\\\/\",\"name\":\"Gewitter nach der Hitzewelle: Was geschah?\",\"isPartOf\":{\"@id\":\"https:\\\/\\\/www.meteorage.com\\\/de\\\/#website\"},\"primaryImageOfPage\":{\"@id\":\"https:\\\/\\\/www.meteorage.com\\\/de\\\/pressebereich\\\/gewitter-hitzewelle-fallstudie-juni-2026\\\/#primaryimage\"},\"image\":{\"@id\":\"https:\\\/\\\/www.meteorage.com\\\/de\\\/pressebereich\\\/gewitter-hitzewelle-fallstudie-juni-2026\\\/#primaryimage\"},\"thumbnailUrl\":\"https:\\\/\\\/www.meteorage.com\\\/wp-content\\\/uploads\\\/2026\\\/07\\\/Design-sans-titre-52.png\",\"datePublished\":\"2026-07-02T07:19:46+00:00\",\"dateModified\":\"2026-07-02T07:37:54+00:00\",\"description\":\"Analyse eines au\u00dfergew\u00f6hnlichen Gewitterausbruchs und seiner Auswirkungen auf Infrastruktur, Verkehr und \u00f6ffentliche Aktivit\u00e4ten.\",\"breadcrumb\":{\"@id\":\"https:\\\/\\\/www.meteorage.com\\\/de\\\/pressebereich\\\/gewitter-hitzewelle-fallstudie-juni-2026\\\/#breadcrumb\"},\"inLanguage\":\"de\",\"potentialAction\":[{\"@type\":\"ReadAction\",\"target\":[\"https:\\\/\\\/www.meteorage.com\\\/de\\\/pressebereich\\\/gewitter-hitzewelle-fallstudie-juni-2026\\\/\"]}]},{\"@type\":\"ImageObject\",\"inLanguage\":\"de\",\"@id\":\"https:\\\/\\\/www.meteorage.com\\\/de\\\/pressebereich\\\/gewitter-hitzewelle-fallstudie-juni-2026\\\/#primaryimage\",\"url\":\"https:\\\/\\\/www.meteorage.com\\\/wp-content\\\/uploads\\\/2026\\\/07\\\/Design-sans-titre-52.png\",\"contentUrl\":\"https:\\\/\\\/www.meteorage.com\\\/wp-content\\\/uploads\\\/2026\\\/07\\\/Design-sans-titre-52.png\",\"width\":2000,\"height\":2000},{\"@type\":\"BreadcrumbList\",\"@id\":\"https:\\\/\\\/www.meteorage.com\\\/de\\\/pressebereich\\\/gewitter-hitzewelle-fallstudie-juni-2026\\\/#breadcrumb\",\"itemListElement\":[{\"@type\":\"ListItem\",\"position\":1,\"name\":\"Accueil\",\"item\":\"https:\\\/\\\/www.meteorage.com\\\/de\\\/\"},{\"@type\":\"ListItem\",\"position\":2,\"name\":\"Gewitter nach der Hitzewelle: Analyse eines der elektrisch aktivsten Ereignisse der Saison\"}]},{\"@type\":\"WebSite\",\"@id\":\"https:\\\/\\\/www.meteorage.com\\\/de\\\/#website\",\"url\":\"https:\\\/\\\/www.meteorage.com\\\/de\\\/\",\"name\":\"METEORAGE\",\"description\":\"\",\"publisher\":{\"@id\":\"https:\\\/\\\/www.meteorage.com\\\/de\\\/#organization\"},\"potentialAction\":[{\"@type\":\"SearchAction\",\"target\":{\"@type\":\"EntryPoint\",\"urlTemplate\":\"https:\\\/\\\/www.meteorage.com\\\/de\\\/?s={search_term_string}\"},\"query-input\":{\"@type\":\"PropertyValueSpecification\",\"valueRequired\":true,\"valueName\":\"search_term_string\"}}],\"inLanguage\":\"de\"},{\"@type\":\"Organization\",\"@id\":\"https:\\\/\\\/www.meteorage.com\\\/de\\\/#organization\",\"name\":\"METEORAGE\",\"url\":\"https:\\\/\\\/www.meteorage.com\\\/de\\\/\",\"logo\":{\"@type\":\"ImageObject\",\"inLanguage\":\"de\",\"@id\":\"https:\\\/\\\/www.meteorage.com\\\/de\\\/#\\\/schema\\\/logo\\\/image\\\/\",\"url\":\"https:\\\/\\\/www.meteorage.com\\\/wp-content\\\/uploads\\\/2025\\\/10\\\/02.-Logo-METEORAGE-horizontal-blanc.png.webp\",\"contentUrl\":\"https:\\\/\\\/www.meteorage.com\\\/wp-content\\\/uploads\\\/2025\\\/10\\\/02.-Logo-METEORAGE-horizontal-blanc.png.webp\",\"width\":2445,\"height\":501,\"caption\":\"METEORAGE\"},\"image\":{\"@id\":\"https:\\\/\\\/www.meteorage.com\\\/de\\\/#\\\/schema\\\/logo\\\/image\\\/\"}}]}<\/script>\n<!-- \/ Yoast SEO plugin. -->","yoast_head_json":{"title":"Gewitter nach der Hitzewelle: Was geschah?","description":"Analyse eines au\u00dfergew\u00f6hnlichen Gewitterausbruchs und seiner Auswirkungen auf Infrastruktur, Verkehr und \u00f6ffentliche Aktivit\u00e4ten.","robots":{"index":"index","follow":"follow","max-snippet":"max-snippet:-1","max-image-preview":"max-image-preview:large","max-video-preview":"max-video-preview:-1"},"canonical":"https:\/\/www.meteorage.com\/de\/pressebereich\/gewitter-hitzewelle-fallstudie-juni-2026\/","og_locale":"de_DE","og_type":"article","og_title":"Gewitter nach der Hitzewelle: Was geschah?","og_description":"Analyse eines au\u00dfergew\u00f6hnlichen Gewitterausbruchs und seiner Auswirkungen auf Infrastruktur, Verkehr und \u00f6ffentliche Aktivit\u00e4ten.","og_url":"https:\/\/www.meteorage.com\/de\/pressebereich\/gewitter-hitzewelle-fallstudie-juni-2026\/","og_site_name":"METEORAGE","article_modified_time":"2026-07-02T07:37:54+00:00","og_image":[{"width":2000,"height":2000,"url":"https:\/\/www.meteorage.com\/wp-content\/uploads\/2026\/07\/Design-sans-titre-52.png","type":"image\/png"}],"twitter_card":"summary_large_image","twitter_misc":{"Gesch\u00e4tzte Lesezeit":"2\u00a0Minuten"},"schema":{"@context":"https:\/\/schema.org","@graph":[{"@type":"WebPage","@id":"https:\/\/www.meteorage.com\/de\/pressebereich\/gewitter-hitzewelle-fallstudie-juni-2026\/","url":"https:\/\/www.meteorage.com\/de\/pressebereich\/gewitter-hitzewelle-fallstudie-juni-2026\/","name":"Gewitter nach der Hitzewelle: Was geschah?","isPartOf":{"@id":"https:\/\/www.meteorage.com\/de\/#website"},"primaryImageOfPage":{"@id":"https:\/\/www.meteorage.com\/de\/pressebereich\/gewitter-hitzewelle-fallstudie-juni-2026\/#primaryimage"},"image":{"@id":"https:\/\/www.meteorage.com\/de\/pressebereich\/gewitter-hitzewelle-fallstudie-juni-2026\/#primaryimage"},"thumbnailUrl":"https:\/\/www.meteorage.com\/wp-content\/uploads\/2026\/07\/Design-sans-titre-52.png","datePublished":"2026-07-02T07:19:46+00:00","dateModified":"2026-07-02T07:37:54+00:00","description":"Analyse eines au\u00dfergew\u00f6hnlichen Gewitterausbruchs und seiner Auswirkungen auf Infrastruktur, Verkehr und \u00f6ffentliche Aktivit\u00e4ten.","breadcrumb":{"@id":"https:\/\/www.meteorage.com\/de\/pressebereich\/gewitter-hitzewelle-fallstudie-juni-2026\/#breadcrumb"},"inLanguage":"de","potentialAction":[{"@type":"ReadAction","target":["https:\/\/www.meteorage.com\/de\/pressebereich\/gewitter-hitzewelle-fallstudie-juni-2026\/"]}]},{"@type":"ImageObject","inLanguage":"de","@id":"https:\/\/www.meteorage.com\/de\/pressebereich\/gewitter-hitzewelle-fallstudie-juni-2026\/#primaryimage","url":"https:\/\/www.meteorage.com\/wp-content\/uploads\/2026\/07\/Design-sans-titre-52.png","contentUrl":"https:\/\/www.meteorage.com\/wp-content\/uploads\/2026\/07\/Design-sans-titre-52.png","width":2000,"height":2000},{"@type":"BreadcrumbList","@id":"https:\/\/www.meteorage.com\/de\/pressebereich\/gewitter-hitzewelle-fallstudie-juni-2026\/#breadcrumb","itemListElement":[{"@type":"ListItem","position":1,"name":"Accueil","item":"https:\/\/www.meteorage.com\/de\/"},{"@type":"ListItem","position":2,"name":"Gewitter nach der Hitzewelle: Analyse eines der elektrisch aktivsten Ereignisse der Saison"}]},{"@type":"WebSite","@id":"https:\/\/www.meteorage.com\/de\/#website","url":"https:\/\/www.meteorage.com\/de\/","name":"METEORAGE","description":"","publisher":{"@id":"https:\/\/www.meteorage.com\/de\/#organization"},"potentialAction":[{"@type":"SearchAction","target":{"@type":"EntryPoint","urlTemplate":"https:\/\/www.meteorage.com\/de\/?s={search_term_string}"},"query-input":{"@type":"PropertyValueSpecification","valueRequired":true,"valueName":"search_term_string"}}],"inLanguage":"de"},{"@type":"Organization","@id":"https:\/\/www.meteorage.com\/de\/#organization","name":"METEORAGE","url":"https:\/\/www.meteorage.com\/de\/","logo":{"@type":"ImageObject","inLanguage":"de","@id":"https:\/\/www.meteorage.com\/de\/#\/schema\/logo\/image\/","url":"https:\/\/www.meteorage.com\/wp-content\/uploads\/2025\/10\/02.-Logo-METEORAGE-horizontal-blanc.png.webp","contentUrl":"https:\/\/www.meteorage.com\/wp-content\/uploads\/2025\/10\/02.-Logo-METEORAGE-horizontal-blanc.png.webp","width":2445,"height":501,"caption":"METEORAGE"},"image":{"@id":"https:\/\/www.meteorage.com\/de\/#\/schema\/logo\/image\/"}}]}},"_links":{"self":[{"href":"https:\/\/www.meteorage.com\/de\/wp-json\/wp\/v2\/presse\/52713","targetHints":{"allow":["GET"]}}],"collection":[{"href":"https:\/\/www.meteorage.com\/de\/wp-json\/wp\/v2\/presse"}],"about":[{"href":"https:\/\/www.meteorage.com\/de\/wp-json\/wp\/v2\/types\/presse"}],"version-history":[{"count":5,"href":"https:\/\/www.meteorage.com\/de\/wp-json\/wp\/v2\/presse\/52713\/revisions"}],"predecessor-version":[{"id":52782,"href":"https:\/\/www.meteorage.com\/de\/wp-json\/wp\/v2\/presse\/52713\/revisions\/52782"}],"wp:featuredmedia":[{"embeddable":true,"href":"https:\/\/www.meteorage.com\/de\/wp-json\/wp\/v2\/media\/52720"}],"wp:attachment":[{"href":"https:\/\/www.meteorage.com\/de\/wp-json\/wp\/v2\/media?parent=52713"}],"wp:term":[{"taxonomy":"press_sector","embeddable":true,"href":"https:\/\/www.meteorage.com\/de\/wp-json\/wp\/v2\/press_sector?post=52713"}],"curies":[{"name":"wp","href":"https:\/\/api.w.org\/{rel}","templated":true}]}}