{"id":51993,"date":"2026-04-10T11:28:00","date_gmt":"2026-04-10T09:28:00","guid":{"rendered":"https:\/\/www.meteorage.com\/?post_type=blog&#038;p=51993"},"modified":"2026-04-13T09:38:28","modified_gmt":"2026-04-13T07:38:28","slug":"alberto-garutti-obras-rayos","status":"publish","type":"blog","link":"https:\/\/www.meteorage.com\/es\/meteorage-in-tempo-reale\/alberto-garutti-obras-rayos\/","title":{"rendered":"Alberto Garutti: obras que viven al ritmo de las tormentas"},"content":{"rendered":"\t\t<div data-elementor-type=\"wp-post\" data-elementor-id=\"51993\" class=\"elementor elementor-51993 elementor-51784\" data-elementor-post-type=\"blog\">\n\t\t\t\t<div class=\"elementor-element elementor-element-78eb3e98 e-con-full e-flex e-con e-parent\" data-id=\"78eb3e98\" data-element_type=\"container\" data-e-type=\"container\">\n\t\t<div class=\"elementor-element elementor-element-7eb53fa0 e-con-full banner-type-detail e-flex e-con e-child\" data-id=\"7eb53fa0\" data-element_type=\"container\" data-e-type=\"container\" data-settings=\"{&quot;background_background&quot;:&quot;classic&quot;}\">\n\t\t\t\t<div class=\"elementor-element elementor-element-6fcd5945 elementor-widget elementor-widget-spacer\" data-id=\"6fcd5945\" data-element_type=\"widget\" data-e-type=\"widget\" data-widget_type=\"spacer.default\">\n\t\t\t\t<div class=\"elementor-widget-container\">\n\t\t\t\t\t\t\t<div class=\"elementor-spacer\">\n\t\t\t<div class=\"elementor-spacer-inner\"><\/div>\n\t\t<\/div>\n\t\t\t\t\t\t<\/div>\n\t\t\t\t<\/div>\n\t\t\t\t<div class=\"elementor-element elementor-element-48ffb60e elementor-widget elementor-widget-spacer\" data-id=\"48ffb60e\" data-element_type=\"widget\" data-e-type=\"widget\" data-widget_type=\"spacer.default\">\n\t\t\t\t<div class=\"elementor-widget-container\">\n\t\t\t\t\t\t\t<div class=\"elementor-spacer\">\n\t\t\t<div class=\"elementor-spacer-inner\"><\/div>\n\t\t<\/div>\n\t\t\t\t\t\t<\/div>\n\t\t\t\t<\/div>\n\t\t<div class=\"elementor-element elementor-element-4880c55d banner-content e-flex e-con-boxed e-con e-child\" data-id=\"4880c55d\" data-element_type=\"container\" data-e-type=\"container\">\n\t\t\t\t\t<div class=\"e-con-inner\">\n\t\t\t\t<div class=\"elementor-element elementor-element-75d970b6 type-primary elementor-widget elementor-widget-shortcode\" data-id=\"75d970b6\" data-element_type=\"widget\" data-e-type=\"widget\" data-widget_type=\"shortcode.default\">\n\t\t\t\t<div class=\"elementor-widget-container\">\n\t\t\t\t\t\t\t<div class=\"elementor-shortcode\"><div class=\"category-items-wrapper\"><div class=\"term-item\">Empresa<\/div><\/div><\/div>\n\t\t\t\t\t\t<\/div>\n\t\t\t\t<\/div>\n\t\t\t\t<div class=\"elementor-element elementor-element-39c34e16 elementor-widget elementor-widget-heading\" data-id=\"39c34e16\" data-element_type=\"widget\" data-e-type=\"widget\" data-widget_type=\"heading.default\">\n\t\t\t\t<div class=\"elementor-widget-container\">\n\t\t\t\t\t<h1 class=\"elementor-heading-title elementor-size-default\">Alberto Garutti <\/br> obras que viven al ritmo de las tormentas<\/h1>\t\t\t\t<\/div>\n\t\t\t\t<\/div>\n\t\t\t\t<div class=\"elementor-element elementor-element-7e57ddd5 elementor-widget__width-initial elementor-widget elementor-widget-text-editor\" data-id=\"7e57ddd5\" data-element_type=\"widget\" data-e-type=\"widget\" data-widget_type=\"text-editor.default\">\n\t\t\t\t<div class=\"elementor-widget-container\">\n\t\t\t\t\t\t\t\t\t<p>Cada vez que se detecta un rayo en Italia, las instalaciones del Studio Alberto Garutti se iluminan instant\u00e1neamente. Estos proyectos, permanentes o temporales, transforman este fen\u00f3meno natural en una experiencia visual entre arte y ciencia.<\/p>\t\t\t\t\t\t\t\t<\/div>\n\t\t\t\t<\/div>\n\t\t\t\t<div class=\"elementor-element elementor-element-25961dab elementor-align-center elementor-widget elementor-widget-ube-button\" data-id=\"25961dab\" data-element_type=\"widget\" data-e-type=\"widget\" data-widget_type=\"ube-button.default\">\n\t\t\t\t<div class=\"elementor-widget-container\">\n\t\t\t\t\t<a class=\"ube-btn btn btn-md btn- btn-link\" href=\"https:\/\/www.meteorage.com\/fr\/meteorage-en-direct\/\">\n\t    <span class=\"ube-btn-text\">&lt; retour<\/span>\n\t<\/a>\n\n\n\t\t\t\t<\/div>\n\t\t\t\t<\/div>\n\t\t\t\t\t<\/div>\n\t\t\t\t<\/div>\n\t\t\t\t<\/div>\n\t\t\t\t<\/div>\n\t\t<div class=\"elementor-element elementor-element-3cfdee15 e-con-full e-flex e-con e-parent\" data-id=\"3cfdee15\" data-element_type=\"container\" data-e-type=\"container\" data-settings=\"{&quot;background_background&quot;:&quot;gradient&quot;}\">\n\t\t<div class=\"elementor-element elementor-element-2072991 e-con-full e-flex e-con e-child\" data-id=\"2072991\" data-element_type=\"container\" data-e-type=\"container\">\n\t\t\t\t<div class=\"elementor-element elementor-element-631356ab elementor-invisible elementor-widget elementor-widget-image\" data-id=\"631356ab\" data-element_type=\"widget\" data-e-type=\"widget\" data-settings=\"{&quot;motion_fx_motion_fx_scrolling&quot;:&quot;yes&quot;,&quot;motion_fx_translateY_effect&quot;:&quot;yes&quot;,&quot;motion_fx_translateY_direction&quot;:&quot;negative&quot;,&quot;motion_fx_translateY_speed&quot;:{&quot;unit&quot;:&quot;px&quot;,&quot;size&quot;:1.5,&quot;sizes&quot;:[]},&quot;_animation&quot;:&quot;slideInLeft&quot;,&quot;motion_fx_translateY_affectedRange&quot;:{&quot;unit&quot;:&quot;%&quot;,&quot;size&quot;:&quot;&quot;,&quot;sizes&quot;:{&quot;start&quot;:0,&quot;end&quot;:100}},&quot;motion_fx_devices&quot;:[&quot;desktop&quot;,&quot;tablet_extra&quot;,&quot;tablet&quot;,&quot;mobile&quot;]}\" data-widget_type=\"image.default\">\n\t\t\t\t<div class=\"elementor-widget-container\">\n\t\t\t\t\t\t\t\t\t\t\t\t\t\t\t<img fetchpriority=\"high\" decoding=\"async\" width=\"1024\" height=\"1024\" src=\"https:\/\/www.meteorage.com\/wp-content\/uploads\/2026\/04\/Alberto-Garutti-Temporali-2015-2-1024x1024.jpg\" class=\"attachment-large size-large wp-image-51922\" alt=\"\" srcset=\"https:\/\/www.meteorage.com\/wp-content\/uploads\/2026\/04\/Alberto-Garutti-Temporali-2015-2-1024x1024.jpg 1024w, https:\/\/www.meteorage.com\/wp-content\/uploads\/2026\/04\/Alberto-Garutti-Temporali-2015-2-300x300.jpg 300w, https:\/\/www.meteorage.com\/wp-content\/uploads\/2026\/04\/Alberto-Garutti-Temporali-2015-2-150x150.jpg 150w, https:\/\/www.meteorage.com\/wp-content\/uploads\/2026\/04\/Alberto-Garutti-Temporali-2015-2-768x768.jpg 768w, https:\/\/www.meteorage.com\/wp-content\/uploads\/2026\/04\/Alberto-Garutti-Temporali-2015-2-1536x1536.jpg 1536w, https:\/\/www.meteorage.com\/wp-content\/uploads\/2026\/04\/Alberto-Garutti-Temporali-2015-2-543x543.jpg 543w, https:\/\/www.meteorage.com\/wp-content\/uploads\/2026\/04\/Alberto-Garutti-Temporali-2015-2.jpg 1654w\" sizes=\"(max-width: 1024px) 100vw, 1024px\" \/>\t\t\t\t\t\t\t\t\t\t\t\t\t\t\t<\/div>\n\t\t\t\t<\/div>\n\t\t\t\t<\/div>\n\t\t<div class=\"elementor-element elementor-element-2e59b9b7 e-con-full e-flex e-con e-child\" data-id=\"2e59b9b7\" data-element_type=\"container\" data-e-type=\"container\">\n\t\t<div class=\"elementor-element elementor-element-2ab4a6d0 e-flex e-con-boxed e-con e-child\" data-id=\"2ab4a6d0\" data-element_type=\"container\" data-e-type=\"container\">\n\t\t\t\t\t<div class=\"e-con-inner\">\n\t\t\t\t<div class=\"elementor-element elementor-element-66aa0a78 animated-slow elementor-invisible elementor-widget elementor-widget-heading\" data-id=\"66aa0a78\" data-element_type=\"widget\" data-e-type=\"widget\" data-settings=\"{&quot;_animation&quot;:&quot;fadeIn&quot;}\" data-widget_type=\"heading.default\">\n\t\t\t\t<div class=\"elementor-widget-container\">\n\t\t\t\t\t<h1 class=\"elementor-heading-title elementor-size-default\">Cuando los rayos se convierten en luz<\/h1>\t\t\t\t<\/div>\n\t\t\t\t<\/div>\n\t\t\t\t<div class=\"elementor-element elementor-element-6a07f8db elementor-invisible elementor-widget elementor-widget-text-editor\" data-id=\"6a07f8db\" data-element_type=\"widget\" data-e-type=\"widget\" data-settings=\"{&quot;_animation&quot;:&quot;fadeIn&quot;,&quot;_animation_delay&quot;:200}\" data-widget_type=\"text-editor.default\">\n\t\t\t\t<div class=\"elementor-widget-container\">\n\t\t\t\t\t\t\t\t\t<p data-start=\"8251\" data-end=\"8577\">Desde hace varios a\u00f1os colaboramos con el <a href=\"https:\/\/www.albertogarutti.it\/\">Studio Alberto Garutti<\/a>. El artista italiano, fallecido en 2023, imagin\u00f3 una serie de obras conectadas a la detecci\u00f3n de rayos en tiempo real. Vinculadas a nuestra red de sensores, estas instalaciones se iluminan instant\u00e1neamente cada vez que se detecta un rayo en territorio italiano.<\/p><p data-start=\"8579\" data-end=\"8658\">Obras permanentes o temporales, hoy visibles en Italia y a nivel internacional.<\/p><p data-start=\"8660\" data-end=\"8775\">Ofrecen otra forma de percibir las tormentas: ya no como un fen\u00f3meno lejano, sino como una se\u00f1al viva y compartida.<\/p><p data-start=\"8777\" data-end=\"8906\">Un di\u00e1logo sutil entre fen\u00f3meno natural y percepci\u00f3n humana, al que nos enorgullece contribuir con nuestros datos en tiempo real.<\/p>\t\t\t\t\t\t\t\t<\/div>\n\t\t\t\t<\/div>\n\t\t\t\t<div class=\"elementor-element elementor-element-6ce198d0 elementor-mobile-align-justify animated-fast elementor-invisible elementor-widget elementor-widget-button\" data-id=\"6ce198d0\" data-element_type=\"widget\" data-e-type=\"widget\" data-settings=\"{&quot;_animation&quot;:&quot;fadeIn&quot;,&quot;_animation_delay&quot;:400}\" data-widget_type=\"button.default\">\n\t\t\t\t<div class=\"elementor-widget-container\">\n\t\t\t\t\t\t\t\t\t<div class=\"elementor-button-wrapper\">\n\t\t\t\t\t<a class=\"elementor-button elementor-button-link elementor-size-sm elementor-animation-float\" href=\"https:\/\/www.albertogarutti.it\/\">\n\t\t\t\t\t\t<span class=\"elementor-button-content-wrapper\">\n\t\t\t\t\t\t\t\t\t<span class=\"elementor-button-text\">Saber m\u00e1s<\/span>\n\t\t\t\t\t<\/span>\n\t\t\t\t\t<\/a>\n\t\t\t\t<\/div>\n\t\t\t\t\t\t\t\t<\/div>\n\t\t\t\t<\/div>\n\t\t\t\t\t<\/div>\n\t\t\t\t<\/div>\n\t\t\t\t<\/div>\n\t\t\t\t<\/div>\n\t\t<div class=\"elementor-element elementor-element-5d57ea5d e-flex e-con-boxed e-con e-parent\" data-id=\"5d57ea5d\" data-element_type=\"container\" data-e-type=\"container\">\n\t\t\t\t\t<div class=\"e-con-inner\">\n\t\t\t\t<div class=\"elementor-element elementor-element-2b08434a elementor-widget elementor-widget-heading\" data-id=\"2b08434a\" data-element_type=\"widget\" data-e-type=\"widget\" data-widget_type=\"heading.default\">\n\t\t\t\t<div class=\"elementor-widget-container\">\n\t\t\t\t\t<h4 class=\"elementor-heading-title elementor-size-default\">Las exposiciones<\/h4>\t\t\t\t<\/div>\n\t\t\t\t<\/div>\n\t\t\t\t<div class=\"elementor-element elementor-element-6ead2a62 animated-slow elementor-invisible elementor-widget elementor-widget-heading\" data-id=\"6ead2a62\" data-element_type=\"widget\" data-e-type=\"widget\" data-settings=\"{&quot;_animation&quot;:&quot;fadeIn&quot;}\" data-widget_type=\"heading.default\">\n\t\t\t\t<div class=\"elementor-widget-container\">\n\t\t\t\t\t<h2 class=\"elementor-heading-title elementor-size-default\">Studio Alberto Garutti<\/h2>\t\t\t\t<\/div>\n\t\t\t\t<\/div>\n\t\t\t\t\t<\/div>\n\t\t\t\t<\/div>\n\t\t<div class=\"elementor-element elementor-element-5eb531f3 e-con-full e-flex e-con e-parent\" data-id=\"5eb531f3\" data-element_type=\"container\" data-e-type=\"container\" data-settings=\"{&quot;background_background&quot;:&quot;gradient&quot;}\">\n\t\t<div class=\"elementor-element elementor-element-ff4a7dd e-con-full e-flex e-con e-child\" data-id=\"ff4a7dd\" data-element_type=\"container\" data-e-type=\"container\">\n\t\t<div class=\"elementor-element elementor-element-56addca6 e-flex e-con-boxed e-con e-child\" data-id=\"56addca6\" data-element_type=\"container\" data-e-type=\"container\">\n\t\t\t\t\t<div class=\"e-con-inner\">\n\t\t\t\t<div class=\"elementor-element elementor-element-323d2aad elementor-widget elementor-widget-heading\" data-id=\"323d2aad\" data-element_type=\"widget\" data-e-type=\"widget\" data-widget_type=\"heading.default\">\n\t\t\t\t<div class=\"elementor-widget-container\">\n\t\t\t\t\t<h4 class=\"elementor-heading-title elementor-size-default\">Exposici\u00f3n temporal \u2013 diciembre 2025 a abril 2026<\/h4>\t\t\t\t<\/div>\n\t\t\t\t<\/div>\n\t\t\t\t<div class=\"elementor-element elementor-element-606d86d animated-slow elementor-invisible elementor-widget elementor-widget-heading\" data-id=\"606d86d\" data-element_type=\"widget\" data-e-type=\"widget\" data-settings=\"{&quot;_animation&quot;:&quot;fadeIn&quot;}\" data-widget_type=\"heading.default\">\n\t\t\t\t<div class=\"elementor-widget-container\">\n\t\t\t\t\t<h2 class=\"elementor-heading-title elementor-size-default\">MUSEU PARANAENSE<\/br> - C\u00e9u\u2011Eclipse <\/h2>\t\t\t\t<\/div>\n\t\t\t\t<\/div>\n\t\t\t\t<div class=\"elementor-element elementor-element-3cb5854e elementor-invisible elementor-widget elementor-widget-text-editor\" data-id=\"3cb5854e\" data-element_type=\"widget\" data-e-type=\"widget\" data-settings=\"{&quot;_animation&quot;:&quot;fadeIn&quot;,&quot;_animation_delay&quot;:200}\" data-widget_type=\"text-editor.default\">\n\t\t\t\t<div class=\"elementor-widget-container\">\n\t\t\t\t\t\t\t\t\t<p data-start=\"8968\" data-end=\"9163\">En la intersecci\u00f3n entre arte contempor\u00e1neo, ciencia y ecolog\u00eda, <em>C\u00e9u-Eclipse<\/em> cuestiona nuestra relaci\u00f3n con el tiempo, el clima y la atm\u00f3sfera.<\/p><p data-start=\"9165\" data-end=\"9379\">En esta exposici\u00f3n internacional, la meteorolog\u00eda se convierte en lenguaje.<br data-start=\"9240\" data-end=\"9243\" \/>Las tormentas y los eclipses se expresan como una sonoridad perceptible, conectando humanos y no humanos en un mismo envoltorio celeste.<\/p><p data-start=\"9381\" data-end=\"9518\">Las obras dialogan con las disciplinas cient\u00edficas del museo, difuminando los l\u00edmites entre pasado y presente, instante y larga duraci\u00f3n.<\/p><p data-start=\"9520\" data-end=\"9642\"><em>C\u00e9u-Eclipse<\/em> propone una escucha atenta del cielo, no como fondo, sino como presencia activa.<\/p>\t\t\t\t\t\t\t\t<\/div>\n\t\t\t\t<\/div>\n\t\t\t\t<div class=\"elementor-element elementor-element-4d04059e elementor-mobile-align-justify animated-fast elementor-invisible elementor-widget elementor-widget-button\" data-id=\"4d04059e\" data-element_type=\"widget\" data-e-type=\"widget\" data-settings=\"{&quot;_animation&quot;:&quot;fadeIn&quot;,&quot;_animation_delay&quot;:400}\" data-widget_type=\"button.default\">\n\t\t\t\t<div class=\"elementor-widget-container\">\n\t\t\t\t\t\t\t\t\t<div class=\"elementor-button-wrapper\">\n\t\t\t\t\t<a class=\"elementor-button elementor-button-link elementor-size-sm elementor-animation-float\" href=\"https:\/\/issuu.com\/museuparanaense\/docs\/folder_c_u-eclipse_46ad010749b0d6\">\n\t\t\t\t\t\t<span class=\"elementor-button-content-wrapper\">\n\t\t\t\t\t\t\t\t\t<span class=\"elementor-button-text\">Explorar la exposici\u00f3n<\/span>\n\t\t\t\t\t<\/span>\n\t\t\t\t\t<\/a>\n\t\t\t\t<\/div>\n\t\t\t\t\t\t\t\t<\/div>\n\t\t\t\t<\/div>\n\t\t\t\t<div class=\"elementor-element elementor-element-63f60959 elementor-widget elementor-widget-spacer\" data-id=\"63f60959\" data-element_type=\"widget\" data-e-type=\"widget\" data-widget_type=\"spacer.default\">\n\t\t\t\t<div class=\"elementor-widget-container\">\n\t\t\t\t\t\t\t<div class=\"elementor-spacer\">\n\t\t\t<div class=\"elementor-spacer-inner\"><\/div>\n\t\t<\/div>\n\t\t\t\t\t\t<\/div>\n\t\t\t\t<\/div>\n\t\t\t\t<div class=\"elementor-element elementor-element-75d6c4c6 elementor-widget elementor-widget-google_maps\" data-id=\"75d6c4c6\" data-element_type=\"widget\" data-e-type=\"widget\" data-widget_type=\"google_maps.default\">\n\t\t\t\t<div class=\"elementor-widget-container\">\n\t\t\t\t\t\t\t<div class=\"elementor-custom-embed\">\n\t\t\t<iframe loading=\"lazy\"\n\t\t\t\t\tsrc=\"https:\/\/maps.google.com\/maps?q=Museu%20Paranaense%20%28MUPA%29%2C%20Curitiba%20%E2%80%93%20Br%C3%A9sil&#038;t=m&#038;z=2&#038;output=embed&#038;iwloc=near\"\n\t\t\t\t\ttitle=\"Museu Paranaense (MUPA), Curitiba \u2013 Br\u00e9sil\"\n\t\t\t\t\taria-label=\"Museu Paranaense (MUPA), Curitiba \u2013 Br\u00e9sil\"\n\t\t\t><\/iframe>\n\t\t<\/div>\n\t\t\t\t\t\t<\/div>\n\t\t\t\t<\/div>\n\t\t\t\t\t<\/div>\n\t\t\t\t<\/div>\n\t\t\t\t<\/div>\n\t\t<div class=\"elementor-element elementor-element-113f7f31 e-con-full e-flex e-con e-child\" data-id=\"113f7f31\" data-element_type=\"container\" data-e-type=\"container\">\n\t\t\t\t<div class=\"elementor-element elementor-element-7accb38 elementor-invisible elementor-widget elementor-widget-image\" data-id=\"7accb38\" data-element_type=\"widget\" data-e-type=\"widget\" data-settings=\"{&quot;motion_fx_motion_fx_scrolling&quot;:&quot;yes&quot;,&quot;motion_fx_translateY_effect&quot;:&quot;yes&quot;,&quot;motion_fx_translateY_direction&quot;:&quot;negative&quot;,&quot;motion_fx_translateY_speed&quot;:{&quot;unit&quot;:&quot;px&quot;,&quot;size&quot;:1.5,&quot;sizes&quot;:[]},&quot;_animation&quot;:&quot;slideInRight&quot;,&quot;motion_fx_translateY_affectedRange&quot;:{&quot;unit&quot;:&quot;%&quot;,&quot;size&quot;:&quot;&quot;,&quot;sizes&quot;:{&quot;start&quot;:0,&quot;end&quot;:100}},&quot;motion_fx_devices&quot;:[&quot;desktop&quot;,&quot;tablet_extra&quot;,&quot;tablet&quot;,&quot;mobile&quot;]}\" data-widget_type=\"image.default\">\n\t\t\t\t<div class=\"elementor-widget-container\">\n\t\t\t\t\t\t\t\t\t\t\t\t\t\t\t<img decoding=\"async\" width=\"1654\" height=\"1654\" src=\"https:\/\/www.meteorage.com\/wp-content\/uploads\/2026\/04\/Alberto-Garutti-Ceu\u2011Eclipse-exhibition.jpg\" class=\"attachment-full size-full wp-image-51928\" alt=\"\" srcset=\"https:\/\/www.meteorage.com\/wp-content\/uploads\/2026\/04\/Alberto-Garutti-Ceu\u2011Eclipse-exhibition.jpg 1654w, https:\/\/www.meteorage.com\/wp-content\/uploads\/2026\/04\/Alberto-Garutti-Ceu\u2011Eclipse-exhibition-300x300.jpg 300w, https:\/\/www.meteorage.com\/wp-content\/uploads\/2026\/04\/Alberto-Garutti-Ceu\u2011Eclipse-exhibition-1024x1024.jpg 1024w, https:\/\/www.meteorage.com\/wp-content\/uploads\/2026\/04\/Alberto-Garutti-Ceu\u2011Eclipse-exhibition-150x150.jpg 150w, https:\/\/www.meteorage.com\/wp-content\/uploads\/2026\/04\/Alberto-Garutti-Ceu\u2011Eclipse-exhibition-768x768.jpg 768w, https:\/\/www.meteorage.com\/wp-content\/uploads\/2026\/04\/Alberto-Garutti-Ceu\u2011Eclipse-exhibition-1536x1536.jpg 1536w, https:\/\/www.meteorage.com\/wp-content\/uploads\/2026\/04\/Alberto-Garutti-Ceu\u2011Eclipse-exhibition-543x543.jpg 543w\" sizes=\"(max-width: 1654px) 100vw, 1654px\" \/>\t\t\t\t\t\t\t\t\t\t\t\t\t\t\t<\/div>\n\t\t\t\t<\/div>\n\t\t\t\t<\/div>\n\t\t\t\t<\/div>\n\t\t<div class=\"elementor-element elementor-element-6ab605a1 e-con-full e-flex e-con e-parent\" data-id=\"6ab605a1\" data-element_type=\"container\" data-e-type=\"container\" data-settings=\"{&quot;background_background&quot;:&quot;gradient&quot;}\">\n\t\t<div class=\"elementor-element elementor-element-43f4bbfa e-con-full e-flex e-con e-child\" data-id=\"43f4bbfa\" data-element_type=\"container\" data-e-type=\"container\">\n\t\t<div class=\"elementor-element elementor-element-476535c7 e-flex e-con-boxed e-con e-child\" data-id=\"476535c7\" data-element_type=\"container\" data-e-type=\"container\">\n\t\t\t\t\t<div class=\"e-con-inner\">\n\t\t\t\t<div class=\"elementor-element elementor-element-113d831c elementor-widget elementor-widget-heading\" data-id=\"113d831c\" data-element_type=\"widget\" data-e-type=\"widget\" data-widget_type=\"heading.default\">\n\t\t\t\t<div class=\"elementor-widget-container\">\n\t\t\t\t\t<h4 class=\"elementor-heading-title elementor-size-default\">Exposici\u00f3n temporal \u2013 4 al 28 de febrero de 2026<\/h4>\t\t\t\t<\/div>\n\t\t\t\t<\/div>\n\t\t\t\t<div class=\"elementor-element elementor-element-384a9ec9 animated-slow elementor-invisible elementor-widget elementor-widget-heading\" data-id=\"384a9ec9\" data-element_type=\"widget\" data-e-type=\"widget\" data-settings=\"{&quot;_animation&quot;:&quot;fadeIn&quot;}\" data-widget_type=\"heading.default\">\n\t\t\t\t<div class=\"elementor-widget-container\">\n\t\t\t\t\t<h2 class=\"elementor-heading-title elementor-size-default\">Garage BENTIVOGLIO <\/br>\nAlberto Garutti \u2013 Temporali\n<\/h2>\t\t\t\t<\/div>\n\t\t\t\t<\/div>\n\t\t\t\t<div class=\"elementor-element elementor-element-7dc90a13 elementor-invisible elementor-widget elementor-widget-text-editor\" data-id=\"7dc90a13\" data-element_type=\"widget\" data-e-type=\"widget\" data-settings=\"{&quot;_animation&quot;:&quot;fadeIn&quot;,&quot;_animation_delay&quot;:200}\" data-widget_type=\"text-editor.default\">\n\t\t\t\t<div class=\"elementor-widget-container\">\n\t\t\t\t\t\t\t\t\t<p data-start=\"9777\" data-end=\"9863\">Cada rayo que impacta en Italia modifica la intensidad de un sistema luminoso interno.<\/p><p data-start=\"9865\" data-end=\"9997\">El fen\u00f3meno ocurre en otro lugar, fuera de campo, dejando al espectador la libertad de imaginar su propio cielo, su propia tormenta.<\/p><p data-start=\"9999\" data-end=\"10143\">A diferencia de las obras monumentales en el desierto, <em>Temporali<\/em> se integra en lo cotidiano, de forma discreta, como una se\u00f1al fr\u00e1gil y po\u00e9tica.<\/p><p data-start=\"10145\" data-end=\"10230\">Una obra que puede aparecer sin testigos o desaparecer si las tormentas se extinguen.<\/p><p data-start=\"10232\" data-end=\"10280\"><em>Dedicada a quienes pasan\u2026 y piensan en el cielo.<\/em><\/p>\t\t\t\t\t\t\t\t<\/div>\n\t\t\t\t<\/div>\n\t\t\t\t<div class=\"elementor-element elementor-element-1c014215 elementor-mobile-align-justify animated-fast elementor-invisible elementor-widget elementor-widget-button\" data-id=\"1c014215\" data-element_type=\"widget\" data-e-type=\"widget\" data-settings=\"{&quot;_animation&quot;:&quot;fadeIn&quot;,&quot;_animation_delay&quot;:400}\" data-widget_type=\"button.default\">\n\t\t\t\t<div class=\"elementor-widget-container\">\n\t\t\t\t\t\t\t\t\t<div class=\"elementor-button-wrapper\">\n\t\t\t\t\t<a class=\"elementor-button elementor-button-link elementor-size-sm elementor-animation-float\" href=\"https:\/\/www.palazzobentivoglio.org\/progetti\/alberto-garutti\">\n\t\t\t\t\t\t<span class=\"elementor-button-content-wrapper\">\n\t\t\t\t\t\t\t\t\t<span class=\"elementor-button-text\">Explorar la exposici\u00f3n<\/span>\n\t\t\t\t\t<\/span>\n\t\t\t\t\t<\/a>\n\t\t\t\t<\/div>\n\t\t\t\t\t\t\t\t<\/div>\n\t\t\t\t<\/div>\n\t\t\t\t<div class=\"elementor-element elementor-element-5d8e8aad elementor-widget elementor-widget-spacer\" data-id=\"5d8e8aad\" data-element_type=\"widget\" data-e-type=\"widget\" data-widget_type=\"spacer.default\">\n\t\t\t\t<div class=\"elementor-widget-container\">\n\t\t\t\t\t\t\t<div class=\"elementor-spacer\">\n\t\t\t<div class=\"elementor-spacer-inner\"><\/div>\n\t\t<\/div>\n\t\t\t\t\t\t<\/div>\n\t\t\t\t<\/div>\n\t\t\t\t<div class=\"elementor-element elementor-element-297f1840 elementor-widget elementor-widget-google_maps\" data-id=\"297f1840\" data-element_type=\"widget\" data-e-type=\"widget\" data-widget_type=\"google_maps.default\">\n\t\t\t\t<div class=\"elementor-widget-container\">\n\t\t\t\t\t\t\t<div class=\"elementor-custom-embed\">\n\t\t\t<iframe loading=\"lazy\"\n\t\t\t\t\tsrc=\"https:\/\/maps.google.com\/maps?q=Palazzo%20Bentivoglio%2C%20Bologne%20%28Italie%29&#038;t=m&#038;z=6&#038;output=embed&#038;iwloc=near\"\n\t\t\t\t\ttitle=\"Palazzo Bentivoglio, Bologne (Italie)\"\n\t\t\t\t\taria-label=\"Palazzo Bentivoglio, Bologne (Italie)\"\n\t\t\t><\/iframe>\n\t\t<\/div>\n\t\t\t\t\t\t<\/div>\n\t\t\t\t<\/div>\n\t\t\t\t\t<\/div>\n\t\t\t\t<\/div>\n\t\t\t\t<\/div>\n\t\t<div class=\"elementor-element elementor-element-343d8e98 e-con-full e-flex e-con e-child\" data-id=\"343d8e98\" data-element_type=\"container\" data-e-type=\"container\">\n\t\t\t\t<div class=\"elementor-element elementor-element-780d5d2 elementor-invisible elementor-widget elementor-widget-image\" data-id=\"780d5d2\" data-element_type=\"widget\" data-e-type=\"widget\" data-settings=\"{&quot;motion_fx_motion_fx_scrolling&quot;:&quot;yes&quot;,&quot;motion_fx_translateY_effect&quot;:&quot;yes&quot;,&quot;motion_fx_translateY_direction&quot;:&quot;negative&quot;,&quot;motion_fx_translateY_speed&quot;:{&quot;unit&quot;:&quot;px&quot;,&quot;size&quot;:1.5,&quot;sizes&quot;:[]},&quot;_animation&quot;:&quot;slideInRight&quot;,&quot;motion_fx_translateY_affectedRange&quot;:{&quot;unit&quot;:&quot;%&quot;,&quot;size&quot;:&quot;&quot;,&quot;sizes&quot;:{&quot;start&quot;:0,&quot;end&quot;:100}},&quot;motion_fx_devices&quot;:[&quot;desktop&quot;,&quot;tablet_extra&quot;,&quot;tablet&quot;,&quot;mobile&quot;]}\" data-widget_type=\"image.default\">\n\t\t\t\t<div class=\"elementor-widget-container\">\n\t\t\t\t\t\t\t\t\t\t\t\t\t\t\t<img decoding=\"async\" width=\"1654\" height=\"1654\" src=\"https:\/\/www.meteorage.com\/wp-content\/uploads\/2026\/04\/Alberto-Garutti-Temporali-2015-e1775811943185.jpg\" class=\"attachment-full size-full wp-image-51916\" alt=\"\" \/>\t\t\t\t\t\t\t\t\t\t\t\t\t\t\t<\/div>\n\t\t\t\t<\/div>\n\t\t\t\t<\/div>\n\t\t\t\t<\/div>\n\t\t<div class=\"elementor-element elementor-element-5ae3847a e-con-full e-flex e-con e-parent\" data-id=\"5ae3847a\" data-element_type=\"container\" data-e-type=\"container\" data-settings=\"{&quot;background_background&quot;:&quot;gradient&quot;}\">\n\t\t<div class=\"elementor-element elementor-element-78b60b78 e-con-full e-flex e-con e-child\" data-id=\"78b60b78\" data-element_type=\"container\" data-e-type=\"container\">\n\t\t<div class=\"elementor-element elementor-element-1454f0a4 e-flex e-con-boxed e-con e-child\" data-id=\"1454f0a4\" data-element_type=\"container\" data-e-type=\"container\">\n\t\t\t\t\t<div class=\"e-con-inner\">\n\t\t\t\t<div class=\"elementor-element elementor-element-5571112d elementor-widget elementor-widget-heading\" data-id=\"5571112d\" data-element_type=\"widget\" data-e-type=\"widget\" data-widget_type=\"heading.default\">\n\t\t\t\t<div class=\"elementor-widget-container\">\n\t\t\t\t\t<h4 class=\"elementor-heading-title elementor-size-default\">Instalaci\u00f3n permanente \u2013 desde 2022<\/h4>\t\t\t\t<\/div>\n\t\t\t\t<\/div>\n\t\t\t\t<div class=\"elementor-element elementor-element-6fcced45 animated-slow elementor-invisible elementor-widget elementor-widget-heading\" data-id=\"6fcced45\" data-element_type=\"widget\" data-e-type=\"widget\" data-settings=\"{&quot;_animation&quot;:&quot;fadeIn&quot;}\" data-widget_type=\"heading.default\">\n\t\t\t\t<div class=\"elementor-widget-container\">\n\t\t\t\t\t<h2 class=\"elementor-heading-title elementor-size-default\">Genagricola \u2013 Ca\u2019 Corniani<\/h2>\t\t\t\t<\/div>\n\t\t\t\t<\/div>\n\t\t\t\t<div class=\"elementor-element elementor-element-218bc0f3 elementor-invisible elementor-widget elementor-widget-text-editor\" data-id=\"218bc0f3\" data-element_type=\"widget\" data-e-type=\"widget\" data-settings=\"{&quot;_animation&quot;:&quot;fadeIn&quot;,&quot;_animation_delay&quot;:200}\" data-widget_type=\"text-editor.default\">\n\t\t\t\t<div class=\"elementor-widget-container\">\n\t\t\t\t\t\t\t\t\t<p data-start=\"10282\" data-end=\"10522\">En las llanuras cultivadas de<em> Ca\u2019 Corniani<\/em>, una inscripci\u00f3n luminosa atraviesa el paisaje. Escrita a mano por Alberto Garutti, aparece como una frase posada sobre la tierra, legible de cerca y de lejos.<\/p><p data-start=\"10524\" data-end=\"10655\">Cada vez que se detecta un rayo en Italia, su luz vibra brevemente. Un latido discreto que conecta instant\u00e1neamente tierra y cielo.<\/p><p data-start=\"10657\" data-end=\"10828\">Pensada como una <em>leyenda del paisaje<\/em>, la obra invita a levantar la mirada y considerar la atm\u00f3sfera como una presencia viva. Un presente compartido por todo un territorio.<\/p><p data-start=\"10657\" data-end=\"10828\"><span class=\"a_GcMg font-feature-liga-off font-feature-clig-off font-feature-calt-off text-decoration-none text-strikethrough-none\">\u00a9 Agostino Osio \/ AltoPiano<\/span><\/p>\t\t\t\t\t\t\t\t<\/div>\n\t\t\t\t<\/div>\n\t\t\t\t<div class=\"elementor-element elementor-element-1986c037 elementor-mobile-align-justify animated-fast elementor-invisible elementor-widget elementor-widget-button\" data-id=\"1986c037\" data-element_type=\"widget\" data-e-type=\"widget\" data-settings=\"{&quot;_animation&quot;:&quot;fadeIn&quot;,&quot;_animation_delay&quot;:400}\" data-widget_type=\"button.default\">\n\t\t\t\t<div class=\"elementor-widget-container\">\n\t\t\t\t\t\t\t\t\t<div class=\"elementor-button-wrapper\">\n\t\t\t\t\t<a class=\"elementor-button elementor-button-link elementor-size-sm elementor-animation-float\" href=\"https:\/\/www.albertogarutti.it\/en\/opera\/queste-luci-vibreranno-quando-in-italia-un-fulmine-cadra-durante-i-temporali-questopera-e-dedicata-a-chi-passando-di-qui-pensera-al-cielo\/\">\n\t\t\t\t\t\t<span class=\"elementor-button-content-wrapper\">\n\t\t\t\t\t\t\t\t\t<span class=\"elementor-button-text\">Explorar la exposici\u00f3n<\/span>\n\t\t\t\t\t<\/span>\n\t\t\t\t\t<\/a>\n\t\t\t\t<\/div>\n\t\t\t\t\t\t\t\t<\/div>\n\t\t\t\t<\/div>\n\t\t\t\t<div class=\"elementor-element elementor-element-3415da63 elementor-widget elementor-widget-spacer\" data-id=\"3415da63\" data-element_type=\"widget\" data-e-type=\"widget\" data-widget_type=\"spacer.default\">\n\t\t\t\t<div class=\"elementor-widget-container\">\n\t\t\t\t\t\t\t<div class=\"elementor-spacer\">\n\t\t\t<div class=\"elementor-spacer-inner\"><\/div>\n\t\t<\/div>\n\t\t\t\t\t\t<\/div>\n\t\t\t\t<\/div>\n\t\t\t\t<div class=\"elementor-element elementor-element-64790d2b elementor-widget elementor-widget-google_maps\" data-id=\"64790d2b\" data-element_type=\"widget\" data-e-type=\"widget\" data-widget_type=\"google_maps.default\">\n\t\t\t\t<div class=\"elementor-widget-container\">\n\t\t\t\t\t\t\t<div class=\"elementor-custom-embed\">\n\t\t\t<iframe loading=\"lazy\"\n\t\t\t\t\tsrc=\"https:\/\/maps.google.com\/maps?q=Ca%E2%80%99%20Corniani%2C%20V%C3%A9n%C3%A9tie%20%28Italie%29&#038;t=m&#038;z=6&#038;output=embed&#038;iwloc=near\"\n\t\t\t\t\ttitle=\"Ca\u2019 Corniani, V\u00e9n\u00e9tie (Italie)\"\n\t\t\t\t\taria-label=\"Ca\u2019 Corniani, V\u00e9n\u00e9tie (Italie)\"\n\t\t\t><\/iframe>\n\t\t<\/div>\n\t\t\t\t\t\t<\/div>\n\t\t\t\t<\/div>\n\t\t\t\t\t<\/div>\n\t\t\t\t<\/div>\n\t\t\t\t<\/div>\n\t\t<div class=\"elementor-element elementor-element-950d969 e-con-full e-flex e-con e-child\" data-id=\"950d969\" data-element_type=\"container\" data-e-type=\"container\">\n\t\t\t\t<div class=\"elementor-element elementor-element-6480b9c0 elementor-invisible elementor-widget elementor-widget-image\" data-id=\"6480b9c0\" data-element_type=\"widget\" data-e-type=\"widget\" data-settings=\"{&quot;motion_fx_motion_fx_scrolling&quot;:&quot;yes&quot;,&quot;motion_fx_translateY_effect&quot;:&quot;yes&quot;,&quot;motion_fx_translateY_direction&quot;:&quot;negative&quot;,&quot;motion_fx_translateY_speed&quot;:{&quot;unit&quot;:&quot;px&quot;,&quot;size&quot;:1.5,&quot;sizes&quot;:[]},&quot;_animation&quot;:&quot;slideInRight&quot;,&quot;motion_fx_translateY_affectedRange&quot;:{&quot;unit&quot;:&quot;%&quot;,&quot;size&quot;:&quot;&quot;,&quot;sizes&quot;:{&quot;start&quot;:0,&quot;end&quot;:100}},&quot;motion_fx_devices&quot;:[&quot;desktop&quot;,&quot;tablet_extra&quot;,&quot;tablet&quot;,&quot;mobile&quot;]}\" data-widget_type=\"image.default\">\n\t\t\t\t<div class=\"elementor-widget-container\">\n\t\t\t\t\t\t\t\t\t\t\t\t\t\t\t<img loading=\"lazy\" decoding=\"async\" width=\"1654\" height=\"1654\" src=\"https:\/\/www.meteorage.com\/wp-content\/uploads\/2026\/04\/Alberto-Garutti-Temporali.jpg\" class=\"attachment-full size-full wp-image-51940\" alt=\"\" srcset=\"https:\/\/www.meteorage.com\/wp-content\/uploads\/2026\/04\/Alberto-Garutti-Temporali.jpg 1654w, https:\/\/www.meteorage.com\/wp-content\/uploads\/2026\/04\/Alberto-Garutti-Temporali-300x300.jpg 300w, https:\/\/www.meteorage.com\/wp-content\/uploads\/2026\/04\/Alberto-Garutti-Temporali-1024x1024.jpg 1024w, https:\/\/www.meteorage.com\/wp-content\/uploads\/2026\/04\/Alberto-Garutti-Temporali-150x150.jpg 150w, https:\/\/www.meteorage.com\/wp-content\/uploads\/2026\/04\/Alberto-Garutti-Temporali-768x768.jpg 768w, https:\/\/www.meteorage.com\/wp-content\/uploads\/2026\/04\/Alberto-Garutti-Temporali-1536x1536.jpg 1536w, https:\/\/www.meteorage.com\/wp-content\/uploads\/2026\/04\/Alberto-Garutti-Temporali-543x543.jpg 543w\" sizes=\"(max-width: 1654px) 100vw, 1654px\" \/>\t\t\t\t\t\t\t\t\t\t\t\t\t\t\t<\/div>\n\t\t\t\t<\/div>\n\t\t\t\t<\/div>\n\t\t\t\t<\/div>\n\t\t<div class=\"elementor-element elementor-element-3bebdcef e-con-full e-flex e-con e-parent\" data-id=\"3bebdcef\" data-element_type=\"container\" data-e-type=\"container\" data-settings=\"{&quot;background_background&quot;:&quot;gradient&quot;}\">\n\t\t<div class=\"elementor-element elementor-element-5ef414b4 e-con-full e-flex e-con e-child\" data-id=\"5ef414b4\" data-element_type=\"container\" data-e-type=\"container\">\n\t\t<div class=\"elementor-element elementor-element-36ba153e e-flex e-con-boxed e-con e-child\" data-id=\"36ba153e\" data-element_type=\"container\" data-e-type=\"container\">\n\t\t\t\t\t<div class=\"e-con-inner\">\n\t\t\t\t<div class=\"elementor-element elementor-element-4fdf129 elementor-widget elementor-widget-heading\" data-id=\"4fdf129\" data-element_type=\"widget\" data-e-type=\"widget\" data-widget_type=\"heading.default\">\n\t\t\t\t<div class=\"elementor-widget-container\">\n\t\t\t\t\t<h4 class=\"elementor-heading-title elementor-size-default\">Instalaci\u00f3n permanente \u2013 desde octubre de 2023\n<\/h4>\t\t\t\t<\/div>\n\t\t\t\t<\/div>\n\t\t\t\t<div class=\"elementor-element elementor-element-266cc9d6 animated-slow elementor-invisible elementor-widget elementor-widget-heading\" data-id=\"266cc9d6\" data-element_type=\"widget\" data-e-type=\"widget\" data-settings=\"{&quot;_animation&quot;:&quot;fadeIn&quot;}\" data-widget_type=\"heading.default\">\n\t\t\t\t<div class=\"elementor-widget-container\">\n\t\t\t\t\t<h2 class=\"elementor-heading-title elementor-size-default\">MAXXI \u2013 Rome <\/h2>\t\t\t\t<\/div>\n\t\t\t\t<\/div>\n\t\t\t\t<div class=\"elementor-element elementor-element-5675bb9f elementor-invisible elementor-widget elementor-widget-text-editor\" data-id=\"5675bb9f\" data-element_type=\"widget\" data-e-type=\"widget\" data-settings=\"{&quot;_animation&quot;:&quot;fadeIn&quot;,&quot;_animation_delay&quot;:200}\" data-widget_type=\"text-editor.default\">\n\t\t\t\t<div class=\"elementor-widget-container\">\n\t\t\t\t\t\t\t\t\t<p data-start=\"10830\" data-end=\"10977\">Instalada en la fachada del <em>MAXXI<\/em>, Temporali se despliega como una frase luminosa sobre la ciudad.<\/p><p data-start=\"10979\" data-end=\"11107\">Cada rayo detectado en Italia aumenta brevemente la intensidad de la inscripci\u00f3n. La tormenta, invisible, se vuelve perceptible.<\/p><p data-start=\"11109\" data-end=\"11232\">La obra establece un v\u00ednculo directo entre energ\u00eda natural y experiencia cotidiana. No solo detecta la tormenta: la revela.<\/p><p data-start=\"11234\" data-end=\"11373\">Aqu\u00ed, el arte act\u00faa como mediador silencioso entre el ser humano y el mundo, recordando que el cielo, aunque lejano, nos concierne a todos.<\/p><p data-start=\"11234\" data-end=\"11373\"><span class=\"a_GcMg font-feature-liga-off font-feature-clig-off font-feature-calt-off text-decoration-none text-strikethrough-none\">\u00a9 Melania Dalle Grave- DSL Studio, courtesy Fondazione MAXXI<\/span><\/p>\t\t\t\t\t\t\t\t<\/div>\n\t\t\t\t<\/div>\n\t\t\t\t<div class=\"elementor-element elementor-element-4b9db3ff elementor-mobile-align-justify animated-fast elementor-invisible elementor-widget elementor-widget-button\" data-id=\"4b9db3ff\" data-element_type=\"widget\" data-e-type=\"widget\" data-settings=\"{&quot;_animation&quot;:&quot;fadeIn&quot;,&quot;_animation_delay&quot;:400}\" data-widget_type=\"button.default\">\n\t\t\t\t<div class=\"elementor-widget-container\">\n\t\t\t\t\t\t\t\t\t<div class=\"elementor-button-wrapper\">\n\t\t\t\t\t<a class=\"elementor-button elementor-button-link elementor-size-sm elementor-animation-float\" href=\"https:\/\/www.maxxi.art\/events\/alberto-garutti\/\">\n\t\t\t\t\t\t<span class=\"elementor-button-content-wrapper\">\n\t\t\t\t\t\t\t\t\t<span class=\"elementor-button-text\">Explorar la exposici\u00f3n<\/span>\n\t\t\t\t\t<\/span>\n\t\t\t\t\t<\/a>\n\t\t\t\t<\/div>\n\t\t\t\t\t\t\t\t<\/div>\n\t\t\t\t<\/div>\n\t\t\t\t<div class=\"elementor-element elementor-element-4f604def elementor-widget elementor-widget-spacer\" data-id=\"4f604def\" data-element_type=\"widget\" data-e-type=\"widget\" data-widget_type=\"spacer.default\">\n\t\t\t\t<div class=\"elementor-widget-container\">\n\t\t\t\t\t\t\t<div class=\"elementor-spacer\">\n\t\t\t<div class=\"elementor-spacer-inner\"><\/div>\n\t\t<\/div>\n\t\t\t\t\t\t<\/div>\n\t\t\t\t<\/div>\n\t\t\t\t<div class=\"elementor-element elementor-element-741fd0dc elementor-widget elementor-widget-google_maps\" data-id=\"741fd0dc\" data-element_type=\"widget\" data-e-type=\"widget\" data-widget_type=\"google_maps.default\">\n\t\t\t\t<div class=\"elementor-widget-container\">\n\t\t\t\t\t\t\t<div class=\"elementor-custom-embed\">\n\t\t\t<iframe loading=\"lazy\"\n\t\t\t\t\tsrc=\"https:\/\/maps.google.com\/maps?q=Museo%20nazionale%20delle%20arti%20del%20XXI%20secolo&#038;t=m&#038;z=6&#038;output=embed&#038;iwloc=near\"\n\t\t\t\t\ttitle=\"Museo nazionale delle arti del XXI secolo\"\n\t\t\t\t\taria-label=\"Museo nazionale delle arti del XXI secolo\"\n\t\t\t><\/iframe>\n\t\t<\/div>\n\t\t\t\t\t\t<\/div>\n\t\t\t\t<\/div>\n\t\t\t\t\t<\/div>\n\t\t\t\t<\/div>\n\t\t\t\t<\/div>\n\t\t<div class=\"elementor-element elementor-element-316b3e23 e-con-full e-flex e-con e-child\" data-id=\"316b3e23\" data-element_type=\"container\" data-e-type=\"container\">\n\t\t\t\t<div class=\"elementor-element elementor-element-74bbf5fa elementor-invisible elementor-widget elementor-widget-image\" data-id=\"74bbf5fa\" data-element_type=\"widget\" data-e-type=\"widget\" data-settings=\"{&quot;motion_fx_motion_fx_scrolling&quot;:&quot;yes&quot;,&quot;motion_fx_translateY_effect&quot;:&quot;yes&quot;,&quot;motion_fx_translateY_direction&quot;:&quot;negative&quot;,&quot;motion_fx_translateY_speed&quot;:{&quot;unit&quot;:&quot;px&quot;,&quot;size&quot;:1.5,&quot;sizes&quot;:[]},&quot;_animation&quot;:&quot;slideInRight&quot;,&quot;motion_fx_translateY_affectedRange&quot;:{&quot;unit&quot;:&quot;%&quot;,&quot;size&quot;:&quot;&quot;,&quot;sizes&quot;:{&quot;start&quot;:0,&quot;end&quot;:100}},&quot;motion_fx_devices&quot;:[&quot;desktop&quot;,&quot;tablet_extra&quot;,&quot;tablet&quot;,&quot;mobile&quot;]}\" data-widget_type=\"image.default\">\n\t\t\t\t<div class=\"elementor-widget-container\">\n\t\t\t\t\t\t\t\t\t\t\t\t\t\t\t<img loading=\"lazy\" decoding=\"async\" width=\"1654\" height=\"1654\" src=\"https:\/\/www.meteorage.com\/wp-content\/uploads\/2026\/04\/Alberto-Garutti-@Melania-Dalle-Grave-DSL-Studio_MG_6199-Modifica.jpg\" class=\"attachment-full size-full wp-image-51934\" alt=\"\" srcset=\"https:\/\/www.meteorage.com\/wp-content\/uploads\/2026\/04\/Alberto-Garutti-@Melania-Dalle-Grave-DSL-Studio_MG_6199-Modifica.jpg 1654w, https:\/\/www.meteorage.com\/wp-content\/uploads\/2026\/04\/Alberto-Garutti-@Melania-Dalle-Grave-DSL-Studio_MG_6199-Modifica-300x300.jpg 300w, https:\/\/www.meteorage.com\/wp-content\/uploads\/2026\/04\/Alberto-Garutti-@Melania-Dalle-Grave-DSL-Studio_MG_6199-Modifica-1024x1024.jpg 1024w, https:\/\/www.meteorage.com\/wp-content\/uploads\/2026\/04\/Alberto-Garutti-@Melania-Dalle-Grave-DSL-Studio_MG_6199-Modifica-150x150.jpg 150w, https:\/\/www.meteorage.com\/wp-content\/uploads\/2026\/04\/Alberto-Garutti-@Melania-Dalle-Grave-DSL-Studio_MG_6199-Modifica-768x768.jpg 768w, https:\/\/www.meteorage.com\/wp-content\/uploads\/2026\/04\/Alberto-Garutti-@Melania-Dalle-Grave-DSL-Studio_MG_6199-Modifica-1536x1536.jpg 1536w, https:\/\/www.meteorage.com\/wp-content\/uploads\/2026\/04\/Alberto-Garutti-@Melania-Dalle-Grave-DSL-Studio_MG_6199-Modifica-543x543.jpg 543w\" sizes=\"(max-width: 1654px) 100vw, 1654px\" \/>\t\t\t\t\t\t\t\t\t\t\t\t\t\t\t<\/div>\n\t\t\t\t<\/div>\n\t\t\t\t<\/div>\n\t\t\t\t<\/div>\n\t\t<div class=\"elementor-element elementor-element-1e54f7ce e-flex e-con-boxed e-con e-parent\" data-id=\"1e54f7ce\" data-element_type=\"container\" data-e-type=\"container\">\n\t\t\t\t\t<div class=\"e-con-inner\">\n\t\t<div class=\"elementor-element elementor-element-d9343dc e-con-full e-flex e-con e-child\" data-id=\"d9343dc\" data-element_type=\"container\" data-e-type=\"container\">\n\t\t\t\t<div class=\"elementor-element elementor-element-373d12b5 elementor-widget elementor-widget-heading\" data-id=\"373d12b5\" data-element_type=\"widget\" data-e-type=\"widget\" data-widget_type=\"heading.default\">\n\t\t\t\t<div class=\"elementor-widget-container\">\n\t\t\t\t\t<h1 class=\"elementor-heading-title elementor-size-default\">Obras <\/br>\u201cdedicadas a quienes, al pasar, piensan en el cielo\u201d<\/h1>\t\t\t\t<\/div>\n\t\t\t\t<\/div>\n\t\t\t\t<div class=\"elementor-element elementor-element-72552a9a elementor-widget elementor-widget-text-editor\" data-id=\"72552a9a\" data-element_type=\"widget\" data-e-type=\"widget\" data-widget_type=\"text-editor.default\">\n\t\t\t\t<div class=\"elementor-widget-container\">\n\t\t\t\t\t\t\t\t\t<p><style>\na {<br \/>    text-decoration: none;<br \/>    color: #464feb;<br \/>}<br \/>tr th, tr td {<br \/>    border: 1px solid #e6e6e6;<br \/>}<br \/>tr th {<br \/>    background-color: #f5f5f5;<br \/>}<br \/><\/style><\/p><div><p data-start=\"11444\" data-end=\"11539\">Queremos rendir un \u00faltimo homenaje a <strong>Alberto Garutti<\/strong>, artista, profesor e intelectual italiano.<\/p><p data-start=\"11541\" data-end=\"11743\">Nuestros caminos se cruzaron en torno a la obra Temporali, dentro del proyecto<strong> Tre Soglie en Ca\u2019 Corniani<\/strong>. Una obra hecha de luz y datos, que interroga con delicadeza el v\u00ednculo entre arte y naturaleza.<\/p><p data-start=\"11745\" data-end=\"11825\">Agradecemos a Alberto y al<strong> Studio Alberto Garutti<\/strong> por esta valiosa colaboraci\u00f3n.<\/p><\/div>\t\t\t\t\t\t\t\t<\/div>\n\t\t\t\t<\/div>\n\t\t\t\t<\/div>\n\t\t<div class=\"elementor-element elementor-element-66aeec95 e-con-full e-flex e-con e-child\" data-id=\"66aeec95\" data-element_type=\"container\" data-e-type=\"container\" data-settings=\"{&quot;background_background&quot;:&quot;classic&quot;}\">\n\t\t\t\t<div class=\"elementor-element elementor-element-122683d6 elementor-widget__width-initial elementor-view-default elementor-widget elementor-widget-icon\" data-id=\"122683d6\" data-element_type=\"widget\" data-e-type=\"widget\" data-widget_type=\"icon.default\">\n\t\t\t\t<div class=\"elementor-widget-container\">\n\t\t\t\t\t\t\t<div class=\"elementor-icon-wrapper\">\n\t\t\t<div class=\"elementor-icon\">\n\t\t\t<svg xmlns=\"http:\/\/www.w3.org\/2000\/svg\" viewBox=\"0 0 25 22\"><path d=\"M24.846.345v4.16c-.996.087-1.906.477-2.73 1.17-.78.694-1.408 1.582-1.884 2.665-.434 1.04-.65 2.188-.65 3.445h5.07v10.01H14.315V12.89c0-2.73.477-4.983 1.43-6.76.997-1.776 2.297-3.141 3.9-4.095a12.275 12.275 0 0 1 5.2-1.69Zm-14.104 0v4.16c-.997.087-1.907.477-2.73 1.17-.78.694-1.409 1.582-1.886 2.665-.433 1.04-.65 2.188-.65 3.445h5.006v10.01H.146V12.89c0-2.73.499-4.983 1.495-6.76.997-1.776 2.297-3.141 3.9-4.095a12.275 12.275 0 0 1 5.2-1.69Z\"><\/path><\/svg>\t\t\t<\/div>\n\t\t<\/div>\n\t\t\t\t\t\t<\/div>\n\t\t\t\t<\/div>\n\t\t\t\t<div class=\"elementor-element elementor-element-7c503b23 elementor-widget__width-initial elementor-widget-tablet__width-inherit elementor-testimonial--skin-default elementor-testimonial--layout-image_inline elementor-testimonial--align-center elementor-arrows-yes elementor-pagination-type-bullets elementor-widget elementor-widget-testimonial-carousel\" data-id=\"7c503b23\" data-element_type=\"widget\" data-e-type=\"widget\" data-settings=\"{&quot;show_arrows&quot;:&quot;yes&quot;,&quot;pagination&quot;:&quot;bullets&quot;,&quot;speed&quot;:500,&quot;autoplay&quot;:&quot;yes&quot;,&quot;autoplay_speed&quot;:5000,&quot;loop&quot;:&quot;yes&quot;,&quot;pause_on_hover&quot;:&quot;yes&quot;,&quot;pause_on_interaction&quot;:&quot;yes&quot;,&quot;space_between&quot;:{&quot;unit&quot;:&quot;px&quot;,&quot;size&quot;:10,&quot;sizes&quot;:[]},&quot;space_between_tablet_extra&quot;:{&quot;unit&quot;:&quot;px&quot;,&quot;size&quot;:10,&quot;sizes&quot;:[]},&quot;space_between_tablet&quot;:{&quot;unit&quot;:&quot;px&quot;,&quot;size&quot;:10,&quot;sizes&quot;:[]},&quot;space_between_mobile&quot;:{&quot;unit&quot;:&quot;px&quot;,&quot;size&quot;:10,&quot;sizes&quot;:[]}}\" data-widget_type=\"testimonial-carousel.default\">\n\t\t\t\t<div class=\"elementor-widget-container\">\n\t\t\t\t\t\t\t\t\t<div class=\"elementor-swiper\">\n\t\t\t\t\t<div class=\"elementor-main-swiper swiper\" role=\"region\" aria-roledescription=\"carousel\" aria-label=\"Diapositives\">\n\t\t\t\t<div class=\"swiper-wrapper\">\n\t\t\t\t\t\t\t\t\t\t\t<div class=\"swiper-slide\" role=\"group\" aria-roledescription=\"slide\">\n\t\t\t\t\t\t\t\t\t<div class=\"elementor-testimonial\">\n\t\t\t\t\t\t\t<div class=\"elementor-testimonial__content\">\n\t\t\t\t\t<div class=\"elementor-testimonial__text\">\n\t\t\t\t\t\tQueste luci vibreranno quando in Italia un fulmine cadr\u00e0 durante i temporali.<\/br>\nQuest'opera \u00e8 dedicata a chi passando di qui penser\u00e0 al cielo.\t\t\t\t\t<\/div>\n\t\t\t\t\t\t\t\t\t<\/div>\n\t\t\t\t\t\t<div class=\"elementor-testimonial__footer\">\n\t\t\t\t\t\t\t\t<cite class=\"elementor-testimonial__cite\"><span class=\"elementor-testimonial__name\">Alberto Garutti<\/span><span class=\"elementor-testimonial__title\">artista e intelectual italiano<\/span><\/cite>\t\t\t<\/div>\n\t\t<\/div>\n\t\t\t\t\t\t\t\t<\/div>\n\t\t\t\t\t\t\t\t\t<\/div>\n\t\t\t\t\t\t\t<\/div>\n\t\t\t\t<\/div>\n\t\t\t\t\t\t\t\t<\/div>\n\t\t\t\t<\/div>\n\t\t\t\t<\/div>\n\t\t\t\t\t<\/div>\n\t\t\t\t<\/div>\n\t\t\t\t<\/div>\n\t\t","protected":false},"featured_media":51916,"template":"","blog_category":[335],"class_list":["post-51993","blog","type-blog","status-publish","has-post-thumbnail","hentry","blog_category-empresa-es"],"acf":[],"yoast_head":"<!-- This site is optimized with the Yoast SEO plugin v27.5 - https:\/\/yoast.com\/product\/yoast-seo-wordpress\/ -->\n<title>Alberto Garutti: obras que viven al ritmo de las tormentas - METEORAGE<\/title>\n<meta name=\"description\" content=\"Descubre las instalaciones de Alberto Garutti que se iluminan con cada rayo en Italia. Entre arte y ciencia, estas obras permanentes y temporales transforman el cielo en una experiencia po\u00e9tica e inmersiva.\" \/>\n<meta name=\"robots\" content=\"index, follow, max-snippet:-1, max-image-preview:large, max-video-preview:-1\" \/>\n<link rel=\"canonical\" href=\"https:\/\/www.meteorage.com\/es\/meteorage-in-tempo-reale\/alberto-garutti-obras-rayos\/\" \/>\n<meta property=\"og:locale\" content=\"es_ES\" \/>\n<meta property=\"og:type\" content=\"article\" \/>\n<meta property=\"og:title\" content=\"Alberto Garutti: obras que viven al ritmo de las tormentas - METEORAGE\" \/>\n<meta property=\"og:description\" content=\"Descubre las instalaciones de Alberto Garutti que se iluminan con cada rayo en Italia. Entre arte y ciencia, estas obras permanentes y temporales transforman el cielo en una experiencia po\u00e9tica e inmersiva.\" \/>\n<meta property=\"og:url\" content=\"https:\/\/www.meteorage.com\/es\/meteorage-in-tempo-reale\/alberto-garutti-obras-rayos\/\" \/>\n<meta property=\"og:site_name\" content=\"METEORAGE\" \/>\n<meta property=\"article:modified_time\" content=\"2026-04-13T07:38:28+00:00\" \/>\n<meta property=\"og:image\" content=\"https:\/\/www.meteorage.com\/wp-content\/uploads\/2026\/04\/Alberto-Garutti-Temporali-2015-e1775811943185.jpg\" \/>\n\t<meta property=\"og:image:width\" content=\"1654\" \/>\n\t<meta property=\"og:image:height\" content=\"1654\" \/>\n\t<meta property=\"og:image:type\" content=\"image\/jpeg\" \/>\n<meta name=\"twitter:card\" content=\"summary_large_image\" \/>\n<meta name=\"twitter:label1\" content=\"Tiempo de lectura\" \/>\n\t<meta name=\"twitter:data1\" content=\"4 minutos\" \/>\n<script type=\"application\/ld+json\" class=\"yoast-schema-graph\">{\"@context\":\"https:\\\/\\\/schema.org\",\"@graph\":[{\"@type\":\"WebPage\",\"@id\":\"https:\\\/\\\/www.meteorage.com\\\/es\\\/meteorage-in-tempo-reale\\\/alberto-garutti-obras-rayos\\\/\",\"url\":\"https:\\\/\\\/www.meteorage.com\\\/es\\\/meteorage-in-tempo-reale\\\/alberto-garutti-obras-rayos\\\/\",\"name\":\"Alberto Garutti: obras que viven al ritmo de las tormentas - METEORAGE\",\"isPartOf\":{\"@id\":\"https:\\\/\\\/www.meteorage.com\\\/es\\\/#website\"},\"primaryImageOfPage\":{\"@id\":\"https:\\\/\\\/www.meteorage.com\\\/es\\\/meteorage-in-tempo-reale\\\/alberto-garutti-obras-rayos\\\/#primaryimage\"},\"image\":{\"@id\":\"https:\\\/\\\/www.meteorage.com\\\/es\\\/meteorage-in-tempo-reale\\\/alberto-garutti-obras-rayos\\\/#primaryimage\"},\"thumbnailUrl\":\"https:\\\/\\\/www.meteorage.com\\\/wp-content\\\/uploads\\\/2026\\\/04\\\/Alberto-Garutti-Temporali-2015-e1775811943185.jpg\",\"datePublished\":\"2026-04-10T09:28:00+00:00\",\"dateModified\":\"2026-04-13T07:38:28+00:00\",\"description\":\"Descubre las instalaciones de Alberto Garutti que se iluminan con cada rayo en Italia. Entre arte y ciencia, estas obras permanentes y temporales transforman el cielo en una experiencia po\u00e9tica e inmersiva.\",\"breadcrumb\":{\"@id\":\"https:\\\/\\\/www.meteorage.com\\\/es\\\/meteorage-in-tempo-reale\\\/alberto-garutti-obras-rayos\\\/#breadcrumb\"},\"inLanguage\":\"es\",\"potentialAction\":[{\"@type\":\"ReadAction\",\"target\":[\"https:\\\/\\\/www.meteorage.com\\\/es\\\/meteorage-in-tempo-reale\\\/alberto-garutti-obras-rayos\\\/\"]}]},{\"@type\":\"ImageObject\",\"inLanguage\":\"es\",\"@id\":\"https:\\\/\\\/www.meteorage.com\\\/es\\\/meteorage-in-tempo-reale\\\/alberto-garutti-obras-rayos\\\/#primaryimage\",\"url\":\"https:\\\/\\\/www.meteorage.com\\\/wp-content\\\/uploads\\\/2026\\\/04\\\/Alberto-Garutti-Temporali-2015-e1775811943185.jpg\",\"contentUrl\":\"https:\\\/\\\/www.meteorage.com\\\/wp-content\\\/uploads\\\/2026\\\/04\\\/Alberto-Garutti-Temporali-2015-e1775811943185.jpg\",\"width\":1654,\"height\":1654},{\"@type\":\"BreadcrumbList\",\"@id\":\"https:\\\/\\\/www.meteorage.com\\\/es\\\/meteorage-in-tempo-reale\\\/alberto-garutti-obras-rayos\\\/#breadcrumb\",\"itemListElement\":[{\"@type\":\"ListItem\",\"position\":1,\"name\":\"Accueil\",\"item\":\"https:\\\/\\\/www.meteorage.com\\\/es\\\/\"},{\"@type\":\"ListItem\",\"position\":2,\"name\":\"Alberto Garutti: obras que viven al ritmo de las tormentas\"}]},{\"@type\":\"WebSite\",\"@id\":\"https:\\\/\\\/www.meteorage.com\\\/es\\\/#website\",\"url\":\"https:\\\/\\\/www.meteorage.com\\\/es\\\/\",\"name\":\"METEORAGE\",\"description\":\"\",\"publisher\":{\"@id\":\"https:\\\/\\\/www.meteorage.com\\\/es\\\/#organization\"},\"potentialAction\":[{\"@type\":\"SearchAction\",\"target\":{\"@type\":\"EntryPoint\",\"urlTemplate\":\"https:\\\/\\\/www.meteorage.com\\\/es\\\/?s={search_term_string}\"},\"query-input\":{\"@type\":\"PropertyValueSpecification\",\"valueRequired\":true,\"valueName\":\"search_term_string\"}}],\"inLanguage\":\"es\"},{\"@type\":\"Organization\",\"@id\":\"https:\\\/\\\/www.meteorage.com\\\/es\\\/#organization\",\"name\":\"METEORAGE\",\"url\":\"https:\\\/\\\/www.meteorage.com\\\/es\\\/\",\"logo\":{\"@type\":\"ImageObject\",\"inLanguage\":\"es\",\"@id\":\"https:\\\/\\\/www.meteorage.com\\\/es\\\/#\\\/schema\\\/logo\\\/image\\\/\",\"url\":\"https:\\\/\\\/www.meteorage.com\\\/wp-content\\\/uploads\\\/2025\\\/10\\\/02.-Logo-METEORAGE-horizontal-blanc.png.webp\",\"contentUrl\":\"https:\\\/\\\/www.meteorage.com\\\/wp-content\\\/uploads\\\/2025\\\/10\\\/02.-Logo-METEORAGE-horizontal-blanc.png.webp\",\"width\":2445,\"height\":501,\"caption\":\"METEORAGE\"},\"image\":{\"@id\":\"https:\\\/\\\/www.meteorage.com\\\/es\\\/#\\\/schema\\\/logo\\\/image\\\/\"}}]}<\/script>\n<!-- \/ Yoast SEO plugin. -->","yoast_head_json":{"title":"Alberto Garutti: obras que viven al ritmo de las tormentas - METEORAGE","description":"Descubre las instalaciones de Alberto Garutti que se iluminan con cada rayo en Italia. Entre arte y ciencia, estas obras permanentes y temporales transforman el cielo en una experiencia po\u00e9tica e inmersiva.","robots":{"index":"index","follow":"follow","max-snippet":"max-snippet:-1","max-image-preview":"max-image-preview:large","max-video-preview":"max-video-preview:-1"},"canonical":"https:\/\/www.meteorage.com\/es\/meteorage-in-tempo-reale\/alberto-garutti-obras-rayos\/","og_locale":"es_ES","og_type":"article","og_title":"Alberto Garutti: obras que viven al ritmo de las tormentas - METEORAGE","og_description":"Descubre las instalaciones de Alberto Garutti que se iluminan con cada rayo en Italia. Entre arte y ciencia, estas obras permanentes y temporales transforman el cielo en una experiencia po\u00e9tica e inmersiva.","og_url":"https:\/\/www.meteorage.com\/es\/meteorage-in-tempo-reale\/alberto-garutti-obras-rayos\/","og_site_name":"METEORAGE","article_modified_time":"2026-04-13T07:38:28+00:00","og_image":[{"width":1654,"height":1654,"url":"https:\/\/www.meteorage.com\/wp-content\/uploads\/2026\/04\/Alberto-Garutti-Temporali-2015-e1775811943185.jpg","type":"image\/jpeg"}],"twitter_card":"summary_large_image","twitter_misc":{"Tiempo de lectura":"4 minutos"},"schema":{"@context":"https:\/\/schema.org","@graph":[{"@type":"WebPage","@id":"https:\/\/www.meteorage.com\/es\/meteorage-in-tempo-reale\/alberto-garutti-obras-rayos\/","url":"https:\/\/www.meteorage.com\/es\/meteorage-in-tempo-reale\/alberto-garutti-obras-rayos\/","name":"Alberto Garutti: obras que viven al ritmo de las tormentas - METEORAGE","isPartOf":{"@id":"https:\/\/www.meteorage.com\/es\/#website"},"primaryImageOfPage":{"@id":"https:\/\/www.meteorage.com\/es\/meteorage-in-tempo-reale\/alberto-garutti-obras-rayos\/#primaryimage"},"image":{"@id":"https:\/\/www.meteorage.com\/es\/meteorage-in-tempo-reale\/alberto-garutti-obras-rayos\/#primaryimage"},"thumbnailUrl":"https:\/\/www.meteorage.com\/wp-content\/uploads\/2026\/04\/Alberto-Garutti-Temporali-2015-e1775811943185.jpg","datePublished":"2026-04-10T09:28:00+00:00","dateModified":"2026-04-13T07:38:28+00:00","description":"Descubre las instalaciones de Alberto Garutti que se iluminan con cada rayo en Italia. Entre arte y ciencia, estas obras permanentes y temporales transforman el cielo en una experiencia po\u00e9tica e inmersiva.","breadcrumb":{"@id":"https:\/\/www.meteorage.com\/es\/meteorage-in-tempo-reale\/alberto-garutti-obras-rayos\/#breadcrumb"},"inLanguage":"es","potentialAction":[{"@type":"ReadAction","target":["https:\/\/www.meteorage.com\/es\/meteorage-in-tempo-reale\/alberto-garutti-obras-rayos\/"]}]},{"@type":"ImageObject","inLanguage":"es","@id":"https:\/\/www.meteorage.com\/es\/meteorage-in-tempo-reale\/alberto-garutti-obras-rayos\/#primaryimage","url":"https:\/\/www.meteorage.com\/wp-content\/uploads\/2026\/04\/Alberto-Garutti-Temporali-2015-e1775811943185.jpg","contentUrl":"https:\/\/www.meteorage.com\/wp-content\/uploads\/2026\/04\/Alberto-Garutti-Temporali-2015-e1775811943185.jpg","width":1654,"height":1654},{"@type":"BreadcrumbList","@id":"https:\/\/www.meteorage.com\/es\/meteorage-in-tempo-reale\/alberto-garutti-obras-rayos\/#breadcrumb","itemListElement":[{"@type":"ListItem","position":1,"name":"Accueil","item":"https:\/\/www.meteorage.com\/es\/"},{"@type":"ListItem","position":2,"name":"Alberto Garutti: obras que viven al ritmo de las tormentas"}]},{"@type":"WebSite","@id":"https:\/\/www.meteorage.com\/es\/#website","url":"https:\/\/www.meteorage.com\/es\/","name":"METEORAGE","description":"","publisher":{"@id":"https:\/\/www.meteorage.com\/es\/#organization"},"potentialAction":[{"@type":"SearchAction","target":{"@type":"EntryPoint","urlTemplate":"https:\/\/www.meteorage.com\/es\/?s={search_term_string}"},"query-input":{"@type":"PropertyValueSpecification","valueRequired":true,"valueName":"search_term_string"}}],"inLanguage":"es"},{"@type":"Organization","@id":"https:\/\/www.meteorage.com\/es\/#organization","name":"METEORAGE","url":"https:\/\/www.meteorage.com\/es\/","logo":{"@type":"ImageObject","inLanguage":"es","@id":"https:\/\/www.meteorage.com\/es\/#\/schema\/logo\/image\/","url":"https:\/\/www.meteorage.com\/wp-content\/uploads\/2025\/10\/02.-Logo-METEORAGE-horizontal-blanc.png.webp","contentUrl":"https:\/\/www.meteorage.com\/wp-content\/uploads\/2025\/10\/02.-Logo-METEORAGE-horizontal-blanc.png.webp","width":2445,"height":501,"caption":"METEORAGE"},"image":{"@id":"https:\/\/www.meteorage.com\/es\/#\/schema\/logo\/image\/"}}]}},"_links":{"self":[{"href":"https:\/\/www.meteorage.com\/es\/wp-json\/wp\/v2\/blog\/51993","targetHints":{"allow":["GET"]}}],"collection":[{"href":"https:\/\/www.meteorage.com\/es\/wp-json\/wp\/v2\/blog"}],"about":[{"href":"https:\/\/www.meteorage.com\/es\/wp-json\/wp\/v2\/types\/blog"}],"version-history":[{"count":0,"href":"https:\/\/www.meteorage.com\/es\/wp-json\/wp\/v2\/blog\/51993\/revisions"}],"wp:featuredmedia":[{"embeddable":true,"href":"https:\/\/www.meteorage.com\/es\/wp-json\/wp\/v2\/media\/51916"}],"wp:attachment":[{"href":"https:\/\/www.meteorage.com\/es\/wp-json\/wp\/v2\/media?parent=51993"}],"wp:term":[{"taxonomy":"blog_category","embeddable":true,"href":"https:\/\/www.meteorage.com\/es\/wp-json\/wp\/v2\/blog_category?post=51993"}],"curies":[{"name":"wp","href":"https:\/\/api.w.org\/{rel}","templated":true}]}}