{"id":37536,"date":"2024-11-14T13:26:08","date_gmt":"2024-11-14T12:26:08","guid":{"rendered":"https:\/\/www.meteorage.com\/?post_type=blog&#038;p=37536"},"modified":"2025-04-11T15:21:24","modified_gmt":"2025-04-11T13:21:24","slug":"etude-de-cas-episode-pluvio-orageux-en-espagne-de-fin-octobre-2024","status":"publish","type":"blog","link":"https:\/\/www.meteorage.com\/fr\/meteorage-en-direct\/etude-de-cas-episode-pluvio-orageux-en-espagne-de-fin-octobre-2024\/","title":{"rendered":"Orages et inondations en Espagne (octobre 2024)"},"content":{"rendered":"\t\t<div data-elementor-type=\"wp-post\" data-elementor-id=\"37536\" class=\"elementor elementor-37536\" data-elementor-post-type=\"blog\">\n\t\t\t\t<div class=\"elementor-element elementor-element-efeef60 e-con-full e-flex e-con e-parent\" data-id=\"efeef60\" data-element_type=\"container\" data-e-type=\"container\">\n\t\t<div class=\"elementor-element elementor-element-2415b99 e-con-full banner-type-detail e-flex e-con e-child\" data-id=\"2415b99\" data-element_type=\"container\" data-e-type=\"container\" data-settings=\"{&quot;background_background&quot;:&quot;classic&quot;}\">\n\t\t\t\t<div class=\"elementor-element elementor-element-837c97f elementor-widget elementor-widget-spacer\" data-id=\"837c97f\" data-element_type=\"widget\" data-e-type=\"widget\" data-widget_type=\"spacer.default\">\n\t\t\t\t<div class=\"elementor-widget-container\">\n\t\t\t\t\t\t\t<div class=\"elementor-spacer\">\n\t\t\t<div class=\"elementor-spacer-inner\"><\/div>\n\t\t<\/div>\n\t\t\t\t\t\t<\/div>\n\t\t\t\t<\/div>\n\t\t<div class=\"elementor-element elementor-element-c013ce3 banner-content e-flex e-con-boxed e-con e-child\" data-id=\"c013ce3\" data-element_type=\"container\" data-e-type=\"container\">\n\t\t\t\t\t<div class=\"e-con-inner\">\n\t\t\t\t<div class=\"elementor-element elementor-element-2563499 type-primary elementor-widget elementor-widget-shortcode\" data-id=\"2563499\" data-element_type=\"widget\" data-e-type=\"widget\" data-widget_type=\"shortcode.default\">\n\t\t\t\t<div class=\"elementor-widget-container\">\n\t\t\t\t\t\t\t<div class=\"elementor-shortcode\"><div class=\"category-items-wrapper\"><div class=\"term-item\">Etude de cas<\/div><\/div><\/div>\n\t\t\t\t\t\t<\/div>\n\t\t\t\t<\/div>\n\t\t\t\t<div class=\"elementor-element elementor-element-1da9222 elementor-widget elementor-widget-heading\" data-id=\"1da9222\" data-element_type=\"widget\" data-e-type=\"widget\" data-widget_type=\"heading.default\">\n\t\t\t\t<div class=\"elementor-widget-container\">\n\t\t\t\t\t<h1 class=\"elementor-heading-title elementor-size-default\">Orages et inondations en Espagne<\/h1>\t\t\t\t<\/div>\n\t\t\t\t<\/div>\n\t\t\t\t<div class=\"elementor-element elementor-element-86aa7b7 elementor-widget__width-initial elementor-widget elementor-widget-text-editor\" data-id=\"86aa7b7\" data-element_type=\"widget\" data-e-type=\"widget\" data-widget_type=\"text-editor.default\">\n\t\t\t\t<div class=\"elementor-widget-container\">\n\t\t\t\t\t\t\t\t\t<p>Fin octobre 2024, des orages stationnaires et une activit\u00e9 \u00e9lectrique intense ont aggrav\u00e9 les inondations en Espagne, dans la r\u00e9gion de Valence.&nbsp;<span style=\"color: var( --e-global-color-9704bde );\">Lisez notre analyse pour comprendre cet \u00e9v\u00e9nement m\u00e9t\u00e9o extr\u00eame.<\/span><\/p>\t\t\t\t\t\t\t\t<\/div>\n\t\t\t\t<\/div>\n\t\t\t\t<div class=\"elementor-element elementor-element-3bca494 elementor-align-center elementor-widget elementor-widget-ube-button\" data-id=\"3bca494\" data-element_type=\"widget\" data-e-type=\"widget\" data-widget_type=\"ube-button.default\">\n\t\t\t\t<div class=\"elementor-widget-container\">\n\t\t\t\t\t<a class=\"ube-btn btn btn-md btn- btn-link\" href=\"https:\/\/www.meteorage.com\/fr\/meteorage-en-direct\/\">\n\t    <span class=\"ube-btn-text\">&lt; retour \u00e0 METEORAGE en direct<\/span>\n\t<\/a>\n\n\n\t\t\t\t<\/div>\n\t\t\t\t<\/div>\n\t\t\t\t\t<\/div>\n\t\t\t\t<\/div>\n\t\t\t\t<\/div>\n\t\t\t\t<\/div>\n\t\t<div class=\"elementor-element elementor-element-0a3dafe e-flex e-con-boxed e-con e-child\" data-id=\"0a3dafe\" data-element_type=\"container\" data-e-type=\"container\">\n\t\t\t\t\t<div class=\"e-con-inner\">\n\t\t\t\t<div class=\"elementor-element elementor-element-ac5241c elementor-widget elementor-widget-spacer\" data-id=\"ac5241c\" data-element_type=\"widget\" data-e-type=\"widget\" data-widget_type=\"spacer.default\">\n\t\t\t\t<div class=\"elementor-widget-container\">\n\t\t\t\t\t\t\t<div class=\"elementor-spacer\">\n\t\t\t<div class=\"elementor-spacer-inner\"><\/div>\n\t\t<\/div>\n\t\t\t\t\t\t<\/div>\n\t\t\t\t<\/div>\n\t\t\t\t\t<\/div>\n\t\t\t\t<\/div>\n\t\t<div class=\"elementor-element elementor-element-3bae112 e-con-full e-flex e-con e-parent\" data-id=\"3bae112\" data-element_type=\"container\" data-e-type=\"container\">\n\t\t<div class=\"elementor-element elementor-element-78ff23a e-flex e-con-boxed e-con e-child\" data-id=\"78ff23a\" data-element_type=\"container\" data-e-type=\"container\">\n\t\t\t\t\t<div class=\"e-con-inner\">\n\t\t<div class=\"elementor-element elementor-element-457bab7 e-con-full e-flex e-con e-child\" data-id=\"457bab7\" data-element_type=\"container\" data-e-type=\"container\">\n\t\t\t\t<div class=\"elementor-element elementor-element-c1573b1 elementor-widget elementor-widget-spacer\" data-id=\"c1573b1\" data-element_type=\"widget\" data-e-type=\"widget\" data-widget_type=\"spacer.default\">\n\t\t\t\t<div class=\"elementor-widget-container\">\n\t\t\t\t\t\t\t<div class=\"elementor-spacer\">\n\t\t\t<div class=\"elementor-spacer-inner\"><\/div>\n\t\t<\/div>\n\t\t\t\t\t\t<\/div>\n\t\t\t\t<\/div>\n\t\t\t\t<\/div>\n\t\t\t\t\t<\/div>\n\t\t\t\t<\/div>\n\t\t\t\t<\/div>\n\t\t<div class=\"elementor-element elementor-element-f7fbf71 e-flex e-con-boxed e-con e-parent\" data-id=\"f7fbf71\" data-element_type=\"container\" data-e-type=\"container\">\n\t\t\t\t\t<div class=\"e-con-inner\">\n\t\t<div class=\"elementor-element elementor-element-a38976e e-con-full e-flex e-con e-child\" data-id=\"a38976e\" data-element_type=\"container\" data-e-type=\"container\">\n\t\t\t\t<div class=\"elementor-element elementor-element-5d7088e elementor-widget__width-initial elementor-widget elementor-widget-video\" data-id=\"5d7088e\" data-element_type=\"widget\" data-e-type=\"widget\" data-settings=\"{&quot;youtube_url&quot;:&quot;https:\\\/\\\/youtu.be\\\/K__NJKBK60M&quot;,&quot;video_type&quot;:&quot;youtube&quot;,&quot;controls&quot;:&quot;yes&quot;}\" data-widget_type=\"video.default\">\n\t\t\t\t<div class=\"elementor-widget-container\">\n\t\t\t\t\t\t\t<div class=\"elementor-wrapper elementor-open-inline\">\n\t\t\t<div class=\"elementor-video\"><\/div>\t\t<\/div>\n\t\t\t\t\t\t<\/div>\n\t\t\t\t<\/div>\n\t\t\t\t<\/div>\n\t\t<div class=\"elementor-element elementor-element-20be36e e-con-full e-flex e-con e-child\" data-id=\"20be36e\" data-element_type=\"container\" data-e-type=\"container\">\n\t\t\t\t<div class=\"elementor-element elementor-element-6ecc6e7 elementor-widget elementor-widget-text-editor\" data-id=\"6ecc6e7\" data-element_type=\"widget\" data-e-type=\"widget\" data-widget_type=\"text-editor.default\">\n\t\t\t\t<div class=\"elementor-widget-container\">\n\t\t\t\t\t\t\t\t\t<p>La r\u00e9gion de Valence en Espagne a \u00e9t\u00e9 frapp\u00e9e par un \u00e9v\u00e9nement pluvieux d&rsquo;une intensit\u00e9 exceptionnelle fin octobre et d\u00e9but novembre 2024, \u00e0 la suite d&rsquo;une alerte rouge \u00e9mise par l&rsquo;<a href=\"https:\/\/www.aemet.es\" target=\"_blank\" rel=\"noopener\">AEMET<\/a>, l&rsquo;Agence m\u00e9t\u00e9orologique nationale espagnole.<\/p><p>Un ph\u00e9nom\u00e8ne m\u00e9t\u00e9orologique connu sous le nom de \u00ab\u00a0goutte froide\u00a0\u00bb a provoqu\u00e9 des pr\u00e9cipitations record, entra\u00eenant des inondations d\u00e9vastatrices.\u00a0<\/p><p>Les orages stationnaires et une activit\u00e9 \u00e9lectrique intense ont aggrav\u00e9 la situation.\u00a0<\/p><p>Le changement climatique, avec des temp\u00e9ratures de la M\u00e9diterran\u00e9e plus \u00e9lev\u00e9es et une atmosph\u00e8re plus humide, a contribu\u00e9 \u00e0 l&rsquo;intensit\u00e9 de cet \u00e9v\u00e9nement.\u00a0<\/p><p><strong>D\u00e9couvrez notre analyse compl\u00e8te.<\/strong><\/p>\t\t\t\t\t\t\t\t<\/div>\n\t\t\t\t<\/div>\n\t\t\t\t<\/div>\n\t\t\t\t\t<\/div>\n\t\t\t\t<\/div>\n\t\t<div class=\"elementor-element elementor-element-0f15c27 e-flex e-con-boxed e-con e-parent\" data-id=\"0f15c27\" data-element_type=\"container\" data-e-type=\"container\">\n\t\t\t\t\t<div class=\"e-con-inner\">\n\t\t\t\t<div class=\"elementor-element elementor-element-1fff896 elementor-widget-divider--view-line elementor-widget elementor-widget-divider\" data-id=\"1fff896\" data-element_type=\"widget\" data-e-type=\"widget\" data-widget_type=\"divider.default\">\n\t\t\t\t<div class=\"elementor-widget-container\">\n\t\t\t\t\t\t\t<div class=\"elementor-divider\">\n\t\t\t<span class=\"elementor-divider-separator\">\n\t\t\t\t\t\t<\/span>\n\t\t<\/div>\n\t\t\t\t\t\t<\/div>\n\t\t\t\t<\/div>\n\t\t\t\t\t<\/div>\n\t\t\t\t<\/div>\n\t\t<div class=\"elementor-element elementor-element-5a67de4 e-flex e-con-boxed e-con e-parent\" data-id=\"5a67de4\" data-element_type=\"container\" data-e-type=\"container\">\n\t\t\t\t\t<div class=\"e-con-inner\">\n\t\t\t\t<div class=\"elementor-element elementor-element-186e085 elementor-widget elementor-widget-heading\" data-id=\"186e085\" data-element_type=\"widget\" data-e-type=\"widget\" data-widget_type=\"heading.default\">\n\t\t\t\t<div class=\"elementor-widget-container\">\n\t\t\t\t\t<h2 class=\"elementor-heading-title elementor-size-default\">Analyse<br>Episode pluvio-orageux en Espagne<br>du 25 octobre au 4 novembre 2024<\/h2>\t\t\t\t<\/div>\n\t\t\t\t<\/div>\n\t\t\t\t\t<\/div>\n\t\t\t\t<\/div>\n\t\t<div class=\"elementor-element elementor-element-7c5c2e8 e-flex e-con-boxed e-con e-parent\" data-id=\"7c5c2e8\" data-element_type=\"container\" data-e-type=\"container\">\n\t\t\t\t\t<div class=\"e-con-inner\">\n\t\t\t\t<div class=\"elementor-element elementor-element-a51c9fc elementor-widget elementor-widget-text-editor\" data-id=\"a51c9fc\" data-element_type=\"widget\" data-e-type=\"widget\" data-widget_type=\"text-editor.default\">\n\t\t\t\t<div class=\"elementor-widget-container\">\n\t\t\t\t\t\t\t\t\t<p>Par Joris Royet, Chef de projet M\u00e9t\u00e9o, METEORAGE<\/p>\t\t\t\t\t\t\t\t<\/div>\n\t\t\t\t<\/div>\n\t\t\t\t\t<\/div>\n\t\t\t\t<\/div>\n\t\t<div class=\"elementor-element elementor-element-87bd696 e-flex e-con-boxed e-con e-parent\" data-id=\"87bd696\" data-element_type=\"container\" data-e-type=\"container\">\n\t\t\t\t\t<div class=\"e-con-inner\">\n\t\t\t\t<div class=\"elementor-element elementor-element-efaacbb elementor-widget elementor-widget-spacer\" data-id=\"efaacbb\" data-element_type=\"widget\" data-e-type=\"widget\" data-widget_type=\"spacer.default\">\n\t\t\t\t<div class=\"elementor-widget-container\">\n\t\t\t\t\t\t\t<div class=\"elementor-spacer\">\n\t\t\t<div class=\"elementor-spacer-inner\"><\/div>\n\t\t<\/div>\n\t\t\t\t\t\t<\/div>\n\t\t\t\t<\/div>\n\t\t\t\t\t<\/div>\n\t\t\t\t<\/div>\n\t\t<div class=\"elementor-element elementor-element-9bd42a5 e-flex e-con-boxed e-con e-parent\" data-id=\"9bd42a5\" data-element_type=\"container\" data-e-type=\"container\">\n\t\t\t\t\t<div class=\"e-con-inner\">\n\t\t<div class=\"elementor-element elementor-element-f0b9c68 e-con-full e-flex e-con e-child\" data-id=\"f0b9c68\" data-element_type=\"container\" data-e-type=\"container\">\n\t\t\t\t<div class=\"elementor-element elementor-element-6c2a711 elementor-align-center elementor-widget elementor-widget-button\" data-id=\"6c2a711\" data-element_type=\"widget\" data-e-type=\"widget\" data-widget_type=\"button.default\">\n\t\t\t\t<div class=\"elementor-widget-container\">\n\t\t\t\t\t\t\t\t\t<div class=\"elementor-button-wrapper\">\n\t\t\t\t\t<a class=\"elementor-button elementor-button-link elementor-size-md\" href=\"#contexte\">\n\t\t\t\t\t\t<span class=\"elementor-button-content-wrapper\">\n\t\t\t\t\t\t\t\t\t<span class=\"elementor-button-text\">1. Contexte m\u00e9t\u00e9orologique<\/span>\n\t\t\t\t\t<\/span>\n\t\t\t\t\t<\/a>\n\t\t\t\t<\/div>\n\t\t\t\t\t\t\t\t<\/div>\n\t\t\t\t<\/div>\n\t\t\t\t<\/div>\n\t\t<div class=\"elementor-element elementor-element-5710d27 e-con-full e-flex e-con e-child\" data-id=\"5710d27\" data-element_type=\"container\" data-e-type=\"container\">\n\t\t\t\t<div class=\"elementor-element elementor-element-519b3a9 elementor-align-center elementor-widget elementor-widget-button\" data-id=\"519b3a9\" data-element_type=\"widget\" data-e-type=\"widget\" data-widget_type=\"button.default\">\n\t\t\t\t<div class=\"elementor-widget-container\">\n\t\t\t\t\t\t\t\t\t<div class=\"elementor-button-wrapper\">\n\t\t\t\t\t<a class=\"elementor-button elementor-button-link elementor-size-md\" href=\"#chrono\">\n\t\t\t\t\t\t<span class=\"elementor-button-content-wrapper\">\n\t\t\t\t\t\t\t\t\t<span class=\"elementor-button-text\">2. Chronologie des \u00e9v\u00e9nements<\/span>\n\t\t\t\t\t<\/span>\n\t\t\t\t\t<\/a>\n\t\t\t\t<\/div>\n\t\t\t\t\t\t\t\t<\/div>\n\t\t\t\t<\/div>\n\t\t\t\t<\/div>\n\t\t<div class=\"elementor-element elementor-element-f03da0a e-con-full e-flex e-con e-child\" data-id=\"f03da0a\" data-element_type=\"container\" data-e-type=\"container\">\n\t\t\t\t<div class=\"elementor-element elementor-element-0f791b5 elementor-align-center elementor-widget elementor-widget-button\" data-id=\"0f791b5\" data-element_type=\"widget\" data-e-type=\"widget\" id=\"testimonials\" data-widget_type=\"button.default\">\n\t\t\t\t<div class=\"elementor-widget-container\">\n\t\t\t\t\t\t\t\t\t<div class=\"elementor-button-wrapper\">\n\t\t\t\t\t<a class=\"elementor-button elementor-button-link elementor-size-md\" href=\"#activite\">\n\t\t\t\t\t\t<span class=\"elementor-button-content-wrapper\">\n\t\t\t\t\t\t\t\t\t<span class=\"elementor-button-text\">3. Focus sur l'activit\u00e9 \u00e9lectrique<\/span>\n\t\t\t\t\t<\/span>\n\t\t\t\t\t<\/a>\n\t\t\t\t<\/div>\n\t\t\t\t\t\t\t\t<\/div>\n\t\t\t\t<\/div>\n\t\t\t\t<\/div>\n\t\t<div class=\"elementor-element elementor-element-e329268 e-con-full e-flex e-con e-child\" data-id=\"e329268\" data-element_type=\"container\" data-e-type=\"container\">\n\t\t\t\t<div class=\"elementor-element elementor-element-69fd62b elementor-widget__width-initial elementor-align-center elementor-widget elementor-widget-button\" data-id=\"69fd62b\" data-element_type=\"widget\" data-e-type=\"widget\" id=\"testimonials\" data-widget_type=\"button.default\">\n\t\t\t\t<div class=\"elementor-widget-container\">\n\t\t\t\t\t\t\t\t\t<div class=\"elementor-button-wrapper\">\n\t\t\t\t\t<a class=\"elementor-button elementor-button-link elementor-size-md\" href=\"#impact\">\n\t\t\t\t\t\t<span class=\"elementor-button-content-wrapper\">\n\t\t\t\t\t\t\t\t\t<span class=\"elementor-button-text\">4. Impact du changement climatique \/ facteurs aggravants<\/span>\n\t\t\t\t\t<\/span>\n\t\t\t\t\t<\/a>\n\t\t\t\t<\/div>\n\t\t\t\t\t\t\t\t<\/div>\n\t\t\t\t<\/div>\n\t\t\t\t<\/div>\n\t\t\t\t\t<\/div>\n\t\t\t\t<\/div>\n\t\t<div class=\"elementor-element elementor-element-2a22326 e-flex e-con-boxed e-con e-parent\" data-id=\"2a22326\" data-element_type=\"container\" data-e-type=\"container\">\n\t\t\t\t\t<div class=\"e-con-inner\">\n\t\t\t\t<div class=\"elementor-element elementor-element-59a3135 elementor-widget-divider--view-line elementor-widget elementor-widget-divider\" data-id=\"59a3135\" data-element_type=\"widget\" data-e-type=\"widget\" data-widget_type=\"divider.default\">\n\t\t\t\t<div class=\"elementor-widget-container\">\n\t\t\t\t\t\t\t<div class=\"elementor-divider\">\n\t\t\t<span class=\"elementor-divider-separator\">\n\t\t\t\t\t\t<\/span>\n\t\t<\/div>\n\t\t\t\t\t\t<\/div>\n\t\t\t\t<\/div>\n\t\t\t\t<div class=\"elementor-element elementor-element-1a5486c elementor-widget elementor-widget-menu-anchor\" data-id=\"1a5486c\" data-element_type=\"widget\" data-e-type=\"widget\" data-widget_type=\"menu-anchor.default\">\n\t\t\t\t<div class=\"elementor-widget-container\">\n\t\t\t\t\t\t\t<div class=\"elementor-menu-anchor\" id=\"contexte\"><\/div>\n\t\t\t\t\t\t<\/div>\n\t\t\t\t<\/div>\n\t\t\t\t<div class=\"elementor-element elementor-element-5888dd7 elementor-widget elementor-widget-spacer\" data-id=\"5888dd7\" data-element_type=\"widget\" data-e-type=\"widget\" data-widget_type=\"spacer.default\">\n\t\t\t\t<div class=\"elementor-widget-container\">\n\t\t\t\t\t\t\t<div class=\"elementor-spacer\">\n\t\t\t<div class=\"elementor-spacer-inner\"><\/div>\n\t\t<\/div>\n\t\t\t\t\t\t<\/div>\n\t\t\t\t<\/div>\n\t\t\t\t\t<\/div>\n\t\t\t\t<\/div>\n\t\t<div class=\"elementor-element elementor-element-13bda0e e-flex e-con-boxed e-con e-parent\" data-id=\"13bda0e\" data-element_type=\"container\" data-e-type=\"container\">\n\t\t\t\t\t<div class=\"e-con-inner\">\n\t\t\t\t<div class=\"elementor-element elementor-element-bf39c24 elementor-widget elementor-widget-heading\" data-id=\"bf39c24\" data-element_type=\"widget\" data-e-type=\"widget\" data-widget_type=\"heading.default\">\n\t\t\t\t<div class=\"elementor-widget-container\">\n\t\t\t\t\t<h3 class=\"elementor-heading-title elementor-size-default\">Contexte m\u00e9t\u00e9orologique<\/h3>\t\t\t\t<\/div>\n\t\t\t\t<\/div>\n\t\t\t\t\t<\/div>\n\t\t\t\t<\/div>\n\t\t<div class=\"elementor-element elementor-element-4ba21be e-flex e-con-boxed e-con e-parent\" data-id=\"4ba21be\" data-element_type=\"container\" data-e-type=\"container\">\n\t\t\t\t\t<div class=\"e-con-inner\">\n\t\t\t\t<div class=\"elementor-element elementor-element-af712e6 elementor-widget elementor-widget-text-editor\" data-id=\"af712e6\" data-element_type=\"widget\" data-e-type=\"widget\" data-widget_type=\"text-editor.default\">\n\t\t\t\t<div class=\"elementor-widget-container\">\n\t\t\t\t\t\t\t\t\t<p class=\"MsoNormal\" style=\"text-align: justify;\"><span style=\"font-family: 'Open Sans',sans-serif;\">Cet \u00e9pisode, bien que majeur, rel\u00e8ve d\u2019une situation atmosph\u00e9rique assez classique dans cette zone en p\u00e9riode automnale. Une fois que l\u2019automne d\u00e9bute, les conflits de masse d\u2019air se mettent en place entre des descentes d\u2019air froid en direction des basses latitudes et l\u2019air chaud r\u00e9sistant dans ces dites latitudes.<\/span><\/p><p class=\"MsoNormal\" style=\"text-align: justify;\"><span style=\"font-family: 'Open Sans', sans-serif; color: var( --e-global-color-text );\">En cette fin octobre 2024, on a de l\u2019air tr\u00e8s froid qui plonge jusqu\u2019au Maroc, avec jusqu\u2019\u00e0 -25\u00b0C \u00e0 environ 5\u00a0000 m\u00e8tres d\u2019altitude. Cet air froid rencontre de l\u2019air beaucoup plus chaud, remontant de M\u00e9diterran\u00e9e, air \u00e9galement charg\u00e9 en humidit\u00e9.<\/span><\/p><p class=\"MsoNormal\" style=\"text-align: justify;\"><span style=\"font-family: 'Open Sans', sans-serif; color: var( --e-global-color-text );\">L\u2019\u00e9pisode commence par un talweg (branche d\u00e9pressionnaire) s\u2019approchant de l\u2019Europe de l\u2019Ouest en cette fin octobre (figure 1 montrant le g\u00e9opotentiel \u00e0 500 hPa, mod\u00e8le ARPEGE), il apporte alors beaucoup d\u2019instabilit\u00e9 sur les pays d\u2019Europe de l\u2019Ouest et la France notamment avec une activit\u00e9 \u00e9lectrique importante sur une moiti\u00e9 Sud du pays. On parle m\u00eame d\u2019un \u00e9pisode m\u00e9diterran\u00e9en majeur qui s\u2019est d\u00e9roul\u00e9 autour du 25 octobre (figure 2).<\/span><\/p>\t\t\t\t\t\t\t\t<\/div>\n\t\t\t\t<\/div>\n\t\t\t\t\t<\/div>\n\t\t\t\t<\/div>\n\t\t<div class=\"elementor-element elementor-element-bed434b e-flex e-con-boxed e-con e-parent\" data-id=\"bed434b\" data-element_type=\"container\" data-e-type=\"container\">\n\t\t\t\t\t<div class=\"e-con-inner\">\n\t\t<div class=\"elementor-element elementor-element-5d1fb1f e-con-full e-flex e-con e-child\" data-id=\"5d1fb1f\" data-element_type=\"container\" data-e-type=\"container\">\n\t\t\t\t<div class=\"elementor-element elementor-element-ea459f7 elementor-widget elementor-widget-image\" data-id=\"ea459f7\" data-element_type=\"widget\" data-e-type=\"widget\" data-widget_type=\"image.default\">\n\t\t\t\t<div class=\"elementor-widget-container\">\n\t\t\t\t\t\t\t\t\t\t\t\t<figure class=\"wp-caption\">\n\t\t\t\t\t\t\t\t\t\t<img fetchpriority=\"high\" decoding=\"async\" width=\"887\" height=\"596\" src=\"https:\/\/www.meteorage.com\/wp-content\/uploads\/2024\/11\/Etude-de-cas-episode-orageux-Espagne-2024-figure-1-2.webp\" class=\"attachment-large size-large wp-image-37960\" alt=\"\" srcset=\"https:\/\/www.meteorage.com\/wp-content\/uploads\/2024\/11\/Etude-de-cas-episode-orageux-Espagne-2024-figure-1-2.webp 887w, https:\/\/www.meteorage.com\/wp-content\/uploads\/2024\/11\/Etude-de-cas-episode-orageux-Espagne-2024-figure-1-2-300x202.webp 300w, https:\/\/www.meteorage.com\/wp-content\/uploads\/2024\/11\/Etude-de-cas-episode-orageux-Espagne-2024-figure-1-2-768x516.webp 768w, https:\/\/www.meteorage.com\/wp-content\/uploads\/2024\/11\/Etude-de-cas-episode-orageux-Espagne-2024-figure-1-2-543x365.webp 543w\" sizes=\"(max-width: 887px) 100vw, 887px\" \/>\t\t\t\t\t\t\t\t\t\t\t<figcaption class=\"widget-image-caption wp-caption-text\">Figure 1 \u2013 \u00a9 Meteociel <\/figcaption>\n\t\t\t\t\t\t\t\t\t\t<\/figure>\n\t\t\t\t\t\t\t\t\t<\/div>\n\t\t\t\t<\/div>\n\t\t\t\t<\/div>\n\t\t<div class=\"elementor-element elementor-element-2e7db39 e-con-full e-flex e-con e-child\" data-id=\"2e7db39\" data-element_type=\"container\" data-e-type=\"container\">\n\t\t\t\t<div class=\"elementor-element elementor-element-3063113 elementor-widget elementor-widget-image\" data-id=\"3063113\" data-element_type=\"widget\" data-e-type=\"widget\" data-widget_type=\"image.default\">\n\t\t\t\t<div class=\"elementor-widget-container\">\n\t\t\t\t\t\t\t\t\t\t\t\t<figure class=\"wp-caption\">\n\t\t\t\t\t\t\t\t\t\t<img decoding=\"async\" width=\"552\" height=\"605\" src=\"https:\/\/www.meteorage.com\/wp-content\/uploads\/2024\/11\/Etude-de-cas-episode-orageux-Espagne-2024-figure-2-1.webp\" class=\"attachment-large size-large wp-image-37954\" alt=\"\" srcset=\"https:\/\/www.meteorage.com\/wp-content\/uploads\/2024\/11\/Etude-de-cas-episode-orageux-Espagne-2024-figure-2-1.webp 552w, https:\/\/www.meteorage.com\/wp-content\/uploads\/2024\/11\/Etude-de-cas-episode-orageux-Espagne-2024-figure-2-1-274x300.webp 274w, https:\/\/www.meteorage.com\/wp-content\/uploads\/2024\/11\/Etude-de-cas-episode-orageux-Espagne-2024-figure-2-1-543x595.webp 543w\" sizes=\"(max-width: 552px) 100vw, 552px\" \/>\t\t\t\t\t\t\t\t\t\t\t<figcaption class=\"widget-image-caption wp-caption-text\">Figure 2 \u2013 \u00a9 Futura Science <\/figcaption>\n\t\t\t\t\t\t\t\t\t\t<\/figure>\n\t\t\t\t\t\t\t\t\t<\/div>\n\t\t\t\t<\/div>\n\t\t\t\t<\/div>\n\t\t\t\t\t<\/div>\n\t\t\t\t<\/div>\n\t\t<div class=\"elementor-element elementor-element-a10e918 e-flex e-con-boxed e-con e-parent\" data-id=\"a10e918\" data-element_type=\"container\" data-e-type=\"container\">\n\t\t\t\t\t<div class=\"e-con-inner\">\n\t\t<div class=\"elementor-element elementor-element-f3f9234 e-con-full e-flex e-con e-child\" data-id=\"f3f9234\" data-element_type=\"container\" data-e-type=\"container\">\n\t\t\t\t<div class=\"elementor-element elementor-element-633874e elementor-widget elementor-widget-text-editor\" data-id=\"633874e\" data-element_type=\"widget\" data-e-type=\"widget\" data-widget_type=\"text-editor.default\">\n\t\t\t\t<div class=\"elementor-widget-container\">\n\t\t\t\t\t\t\t\t\t<p>Quelques jours plus tard, cette branche d\u00e9pressionnaire se d\u00e9tache du courant Jet (courant principal d\u2019Ouest en Est, situ\u00e9 aux hautes latitudes) et plonge encore plus au Sud jusqu\u2019\u00e0 atteindre la P\u00e9ninsule Ib\u00e9rique le 27 octobre. \u00c9tant d\u00e9tach\u00e9e du courant principal, il ne s\u2019agit plus d\u2019un talweg mais d\u2019une <strong>goutte froide<\/strong>. Cette derni\u00e8re est d\u00e9sormais pi\u00e9g\u00e9e au milieu des hautes pressions (anticyclones) pr\u00e9sentes sur une grande partie de l\u2019Europe (figure 3\u00a0<span style=\"font-family: 'Open Sans', sans-serif; text-align: justify; color: var( --e-global-color-text );\">montrant le g\u00e9opotentiel \u00e0 500 hPa, mod\u00e8le ARPEGE)<\/span><span style=\"color: var( --e-global-color-text );\">.<\/span><\/p>\t\t\t\t\t\t\t\t<\/div>\n\t\t\t\t<\/div>\n\t\t\t\t<\/div>\n\t\t<div class=\"elementor-element elementor-element-f873bb5 e-con-full e-flex e-con e-child\" data-id=\"f873bb5\" data-element_type=\"container\" data-e-type=\"container\">\n\t\t\t\t<div class=\"elementor-element elementor-element-2a8e1d7 elementor-widget elementor-widget-image\" data-id=\"2a8e1d7\" data-element_type=\"widget\" data-e-type=\"widget\" data-widget_type=\"image.default\">\n\t\t\t\t<div class=\"elementor-widget-container\">\n\t\t\t\t\t\t\t\t\t\t\t\t<figure class=\"wp-caption\">\n\t\t\t\t\t\t\t\t\t\t<img decoding=\"async\" width=\"1024\" height=\"644\" src=\"https:\/\/www.meteorage.com\/wp-content\/uploads\/2024\/11\/Etude-de-cas-episode-orageux-Espagne-2024-figure-3-1-1024x644.webp\" class=\"attachment-large size-large wp-image-37966\" alt=\"\" srcset=\"https:\/\/www.meteorage.com\/wp-content\/uploads\/2024\/11\/Etude-de-cas-episode-orageux-Espagne-2024-figure-3-1-1024x644.webp 1024w, https:\/\/www.meteorage.com\/wp-content\/uploads\/2024\/11\/Etude-de-cas-episode-orageux-Espagne-2024-figure-3-1-300x189.webp 300w, https:\/\/www.meteorage.com\/wp-content\/uploads\/2024\/11\/Etude-de-cas-episode-orageux-Espagne-2024-figure-3-1-768x483.webp 768w, https:\/\/www.meteorage.com\/wp-content\/uploads\/2024\/11\/Etude-de-cas-episode-orageux-Espagne-2024-figure-3-1-543x341.webp 543w, https:\/\/www.meteorage.com\/wp-content\/uploads\/2024\/11\/Etude-de-cas-episode-orageux-Espagne-2024-figure-3-1.webp 1061w\" sizes=\"(max-width: 1024px) 100vw, 1024px\" \/>\t\t\t\t\t\t\t\t\t\t\t<figcaption class=\"widget-image-caption wp-caption-text\">Figure 3 \u2013 \u00a9 Meteociel <\/figcaption>\n\t\t\t\t\t\t\t\t\t\t<\/figure>\n\t\t\t\t\t\t\t\t\t<\/div>\n\t\t\t\t<\/div>\n\t\t\t\t<\/div>\n\t\t\t\t\t<\/div>\n\t\t\t\t<\/div>\n\t\t<div class=\"elementor-element elementor-element-8a5fa20 e-flex e-con-boxed e-con e-parent\" data-id=\"8a5fa20\" data-element_type=\"container\" data-e-type=\"container\">\n\t\t\t\t\t<div class=\"e-con-inner\">\n\t\t<div class=\"elementor-element elementor-element-b6ce151 e-con-full e-flex e-con e-child\" data-id=\"b6ce151\" data-element_type=\"container\" data-e-type=\"container\">\n\t\t\t\t<div class=\"elementor-element elementor-element-d66e319 elementor-widget elementor-widget-text-editor\" data-id=\"d66e319\" data-element_type=\"widget\" data-e-type=\"widget\" data-widget_type=\"text-editor.default\">\n\t\t\t\t<div class=\"elementor-widget-container\">\n\t\t\t\t\t\t\t\t\t<p>Cette goutte froide autrement surnomm\u00e9e \u00ab\u00a0<strong>DANA<\/strong>\u00a0\u00bb pour \u00ab Depresi\u00f3n Aislada en Niveles Altos\u00bb\u00a0reste bloqu\u00e9e pendant plusieurs jours vers le d\u00e9troit de Gibraltar. Elle engendre des remont\u00e9es pluvio-orageuses, causant de nombreuses inondations sur la partie Est de l\u2019Espagne, situ\u00e9e \u00e0 l\u2019avant de cette goutte froide (figure 4).<\/p>\t\t\t\t\t\t\t\t<\/div>\n\t\t\t\t<\/div>\n\t\t\t\t<\/div>\n\t\t<div class=\"elementor-element elementor-element-4a7764e e-con-full e-flex e-con e-child\" data-id=\"4a7764e\" data-element_type=\"container\" data-e-type=\"container\">\n\t\t\t\t<div class=\"elementor-element elementor-element-85533c3 elementor-widget elementor-widget-image\" data-id=\"85533c3\" data-element_type=\"widget\" data-e-type=\"widget\" data-widget_type=\"image.default\">\n\t\t\t\t<div class=\"elementor-widget-container\">\n\t\t\t\t\t\t\t\t\t\t\t\t<figure class=\"wp-caption\">\n\t\t\t\t\t\t\t\t\t\t<img loading=\"lazy\" decoding=\"async\" width=\"768\" height=\"441\" src=\"https:\/\/www.meteorage.com\/wp-content\/uploads\/2024\/11\/Etude-de-cas-episode-orageux-Espagne-2024-figure-4-1-768x441.webp\" class=\"attachment-medium_large size-medium_large wp-image-37972\" alt=\"\" srcset=\"https:\/\/www.meteorage.com\/wp-content\/uploads\/2024\/11\/Etude-de-cas-episode-orageux-Espagne-2024-figure-4-1-768x441.webp 768w, https:\/\/www.meteorage.com\/wp-content\/uploads\/2024\/11\/Etude-de-cas-episode-orageux-Espagne-2024-figure-4-1-300x172.webp 300w, https:\/\/www.meteorage.com\/wp-content\/uploads\/2024\/11\/Etude-de-cas-episode-orageux-Espagne-2024-figure-4-1-1024x588.webp 1024w, https:\/\/www.meteorage.com\/wp-content\/uploads\/2024\/11\/Etude-de-cas-episode-orageux-Espagne-2024-figure-4-1-543x312.webp 543w, https:\/\/www.meteorage.com\/wp-content\/uploads\/2024\/11\/Etude-de-cas-episode-orageux-Espagne-2024-figure-4-1.webp 1090w\" sizes=\"(max-width: 768px) 100vw, 768px\" \/>\t\t\t\t\t\t\t\t\t\t\t<figcaption class=\"widget-image-caption wp-caption-text\">Figure 4 \u2013 \u00a9 M\u00e9t\u00e9o France<\/figcaption>\n\t\t\t\t\t\t\t\t\t\t<\/figure>\n\t\t\t\t\t\t\t\t\t<\/div>\n\t\t\t\t<\/div>\n\t\t\t\t<\/div>\n\t\t\t\t\t<\/div>\n\t\t\t\t<\/div>\n\t\t<div class=\"elementor-element elementor-element-3879d53 e-flex e-con-boxed e-con e-parent\" data-id=\"3879d53\" data-element_type=\"container\" data-e-type=\"container\">\n\t\t\t\t\t<div class=\"e-con-inner\">\n\t\t\t\t<div class=\"elementor-element elementor-element-0950d48 elementor-widget-divider--view-line elementor-widget elementor-widget-divider\" data-id=\"0950d48\" data-element_type=\"widget\" data-e-type=\"widget\" data-widget_type=\"divider.default\">\n\t\t\t\t<div class=\"elementor-widget-container\">\n\t\t\t\t\t\t\t<div class=\"elementor-divider\">\n\t\t\t<span class=\"elementor-divider-separator\">\n\t\t\t\t\t\t<\/span>\n\t\t<\/div>\n\t\t\t\t\t\t<\/div>\n\t\t\t\t<\/div>\n\t\t\t\t\t<\/div>\n\t\t\t\t<\/div>\n\t\t<div class=\"elementor-element elementor-element-902bb81 e-flex e-con-boxed e-con e-parent\" data-id=\"902bb81\" data-element_type=\"container\" data-e-type=\"container\">\n\t\t\t\t\t<div class=\"e-con-inner\">\n\t\t\t\t<div class=\"elementor-element elementor-element-6b86305 elementor-widget elementor-widget-menu-anchor\" data-id=\"6b86305\" data-element_type=\"widget\" data-e-type=\"widget\" data-widget_type=\"menu-anchor.default\">\n\t\t\t\t<div class=\"elementor-widget-container\">\n\t\t\t\t\t\t\t<div class=\"elementor-menu-anchor\" id=\"chrono\"><\/div>\n\t\t\t\t\t\t<\/div>\n\t\t\t\t<\/div>\n\t\t\t\t\t<\/div>\n\t\t\t\t<\/div>\n\t\t<div class=\"elementor-element elementor-element-7d50290 e-flex e-con-boxed e-con e-parent\" data-id=\"7d50290\" data-element_type=\"container\" data-e-type=\"container\">\n\t\t\t\t\t<div class=\"e-con-inner\">\n\t\t\t\t<div class=\"elementor-element elementor-element-fb9af79 elementor-widget elementor-widget-spacer\" data-id=\"fb9af79\" data-element_type=\"widget\" data-e-type=\"widget\" data-widget_type=\"spacer.default\">\n\t\t\t\t<div class=\"elementor-widget-container\">\n\t\t\t\t\t\t\t<div class=\"elementor-spacer\">\n\t\t\t<div class=\"elementor-spacer-inner\"><\/div>\n\t\t<\/div>\n\t\t\t\t\t\t<\/div>\n\t\t\t\t<\/div>\n\t\t\t\t<div class=\"elementor-element elementor-element-78210a5 elementor-widget elementor-widget-heading\" data-id=\"78210a5\" data-element_type=\"widget\" data-e-type=\"widget\" id=\"chrono\" data-widget_type=\"heading.default\">\n\t\t\t\t<div class=\"elementor-widget-container\">\n\t\t\t\t\t<h3 class=\"elementor-heading-title elementor-size-default\">Chronologie des \u00e9v\u00e9nements<\/h3>\t\t\t\t<\/div>\n\t\t\t\t<\/div>\n\t\t\t\t<div class=\"elementor-element elementor-element-34744ed elementor-widget elementor-widget-text-editor\" data-id=\"34744ed\" data-element_type=\"widget\" data-e-type=\"widget\" data-widget_type=\"text-editor.default\">\n\t\t\t\t<div class=\"elementor-widget-container\">\n\t\t\t\t\t\t\t\t\t<p>Ce talweg, devenant par la suite une goutte froide, a caus\u00e9 bien des d\u00e9g\u00e2ts lors de son passage et pas uniquement en Espagne. Retour sur la chronologie des \u00e9v\u00e8nements.<\/p>\t\t\t\t\t\t\t\t<\/div>\n\t\t\t\t<\/div>\n\t\t\t\t\t<\/div>\n\t\t\t\t<\/div>\n\t\t<div class=\"elementor-element elementor-element-d5a43eb e-flex e-con-boxed e-con e-parent\" data-id=\"d5a43eb\" data-element_type=\"container\" data-e-type=\"container\">\n\t\t\t\t\t<div class=\"e-con-inner\">\n\t\t\t\t<div class=\"elementor-element elementor-element-f41025f elementor-widget elementor-widget-ube-timeline\" data-id=\"f41025f\" data-element_type=\"widget\" data-e-type=\"widget\" data-widget_type=\"ube-timeline.default\">\n\t\t\t\t<div class=\"elementor-widget-container\">\n\t\t\t\t\t<div class=\"ube-timeline ube-timeline-style-01\">\n\t\t\t\t\t\t            <div class=\"ube-timeline-item d-flex justify-content-between\">\n\t\t\t\t                    <div class=\"ube-timeline-time\">\n                        <span>25<br \/>OCTOBRE<\/span>\n                    <\/div>\n\t\t\t\t\t\t\t\t                    <div class=\"ube-timeline-content\">\n\t\t\t\t\t\t                        <div class=\"content\"><p>Le vaste talweg est responsable d\u2019une vaste d\u00e9gradation orageuse sur une grande partie de l\u2019Espagne et de la mer M\u00e9diterran\u00e9e, on parle d\u2019<strong>orages pr\u00e9frontaux <\/strong>car ils se forment \u00e0 l\u2019avant du front froid. Ils se d\u00e9placent d\u2019Ouest en Est et atteignent la Sicile et le Sud-Est de la France durant la journ\u00e9e du 26 octobre (figure 5).<\/p><\/div>\n                    <\/div>\n\t\t\t\t            <\/div>\n\t\t\t<\/div>\n\t\t\t\t<\/div>\n\t\t\t\t<\/div>\n\t\t\t\t\t<\/div>\n\t\t\t\t<\/div>\n\t\t<div class=\"elementor-element elementor-element-b3c2215 e-flex e-con-boxed e-con e-parent\" data-id=\"b3c2215\" data-element_type=\"container\" data-e-type=\"container\">\n\t\t\t\t\t<div class=\"e-con-inner\">\n\t\t\t\t<div class=\"elementor-element elementor-element-edd35dd elementor-widget elementor-widget-image\" data-id=\"edd35dd\" data-element_type=\"widget\" data-e-type=\"widget\" data-widget_type=\"image.default\">\n\t\t\t\t<div class=\"elementor-widget-container\">\n\t\t\t\t\t\t\t\t\t\t\t\t<figure class=\"wp-caption\">\n\t\t\t\t\t\t\t\t\t\t<img loading=\"lazy\" decoding=\"async\" width=\"1024\" height=\"620\" src=\"https:\/\/www.meteorage.com\/wp-content\/uploads\/2024\/11\/Case-study-thunderstorm-in-Spain-figure-5-1024x620.webp\" class=\"attachment-large size-large wp-image-37913\" alt=\"Figure 2 \u2013 Activit\u00e9 \u00e9lectrique lors du passage de la temp\u00eate Eowyn. \u00a9Meteorage\" srcset=\"https:\/\/www.meteorage.com\/wp-content\/uploads\/2024\/11\/Case-study-thunderstorm-in-Spain-figure-5-1024x620.webp 1024w, https:\/\/www.meteorage.com\/wp-content\/uploads\/2024\/11\/Case-study-thunderstorm-in-Spain-figure-5-300x182.webp 300w, https:\/\/www.meteorage.com\/wp-content\/uploads\/2024\/11\/Case-study-thunderstorm-in-Spain-figure-5-768x465.webp 768w, https:\/\/www.meteorage.com\/wp-content\/uploads\/2024\/11\/Case-study-thunderstorm-in-Spain-figure-5-543x329.webp 543w, https:\/\/www.meteorage.com\/wp-content\/uploads\/2024\/11\/Case-study-thunderstorm-in-Spain-figure-5.webp 1338w\" sizes=\"(max-width: 1024px) 100vw, 1024px\" \/>\t\t\t\t\t\t\t\t\t\t\t<figcaption class=\"widget-image-caption wp-caption-text\">Figure 5 \u2013 \u00a9 Meteorage  <\/figcaption>\n\t\t\t\t\t\t\t\t\t\t<\/figure>\n\t\t\t\t\t\t\t\t\t<\/div>\n\t\t\t\t<\/div>\n\t\t\t\t<div class=\"elementor-element elementor-element-d5c7cd8 elementor-widget elementor-widget-ube-timeline\" data-id=\"d5c7cd8\" data-element_type=\"widget\" data-e-type=\"widget\" data-widget_type=\"ube-timeline.default\">\n\t\t\t\t<div class=\"elementor-widget-container\">\n\t\t\t\t\t<div class=\"ube-timeline ube-timeline-style-01\">\n\t\t\t\t\t\t            <div class=\"ube-timeline-item d-flex justify-content-between\">\n\t\t\t\t                    <div class=\"ube-timeline-time\">\n                        <span>25 - 27 <br \/>OCTOBRE<\/span>\n                    <\/div>\n\t\t\t\t\t\t\t\t                    <div class=\"ube-timeline-content\">\n\t\t\t\t\t\t                        <div class=\"content\"><p>En plus de la vague orageuse qui d\u00e9ferle entre Espagne et Sicile, des pluies intenses touchent le Sud-Est de la France, en flux de Sud. L\u2019orientation du flux engendre un blocage sur les C\u00e9vennes, d\u2019o\u00f9 le terme employ\u00e9 d\u2019<strong>\u00e9pisode C\u00e9venol<\/strong>. On d\u00e9passe localement les 300 mm de pluie dans le Var (83). Pour rappel, cet \u00e9pisode C\u00e9venol survient une semaine apr\u00e8s un \u00e9pisode majeur sur ce m\u00eame secteur.<\/p><\/div>\n                    <\/div>\n\t\t\t\t            <\/div>\n\t\t\t\t\t            <div class=\"ube-timeline-item d-flex justify-content-between item-reverse\">\n\t\t\t\t                    <div class=\"ube-timeline-time\">\n                        <span>28<br \/>OCTOBRE<\/span>\n                    <\/div>\n\t\t\t\t\t\t\t\t                    <div class=\"ube-timeline-content\">\n\t\t\t\t\t\t                        <div class=\"content\"><p>Les C\u00e9vennes ne sont pas les seules touch\u00e9es lors de cet \u00e9pisode, les Pyr\u00e9n\u00e9es Orientales re\u00e7oivent \u00ab enfin \u00bb des pluies dignes de ce nom. Plus de 130 mm relev\u00e9s \u00e0 Perpignan dans la nuit du 28 au 29 octobre (figure 6). Il est tomb\u00e9 en 24h la moiti\u00e9 du cumul de l\u2019ann\u00e9e 2023 dans cette ville. L\u2019ensemble du d\u00e9partement est touch\u00e9, ce qui constitue LA bonne nouvelle de cet \u00e9pisode.<\/p><p>Pour rappel, les Pyr\u00e9n\u00e9es Orientales font face \u00e0 une s\u00e9cheresse chronique depuis maintenant pr\u00e8s de 3 ans. Ces pluies sont donc les bienvenues dans le d\u00e9partement.<\/p><\/div>\n                    <\/div>\n\t\t\t\t            <\/div>\n\t\t\t<\/div>\n\t\t\t\t<\/div>\n\t\t\t\t<\/div>\n\t\t\t\t\t<\/div>\n\t\t\t\t<\/div>\n\t\t<div class=\"elementor-element elementor-element-bc8ad1f e-flex e-con-boxed e-con e-parent\" data-id=\"bc8ad1f\" data-element_type=\"container\" data-e-type=\"container\">\n\t\t\t\t\t<div class=\"e-con-inner\">\n\t\t\t\t<div class=\"elementor-element elementor-element-a5b370f elementor-widget elementor-widget-image\" data-id=\"a5b370f\" data-element_type=\"widget\" data-e-type=\"widget\" data-widget_type=\"image.default\">\n\t\t\t\t<div class=\"elementor-widget-container\">\n\t\t\t\t\t\t\t\t\t\t\t\t<figure class=\"wp-caption\">\n\t\t\t\t\t\t\t\t\t\t<img loading=\"lazy\" decoding=\"async\" width=\"963\" height=\"972\" src=\"https:\/\/www.meteorage.com\/wp-content\/uploads\/2024\/11\/Etude-de-cas-episode-orageux-Espagne-2024-figure-6-1.webp\" class=\"attachment-large size-large wp-image-37978\" alt=\"\" srcset=\"https:\/\/www.meteorage.com\/wp-content\/uploads\/2024\/11\/Etude-de-cas-episode-orageux-Espagne-2024-figure-6-1.webp 963w, https:\/\/www.meteorage.com\/wp-content\/uploads\/2024\/11\/Etude-de-cas-episode-orageux-Espagne-2024-figure-6-1-297x300.webp 297w, https:\/\/www.meteorage.com\/wp-content\/uploads\/2024\/11\/Etude-de-cas-episode-orageux-Espagne-2024-figure-6-1-150x150.webp 150w, https:\/\/www.meteorage.com\/wp-content\/uploads\/2024\/11\/Etude-de-cas-episode-orageux-Espagne-2024-figure-6-1-768x775.webp 768w, https:\/\/www.meteorage.com\/wp-content\/uploads\/2024\/11\/Etude-de-cas-episode-orageux-Espagne-2024-figure-6-1-543x548.webp 543w\" sizes=\"(max-width: 963px) 100vw, 963px\" \/>\t\t\t\t\t\t\t\t\t\t\t<figcaption class=\"widget-image-caption wp-caption-text\">Figure 6 \u2013 \u00a9 Meteociel  <\/figcaption>\n\t\t\t\t\t\t\t\t\t\t<\/figure>\n\t\t\t\t\t\t\t\t\t<\/div>\n\t\t\t\t<\/div>\n\t\t\t\t\t<\/div>\n\t\t\t\t<\/div>\n\t\t<div class=\"elementor-element elementor-element-6f1f1eb e-flex e-con-boxed e-con e-parent\" data-id=\"6f1f1eb\" data-element_type=\"container\" data-e-type=\"container\">\n\t\t\t\t\t<div class=\"e-con-inner\">\n\t\t\t\t<div class=\"elementor-element elementor-element-31e10b3 elementor-widget elementor-widget-ube-timeline\" data-id=\"31e10b3\" data-element_type=\"widget\" data-e-type=\"widget\" data-widget_type=\"ube-timeline.default\">\n\t\t\t\t<div class=\"elementor-widget-container\">\n\t\t\t\t\t<div class=\"ube-timeline ube-timeline-style-01\">\n\t\t\t\t\t\t            <div class=\"ube-timeline-item d-flex justify-content-between\">\n\t\t\t\t                    <div class=\"ube-timeline-time\">\n                        <span>29<br \/>OCTOBRE<\/span>\n                    <\/div>\n\t\t\t\t\t\t\t\t                    <div class=\"ube-timeline-content\">\n\t\t\t\t\t\t                        <div class=\"content\"><p>Le plus gros de l\u2019\u00e9pisode en Espagne commence. La goutte froide, alors plac\u00e9e entre le Maroc et l\u2019Andalousie, g\u00e9n\u00e8re de puissantes remont\u00e9es pluvio-orageuses sur l\u2019Est de l\u2019Espagne. Les mod\u00e9lisations entrevoient jusqu\u2019\u00e0 400 mm dans le secteur, il en tombera pr\u00e8s de 500 mm. On rel\u00e8ve par exemple 491 mm \u00e0 Chiva (Province de Valence). Les cumuls sont remarquables sur une vaste \u00e9tendue du pays (figure 7).\u00a0<\/p><p>Les donn\u00e9es officielles de la station m\u00e9t\u00e9orologique de Tur\u00eds (R\u00e9gion de Valence) sont historiques. La pluviom\u00e9trie maximale enregistr\u00e9e en une heure est de <strong>184.6 L\/m<sup>2<\/sup><\/strong>, ce qui constitue le maximum historique absolu en Espagne (pr\u00e9c\u00e9dent record\u00a0: 159 L\/m<sup>2 <\/sup>\u00e0 Viaros le 19\/10\/2018).<\/p><\/div>\n                    <\/div>\n\t\t\t\t            <\/div>\n\t\t\t<\/div>\n\t\t\t\t<\/div>\n\t\t\t\t<\/div>\n\t\t\t\t\t<\/div>\n\t\t\t\t<\/div>\n\t\t<div class=\"elementor-element elementor-element-47444a6 e-flex e-con-boxed e-con e-parent\" data-id=\"47444a6\" data-element_type=\"container\" data-e-type=\"container\">\n\t\t\t\t\t<div class=\"e-con-inner\">\n\t\t\t\t<div class=\"elementor-element elementor-element-56b65dd elementor-widget elementor-widget-image\" data-id=\"56b65dd\" data-element_type=\"widget\" data-e-type=\"widget\" data-widget_type=\"image.default\">\n\t\t\t\t<div class=\"elementor-widget-container\">\n\t\t\t\t\t\t\t\t\t\t\t\t<figure class=\"wp-caption\">\n\t\t\t\t\t\t\t\t\t\t<img loading=\"lazy\" decoding=\"async\" width=\"1024\" height=\"576\" src=\"https:\/\/www.meteorage.com\/wp-content\/uploads\/2024\/11\/Etude-de-cas-episode-orageux-Espagne-2024-figure-7-1024x576.webp\" class=\"attachment-large size-large wp-image-37575\" alt=\"\" srcset=\"https:\/\/www.meteorage.com\/wp-content\/uploads\/2024\/11\/Etude-de-cas-episode-orageux-Espagne-2024-figure-7-1024x576.webp 1024w, https:\/\/www.meteorage.com\/wp-content\/uploads\/2024\/11\/Etude-de-cas-episode-orageux-Espagne-2024-figure-7-300x169.webp 300w, https:\/\/www.meteorage.com\/wp-content\/uploads\/2024\/11\/Etude-de-cas-episode-orageux-Espagne-2024-figure-7-768x432.webp 768w, https:\/\/www.meteorage.com\/wp-content\/uploads\/2024\/11\/Etude-de-cas-episode-orageux-Espagne-2024-figure-7-543x305.webp 543w, https:\/\/www.meteorage.com\/wp-content\/uploads\/2024\/11\/Etude-de-cas-episode-orageux-Espagne-2024-figure-7.webp 1332w\" sizes=\"(max-width: 1024px) 100vw, 1024px\" \/>\t\t\t\t\t\t\t\t\t\t\t<figcaption class=\"widget-image-caption wp-caption-text\">Figure 7 - \u00a9 Lachainemeteo <\/figcaption>\n\t\t\t\t\t\t\t\t\t\t<\/figure>\n\t\t\t\t\t\t\t\t\t<\/div>\n\t\t\t\t<\/div>\n\t\t\t\t\t<\/div>\n\t\t\t\t<\/div>\n\t\t<div class=\"elementor-element elementor-element-b78d5b4 e-flex e-con-boxed e-con e-parent\" data-id=\"b78d5b4\" data-element_type=\"container\" data-e-type=\"container\">\n\t\t\t\t\t<div class=\"e-con-inner\">\n\t\t\t\t<div class=\"elementor-element elementor-element-7fe1e85 elementor-widget elementor-widget-ube-timeline\" data-id=\"7fe1e85\" data-element_type=\"widget\" data-e-type=\"widget\" data-widget_type=\"ube-timeline.default\">\n\t\t\t\t<div class=\"elementor-widget-container\">\n\t\t\t\t\t<div class=\"ube-timeline ube-timeline-style-01\">\n\t\t\t\t\t\t            <div class=\"ube-timeline-item d-flex justify-content-between\">\n\t\t\t\t                    <div class=\"ube-timeline-time\">\n                        <span>29<br \/>OCTOBRE<\/span>\n                    <\/div>\n\t\t\t\t\t\t\t\t                    <div class=\"ube-timeline-content\">\n\t\t\t\t\t\t                        <div class=\"content\"><p><strong>FOCUS SUR L\u2019ORAGE DU 29\/10<\/strong><\/p><p>Un orage stationnaire impressionnant stagne alors pendant plusieurs heures \u00e0 Valence et ses alentours, ce sont d\u2019\u00e9normes quantit\u00e9s de pr\u00e9cipitations qui tombent sur la r\u00e9gion. On d\u00e9tecte au satellite un orage en V poss\u00e9dant un point d\u2019alimentation fixe vers Valence (figures 8). L\u2019activit\u00e9 \u00e9lectrique est \u00e9galement impressionnante sous les syst\u00e8mes.<\/p><p>Un orage en V est un syst\u00e8me orageux particuli\u00e8rement d\u00e9vastateur car il est stationnaire, il se r\u00e9g\u00e9n\u00e8re au m\u00eame point (point d\u2019alimentation) et d\u00e9verse des pr\u00e9cipitations dans les m\u00eames zones, et ce pendant parfois plusieurs heures.<\/p><\/div>\n                    <\/div>\n\t\t\t\t            <\/div>\n\t\t\t<\/div>\n\t\t\t\t<\/div>\n\t\t\t\t<\/div>\n\t\t\t\t\t<\/div>\n\t\t\t\t<\/div>\n\t\t<div class=\"elementor-element elementor-element-adbbd84 e-flex e-con-boxed e-con e-parent\" data-id=\"adbbd84\" data-element_type=\"container\" data-e-type=\"container\">\n\t\t\t\t\t<div class=\"e-con-inner\">\n\t\t\t\t<div class=\"elementor-element elementor-element-5339543 elementor-widget elementor-widget-image\" data-id=\"5339543\" data-element_type=\"widget\" data-e-type=\"widget\" data-widget_type=\"image.default\">\n\t\t\t\t<div class=\"elementor-widget-container\">\n\t\t\t\t\t\t\t\t\t\t\t\t<figure class=\"wp-caption\">\n\t\t\t\t\t\t\t\t\t\t<img loading=\"lazy\" decoding=\"async\" width=\"1024\" height=\"479\" src=\"https:\/\/www.meteorage.com\/wp-content\/uploads\/2024\/11\/Etude-de-cas-episode-orageux-Espagne-2024-figures-8-1024x479.webp\" class=\"attachment-large size-large wp-image-37984\" alt=\"\" srcset=\"https:\/\/www.meteorage.com\/wp-content\/uploads\/2024\/11\/Etude-de-cas-episode-orageux-Espagne-2024-figures-8-1024x479.webp 1024w, https:\/\/www.meteorage.com\/wp-content\/uploads\/2024\/11\/Etude-de-cas-episode-orageux-Espagne-2024-figures-8-300x140.webp 300w, https:\/\/www.meteorage.com\/wp-content\/uploads\/2024\/11\/Etude-de-cas-episode-orageux-Espagne-2024-figures-8-768x359.webp 768w, https:\/\/www.meteorage.com\/wp-content\/uploads\/2024\/11\/Etude-de-cas-episode-orageux-Espagne-2024-figures-8-543x254.webp 543w, https:\/\/www.meteorage.com\/wp-content\/uploads\/2024\/11\/Etude-de-cas-episode-orageux-Espagne-2024-figures-8.webp 1316w\" sizes=\"(max-width: 1024px) 100vw, 1024px\" \/>\t\t\t\t\t\t\t\t\t\t\t<figcaption class=\"widget-image-caption wp-caption-text\">Figures 8 \u2013 \u00a9 Meteociel <\/figcaption>\n\t\t\t\t\t\t\t\t\t\t<\/figure>\n\t\t\t\t\t\t\t\t\t<\/div>\n\t\t\t\t<\/div>\n\t\t\t\t\t<\/div>\n\t\t\t\t<\/div>\n\t\t<div class=\"elementor-element elementor-element-73f759b e-flex e-con-boxed e-con e-parent\" data-id=\"73f759b\" data-element_type=\"container\" data-e-type=\"container\">\n\t\t\t\t\t<div class=\"e-con-inner\">\n\t\t\t\t<div class=\"elementor-element elementor-element-63cbe8f elementor-widget elementor-widget-ube-timeline\" data-id=\"63cbe8f\" data-element_type=\"widget\" data-e-type=\"widget\" data-widget_type=\"ube-timeline.default\">\n\t\t\t\t<div class=\"elementor-widget-container\">\n\t\t\t\t\t<div class=\"ube-timeline ube-timeline-style-01\">\n\t\t\t\t\t\t            <div class=\"ube-timeline-item d-flex justify-content-between\">\n\t\t\t\t                    <div class=\"ube-timeline-time\">\n                        <span>30 OCTOBRE<br \/>4 NOVEMBRE<\/span>\n                    <\/div>\n\t\t\t\t\t\t\t\t                    <div class=\"ube-timeline-content\">\n\t\t\t\t\t\t                        <div class=\"content\"><p>La goutte froide se r\u00e9sorbe petit \u00e0 petit (les pressions remontent, la dynamique s\u2019affaiblit), n\u2019emp\u00eachant pas des vigilances rouges d\u2019\u00eatre \u00e9mises sur les r\u00e9gions espagnoles bordant la M\u00e9diterran\u00e9e. En effet, plusieurs vagues pluvio-orageuses surviennent le dimanche 3 novembre sur ces m\u00eames r\u00e9gions d\u00e9j\u00e0 bien affect\u00e9es et endeuill\u00e9es. Elle se montre moins puissante que la pr\u00e9c\u00e9dente, mais les sols sont satur\u00e9s d\u2019eau et l\u2019\u00e9vacuation est rendue plus difficile.<\/p><\/div>\n                    <\/div>\n\t\t\t\t            <\/div>\n\t\t\t<\/div>\n\t\t\t\t<\/div>\n\t\t\t\t<\/div>\n\t\t\t\t\t<\/div>\n\t\t\t\t<\/div>\n\t\t<div class=\"elementor-element elementor-element-9fe5320 e-flex e-con-boxed e-con e-parent\" data-id=\"9fe5320\" data-element_type=\"container\" data-e-type=\"container\">\n\t\t\t\t\t<div class=\"e-con-inner\">\n\t\t\t\t<div class=\"elementor-element elementor-element-4dc0bfe elementor-widget-divider--view-line elementor-widget elementor-widget-divider\" data-id=\"4dc0bfe\" data-element_type=\"widget\" data-e-type=\"widget\" data-widget_type=\"divider.default\">\n\t\t\t\t<div class=\"elementor-widget-container\">\n\t\t\t\t\t\t\t<div class=\"elementor-divider\">\n\t\t\t<span class=\"elementor-divider-separator\">\n\t\t\t\t\t\t<\/span>\n\t\t<\/div>\n\t\t\t\t\t\t<\/div>\n\t\t\t\t<\/div>\n\t\t\t\t\t<\/div>\n\t\t\t\t<\/div>\n\t\t<div class=\"elementor-element elementor-element-f710b1d e-flex e-con-boxed e-con e-parent\" data-id=\"f710b1d\" data-element_type=\"container\" data-e-type=\"container\">\n\t\t\t\t\t<div class=\"e-con-inner\">\n\t\t\t\t<div class=\"elementor-element elementor-element-59ffd9d elementor-widget elementor-widget-menu-anchor\" data-id=\"59ffd9d\" data-element_type=\"widget\" data-e-type=\"widget\" data-widget_type=\"menu-anchor.default\">\n\t\t\t\t<div class=\"elementor-widget-container\">\n\t\t\t\t\t\t\t<div class=\"elementor-menu-anchor\" id=\"activite\"><\/div>\n\t\t\t\t\t\t<\/div>\n\t\t\t\t<\/div>\n\t\t\t\t\t<\/div>\n\t\t\t\t<\/div>\n\t\t<div class=\"elementor-element elementor-element-9be729b e-flex e-con-boxed e-con e-parent\" data-id=\"9be729b\" data-element_type=\"container\" data-e-type=\"container\">\n\t\t\t\t\t<div class=\"e-con-inner\">\n\t\t\t\t<div class=\"elementor-element elementor-element-c591125 elementor-widget elementor-widget-spacer\" data-id=\"c591125\" data-element_type=\"widget\" data-e-type=\"widget\" data-widget_type=\"spacer.default\">\n\t\t\t\t<div class=\"elementor-widget-container\">\n\t\t\t\t\t\t\t<div class=\"elementor-spacer\">\n\t\t\t<div class=\"elementor-spacer-inner\"><\/div>\n\t\t<\/div>\n\t\t\t\t\t\t<\/div>\n\t\t\t\t<\/div>\n\t\t\t\t\t<\/div>\n\t\t\t\t<\/div>\n\t\t<div class=\"elementor-element elementor-element-b510e8a e-flex e-con-boxed e-con e-parent\" data-id=\"b510e8a\" data-element_type=\"container\" data-e-type=\"container\">\n\t\t\t\t\t<div class=\"e-con-inner\">\n\t\t\t\t<div class=\"elementor-element elementor-element-9e63c53 elementor-widget elementor-widget-heading\" data-id=\"9e63c53\" data-element_type=\"widget\" data-e-type=\"widget\" data-widget_type=\"heading.default\">\n\t\t\t\t<div class=\"elementor-widget-container\">\n\t\t\t\t\t<h3 class=\"elementor-heading-title elementor-size-default\"><a href=\"#activite\">Focus sur l'activit\u00e9 \u00e9lectrique<\/a><\/h3>\t\t\t\t<\/div>\n\t\t\t\t<\/div>\n\t\t\t\t\t<\/div>\n\t\t\t\t<\/div>\n\t\t<div class=\"elementor-element elementor-element-77f121b e-flex e-con-boxed e-con e-parent\" data-id=\"77f121b\" data-element_type=\"container\" data-e-type=\"container\">\n\t\t\t\t\t<div class=\"e-con-inner\">\n\t\t\t\t<div class=\"elementor-element elementor-element-cc9eb93 elementor-widget elementor-widget-text-editor\" data-id=\"cc9eb93\" data-element_type=\"widget\" data-e-type=\"widget\" data-widget_type=\"text-editor.default\">\n\t\t\t\t<div class=\"elementor-widget-container\">\n\t\t\t\t\t\t\t\t\t<p>Sur l\u2019ensemble des \u00e9pisodes, les capteurs METEORAGE d\u00e9tectent :<\/p>\t\t\t\t\t\t\t\t<\/div>\n\t\t\t\t<\/div>\n\t\t\t\t\t<\/div>\n\t\t\t\t<\/div>\n\t\t<div class=\"elementor-element elementor-element-181693e e-flex e-con-boxed e-con e-parent\" data-id=\"181693e\" data-element_type=\"container\" data-e-type=\"container\">\n\t\t\t\t\t<div class=\"e-con-inner\">\n\t\t<div class=\"elementor-element elementor-element-f4a35a4 e-con-full e-flex e-con e-child\" data-id=\"f4a35a4\" data-element_type=\"container\" data-e-type=\"container\">\n\t\t\t\t<div class=\"elementor-element elementor-element-117ab7c elementor-widget elementor-widget-counter\" data-id=\"117ab7c\" data-element_type=\"widget\" data-e-type=\"widget\" data-widget_type=\"counter.default\">\n\t\t\t\t<div class=\"elementor-widget-container\">\n\t\t\t\t\t\t\t<div class=\"elementor-counter\">\n\t\t\t<div class=\"elementor-counter-title\">intra-nuageux (IC)<\/div>\t\t\t<div class=\"elementor-counter-number-wrapper\">\n\t\t\t\t<span class=\"elementor-counter-number-prefix\"><\/span>\n\t\t\t\t<span class=\"elementor-counter-number\" data-duration=\"2000\" data-to-value=\"1300000\" data-from-value=\"0\">0<\/span>\n\t\t\t\t<span class=\"elementor-counter-number-suffix\"><\/span>\n\t\t\t<\/div>\n\t\t<\/div>\n\t\t\t\t\t\t<\/div>\n\t\t\t\t<\/div>\n\t\t\t\t<\/div>\n\t\t<div class=\"elementor-element elementor-element-8f5456c e-con-full e-flex e-con e-child\" data-id=\"8f5456c\" data-element_type=\"container\" data-e-type=\"container\">\n\t\t\t\t<div class=\"elementor-element elementor-element-ac415fa elementor-widget elementor-widget-counter\" data-id=\"ac415fa\" data-element_type=\"widget\" data-e-type=\"widget\" data-widget_type=\"counter.default\">\n\t\t\t\t<div class=\"elementor-widget-container\">\n\t\t\t\t\t\t\t<div class=\"elementor-counter\">\n\t\t\t<div class=\"elementor-counter-title\">impacts nuage-sol (CG)<\/div>\t\t\t<div class=\"elementor-counter-number-wrapper\">\n\t\t\t\t<span class=\"elementor-counter-number-prefix\"><\/span>\n\t\t\t\t<span class=\"elementor-counter-number\" data-duration=\"2000\" data-to-value=\"300000\" data-from-value=\"0\">0<\/span>\n\t\t\t\t<span class=\"elementor-counter-number-suffix\"><\/span>\n\t\t\t<\/div>\n\t\t<\/div>\n\t\t\t\t\t\t<\/div>\n\t\t\t\t<\/div>\n\t\t\t\t<\/div>\n\t\t\t\t\t<\/div>\n\t\t\t\t<\/div>\n\t\t<div class=\"elementor-element elementor-element-37418f9 e-flex e-con-boxed e-con e-parent\" data-id=\"37418f9\" data-element_type=\"container\" data-e-type=\"container\">\n\t\t\t\t\t<div class=\"e-con-inner\">\n\t\t<div class=\"elementor-element elementor-element-baca2a0 e-con-full e-flex e-con e-child\" data-id=\"baca2a0\" data-element_type=\"container\" data-e-type=\"container\">\n\t\t\t\t<div class=\"elementor-element elementor-element-9eb36e3 elementor-widget elementor-widget-text-editor\" data-id=\"9eb36e3\" data-element_type=\"widget\" data-e-type=\"widget\" data-widget_type=\"text-editor.default\">\n\t\t\t\t<div class=\"elementor-widget-container\">\n\t\t\t\t\t\t\t\t\t<p>Les premiers orages pr\u00e9frontaux balayant le Sud de l\u2019Europe d\u2019Ouest en Est ont \u00e9t\u00e9 assez \u00e9lectriques (figure 9), avec plus de 100\u00a0000 impacts nuage-sol (CG) d\u00e9tect\u00e9s.<\/p>\t\t\t\t\t\t\t\t<\/div>\n\t\t\t\t<\/div>\n\t\t\t\t<\/div>\n\t\t<div class=\"elementor-element elementor-element-cb46fa8 e-con-full e-flex e-con e-child\" data-id=\"cb46fa8\" data-element_type=\"container\" data-e-type=\"container\">\n\t\t\t\t<div class=\"elementor-element elementor-element-85ac5c3 elementor-widget elementor-widget-image\" data-id=\"85ac5c3\" data-element_type=\"widget\" data-e-type=\"widget\" data-widget_type=\"image.default\">\n\t\t\t\t<div class=\"elementor-widget-container\">\n\t\t\t\t\t\t\t\t\t\t\t\t<figure class=\"wp-caption\">\n\t\t\t\t\t\t\t\t\t\t<img loading=\"lazy\" decoding=\"async\" width=\"1024\" height=\"634\" src=\"https:\/\/www.meteorage.com\/wp-content\/uploads\/2024\/11\/Case-study-thunderstorm-in-Spain-figure-9-1024x634.webp\" class=\"attachment-large size-large wp-image-37919\" alt=\"Case study thunderstorm in Spain - figure 9\" srcset=\"https:\/\/www.meteorage.com\/wp-content\/uploads\/2024\/11\/Case-study-thunderstorm-in-Spain-figure-9-1024x634.webp 1024w, https:\/\/www.meteorage.com\/wp-content\/uploads\/2024\/11\/Case-study-thunderstorm-in-Spain-figure-9-300x186.webp 300w, https:\/\/www.meteorage.com\/wp-content\/uploads\/2024\/11\/Case-study-thunderstorm-in-Spain-figure-9-768x475.webp 768w, https:\/\/www.meteorage.com\/wp-content\/uploads\/2024\/11\/Case-study-thunderstorm-in-Spain-figure-9-543x336.webp 543w, https:\/\/www.meteorage.com\/wp-content\/uploads\/2024\/11\/Case-study-thunderstorm-in-Spain-figure-9.webp 1257w\" sizes=\"(max-width: 1024px) 100vw, 1024px\" \/>\t\t\t\t\t\t\t\t\t\t\t<figcaption class=\"widget-image-caption wp-caption-text\">Figure 9 \u2013 \u00a9 Meteorage  <\/figcaption>\n\t\t\t\t\t\t\t\t\t\t<\/figure>\n\t\t\t\t\t\t\t\t\t<\/div>\n\t\t\t\t<\/div>\n\t\t\t\t<\/div>\n\t\t\t\t\t<\/div>\n\t\t\t\t<\/div>\n\t\t<div class=\"elementor-element elementor-element-2c6a919 e-flex e-con-boxed e-con e-parent\" data-id=\"2c6a919\" data-element_type=\"container\" data-e-type=\"container\">\n\t\t\t\t\t<div class=\"e-con-inner\">\n\t\t<div class=\"elementor-element elementor-element-698199a e-con-full e-flex e-con e-child\" data-id=\"698199a\" data-element_type=\"container\" data-e-type=\"container\">\n\t\t\t\t<div class=\"elementor-element elementor-element-5713e17 elementor-widget elementor-widget-text-editor\" data-id=\"5713e17\" data-element_type=\"widget\" data-e-type=\"widget\" data-widget_type=\"text-editor.default\">\n\t\t\t\t<div class=\"elementor-widget-container\">\n\t\t\t\t\t\t\t\t\t<p>Le plus gros de l\u2019activit\u00e9 \u00e9lectrique survient lors de la forte d\u00e9gradation orageuse sur le Sud et l\u2019Est de l\u2019Espagne.<\/p><p>Plus de\u00a080 000 CG d\u00e9tect\u00e9s (figure 10) sur ce secteur, en moins de 24h. On note bien la propagation de la ligne orageuse, allant de l&rsquo;Ouest vers l&rsquo;Est du pays.<\/p>\t\t\t\t\t\t\t\t<\/div>\n\t\t\t\t<\/div>\n\t\t\t\t<\/div>\n\t\t<div class=\"elementor-element elementor-element-dabab33 e-con-full e-flex e-con e-child\" data-id=\"dabab33\" data-element_type=\"container\" data-e-type=\"container\">\n\t\t\t\t<div class=\"elementor-element elementor-element-3de1a20 elementor-widget elementor-widget-image\" data-id=\"3de1a20\" data-element_type=\"widget\" data-e-type=\"widget\" data-widget_type=\"image.default\">\n\t\t\t\t<div class=\"elementor-widget-container\">\n\t\t\t\t\t\t\t\t\t\t\t\t<figure class=\"wp-caption\">\n\t\t\t\t\t\t\t\t\t\t<img loading=\"lazy\" decoding=\"async\" width=\"877\" height=\"490\" src=\"https:\/\/www.meteorage.com\/wp-content\/uploads\/2024\/11\/Etude-de-cas-episode-orageux-Espagne-2024-figure-10.webp\" class=\"attachment-large size-large wp-image-37593\" alt=\"\" srcset=\"https:\/\/www.meteorage.com\/wp-content\/uploads\/2024\/11\/Etude-de-cas-episode-orageux-Espagne-2024-figure-10.webp 877w, https:\/\/www.meteorage.com\/wp-content\/uploads\/2024\/11\/Etude-de-cas-episode-orageux-Espagne-2024-figure-10-300x168.webp 300w, https:\/\/www.meteorage.com\/wp-content\/uploads\/2024\/11\/Etude-de-cas-episode-orageux-Espagne-2024-figure-10-768x429.webp 768w, https:\/\/www.meteorage.com\/wp-content\/uploads\/2024\/11\/Etude-de-cas-episode-orageux-Espagne-2024-figure-10-543x303.webp 543w\" sizes=\"(max-width: 877px) 100vw, 877px\" \/>\t\t\t\t\t\t\t\t\t\t\t<figcaption class=\"widget-image-caption wp-caption-text\">Figure 10 \u2013 \u00a9 Meteorage  <\/figcaption>\n\t\t\t\t\t\t\t\t\t\t<\/figure>\n\t\t\t\t\t\t\t\t\t<\/div>\n\t\t\t\t<\/div>\n\t\t\t\t<\/div>\n\t\t\t\t\t<\/div>\n\t\t\t\t<\/div>\n\t\t<div class=\"elementor-element elementor-element-4698135 e-flex e-con-boxed e-con e-parent\" data-id=\"4698135\" data-element_type=\"container\" data-e-type=\"container\">\n\t\t\t\t\t<div class=\"e-con-inner\">\n\t\t<div class=\"elementor-element elementor-element-e4ce35e e-con-full e-flex e-con e-child\" data-id=\"e4ce35e\" data-element_type=\"container\" data-e-type=\"container\">\n\t\t\t\t<div class=\"elementor-element elementor-element-c96bbf0 elementor-widget elementor-widget-text-editor\" data-id=\"c96bbf0\" data-element_type=\"widget\" data-e-type=\"widget\" data-widget_type=\"text-editor.default\">\n\t\t\t\t<div class=\"elementor-widget-container\">\n\t\t\t\t\t\t\t\t\t<p>Pour donner une petite id\u00e9e de l\u2019ampleur de la cellule orageuse la plus intense qui s\u2019est produit entre le 29 octobre \u00e0 12:55 TU et le 30 octobre \u00e0 21:50 TU autour de Valence en Espagne. <br \/>A droite (figure 11) l\u2019emprise totale de la cellule sur toute sa dur\u00e9e de vie soit un peu moins de 9 heures cons\u00e9cutives :<\/p>\t\t\t\t\t\t\t\t<\/div>\n\t\t\t\t<\/div>\n\t\t\t\t<\/div>\n\t\t<div class=\"elementor-element elementor-element-58c797f e-con-full e-flex e-con e-child\" data-id=\"58c797f\" data-element_type=\"container\" data-e-type=\"container\">\n\t\t\t\t<div class=\"elementor-element elementor-element-1bccc07 elementor-widget elementor-widget-image\" data-id=\"1bccc07\" data-element_type=\"widget\" data-e-type=\"widget\" data-widget_type=\"image.default\">\n\t\t\t\t<div class=\"elementor-widget-container\">\n\t\t\t\t\t\t\t\t\t\t\t\t<figure class=\"wp-caption\">\n\t\t\t\t\t\t\t\t\t\t<img loading=\"lazy\" decoding=\"async\" width=\"900\" height=\"617\" src=\"https:\/\/www.meteorage.com\/wp-content\/uploads\/2024\/11\/Case-study-thunderstorm-in-Spain-figure-11.webp\" class=\"attachment-large size-large wp-image-37901\" alt=\"\" srcset=\"https:\/\/www.meteorage.com\/wp-content\/uploads\/2024\/11\/Case-study-thunderstorm-in-Spain-figure-11.webp 900w, https:\/\/www.meteorage.com\/wp-content\/uploads\/2024\/11\/Case-study-thunderstorm-in-Spain-figure-11-300x206.webp 300w, https:\/\/www.meteorage.com\/wp-content\/uploads\/2024\/11\/Case-study-thunderstorm-in-Spain-figure-11-768x527.webp 768w, https:\/\/www.meteorage.com\/wp-content\/uploads\/2024\/11\/Case-study-thunderstorm-in-Spain-figure-11-543x372.webp 543w\" sizes=\"(max-width: 900px) 100vw, 900px\" \/>\t\t\t\t\t\t\t\t\t\t\t<figcaption class=\"widget-image-caption wp-caption-text\">Figure 11 \u2013 \u00a9 Meteorage \/ St\u00e9phane P\u00e9deboy<\/figcaption>\n\t\t\t\t\t\t\t\t\t\t<\/figure>\n\t\t\t\t\t\t\t\t\t<\/div>\n\t\t\t\t<\/div>\n\t\t\t\t<\/div>\n\t\t\t\t\t<\/div>\n\t\t\t\t<\/div>\n\t\t<div class=\"elementor-element elementor-element-bb43bc0 e-flex e-con-boxed e-con e-parent\" data-id=\"bb43bc0\" data-element_type=\"container\" data-e-type=\"container\">\n\t\t\t\t\t<div class=\"e-con-inner\">\n\t\t<div class=\"elementor-element elementor-element-4acb9b7 e-con-full e-flex e-con e-child\" data-id=\"4acb9b7\" data-element_type=\"container\" data-e-type=\"container\">\n\t\t\t\t<div class=\"elementor-element elementor-element-af89738 elementor-widget elementor-widget-text-editor\" data-id=\"af89738\" data-element_type=\"widget\" data-e-type=\"widget\" data-widget_type=\"text-editor.default\">\n\t\t\t\t<div class=\"elementor-widget-container\">\n\t\t\t\t\t\t\t\t\t<p>Si l\u2019on s\u2019int\u00e9resse au taux de flashs\/minute, on atteint des valeurs extr\u00eamement \u00e9lev\u00e9es. On d\u00e9tecte m\u00eame <b>un Lightning Jump aux alentours de 13h10 (figure 12).<\/b><\/p>\t\t\t\t\t\t\t\t<\/div>\n\t\t\t\t<\/div>\n\t\t\t\t<div class=\"elementor-element elementor-element-e1cb635 elementor-widget elementor-widget-text-editor\" data-id=\"e1cb635\" data-element_type=\"widget\" data-e-type=\"widget\" data-widget_type=\"text-editor.default\">\n\t\t\t\t<div class=\"elementor-widget-container\">\n\t\t\t\t\t\t\t\t\t<p><span style=\"color: var( --e-global-color-text );\">Un Lightning Jump correspond \u00e0 <\/span><b style=\"color: var( --e-global-color-text );\">une augmentation rapide de la fr\u00e9quence des \u00e9clairs ou du taux d&rsquo;\u00e9clairs\/minute<\/b><span style=\"color: var( --e-global-color-text );\">. Il pr\u00e9c\u00e8de g\u00e9n\u00e9ralement de quelques minutes des ph\u00e9nom\u00e8nes m\u00e9t\u00e9orologiques violents&nbsp;: tornades, gr\u00eale, rafales descendantes, etc.<\/span><\/p>\t\t\t\t\t\t\t\t<\/div>\n\t\t\t\t<\/div>\n\t\t\t\t<\/div>\n\t\t<div class=\"elementor-element elementor-element-e257ae2 e-con-full e-flex e-con e-child\" data-id=\"e257ae2\" data-element_type=\"container\" data-e-type=\"container\">\n\t\t\t\t<div class=\"elementor-element elementor-element-5a16a2b elementor-widget elementor-widget-image\" data-id=\"5a16a2b\" data-element_type=\"widget\" data-e-type=\"widget\" data-widget_type=\"image.default\">\n\t\t\t\t<div class=\"elementor-widget-container\">\n\t\t\t\t\t\t\t\t\t\t\t\t<figure class=\"wp-caption\">\n\t\t\t\t\t\t\t\t\t\t<img loading=\"lazy\" decoding=\"async\" width=\"1024\" height=\"676\" src=\"https:\/\/www.meteorage.com\/wp-content\/uploads\/2024\/11\/Etude-de-cas-episode-orageux-Espagne-2024-figure-12-2-1024x676.webp\" class=\"attachment-large size-large wp-image-38032\" alt=\"\" srcset=\"https:\/\/www.meteorage.com\/wp-content\/uploads\/2024\/11\/Etude-de-cas-episode-orageux-Espagne-2024-figure-12-2-1024x676.webp 1024w, https:\/\/www.meteorage.com\/wp-content\/uploads\/2024\/11\/Etude-de-cas-episode-orageux-Espagne-2024-figure-12-2-300x198.webp 300w, https:\/\/www.meteorage.com\/wp-content\/uploads\/2024\/11\/Etude-de-cas-episode-orageux-Espagne-2024-figure-12-2-768x507.webp 768w, https:\/\/www.meteorage.com\/wp-content\/uploads\/2024\/11\/Etude-de-cas-episode-orageux-Espagne-2024-figure-12-2-543x358.webp 543w, https:\/\/www.meteorage.com\/wp-content\/uploads\/2024\/11\/Etude-de-cas-episode-orageux-Espagne-2024-figure-12-2.webp 1323w\" sizes=\"(max-width: 1024px) 100vw, 1024px\" \/>\t\t\t\t\t\t\t\t\t\t\t<figcaption class=\"widget-image-caption wp-caption-text\">Figure 12 \u2013 \u00a9 Meteorage \/ St\u00e9phane P\u00e9deboy<\/figcaption>\n\t\t\t\t\t\t\t\t\t\t<\/figure>\n\t\t\t\t\t\t\t\t\t<\/div>\n\t\t\t\t<\/div>\n\t\t\t\t<\/div>\n\t\t\t\t\t<\/div>\n\t\t\t\t<\/div>\n\t\t<div class=\"elementor-element elementor-element-242b4b0 e-flex e-con-boxed e-con e-parent\" data-id=\"242b4b0\" data-element_type=\"container\" data-e-type=\"container\">\n\t\t\t\t\t<div class=\"e-con-inner\">\n\t\t\t\t<div class=\"elementor-element elementor-element-9408119 elementor-widget-divider--view-line elementor-widget elementor-widget-divider\" data-id=\"9408119\" data-element_type=\"widget\" data-e-type=\"widget\" data-widget_type=\"divider.default\">\n\t\t\t\t<div class=\"elementor-widget-container\">\n\t\t\t\t\t\t\t<div class=\"elementor-divider\">\n\t\t\t<span class=\"elementor-divider-separator\">\n\t\t\t\t\t\t<\/span>\n\t\t<\/div>\n\t\t\t\t\t\t<\/div>\n\t\t\t\t<\/div>\n\t\t\t\t\t<\/div>\n\t\t\t\t<\/div>\n\t\t<div class=\"elementor-element elementor-element-838d5c5 e-flex e-con-boxed e-con e-parent\" data-id=\"838d5c5\" data-element_type=\"container\" data-e-type=\"container\">\n\t\t\t\t\t<div class=\"e-con-inner\">\n\t\t\t\t<div class=\"elementor-element elementor-element-9c043a8 elementor-widget elementor-widget-menu-anchor\" data-id=\"9c043a8\" data-element_type=\"widget\" data-e-type=\"widget\" data-widget_type=\"menu-anchor.default\">\n\t\t\t\t<div class=\"elementor-widget-container\">\n\t\t\t\t\t\t\t<div class=\"elementor-menu-anchor\" id=\"impact\"><\/div>\n\t\t\t\t\t\t<\/div>\n\t\t\t\t<\/div>\n\t\t\t\t\t<\/div>\n\t\t\t\t<\/div>\n\t\t<div class=\"elementor-element elementor-element-2e624a2 e-flex e-con-boxed e-con e-parent\" data-id=\"2e624a2\" data-element_type=\"container\" data-e-type=\"container\">\n\t\t\t\t\t<div class=\"e-con-inner\">\n\t\t\t\t<div class=\"elementor-element elementor-element-c4ad8dc elementor-widget elementor-widget-spacer\" data-id=\"c4ad8dc\" data-element_type=\"widget\" data-e-type=\"widget\" data-widget_type=\"spacer.default\">\n\t\t\t\t<div class=\"elementor-widget-container\">\n\t\t\t\t\t\t\t<div class=\"elementor-spacer\">\n\t\t\t<div class=\"elementor-spacer-inner\"><\/div>\n\t\t<\/div>\n\t\t\t\t\t\t<\/div>\n\t\t\t\t<\/div>\n\t\t\t\t\t<\/div>\n\t\t\t\t<\/div>\n\t\t<div class=\"elementor-element elementor-element-5e0fc38 e-flex e-con-boxed e-con e-parent\" data-id=\"5e0fc38\" data-element_type=\"container\" data-e-type=\"container\">\n\t\t\t\t\t<div class=\"e-con-inner\">\n\t\t\t\t<div class=\"elementor-element elementor-element-0ff278a elementor-widget elementor-widget-heading\" data-id=\"0ff278a\" data-element_type=\"widget\" data-e-type=\"widget\" data-widget_type=\"heading.default\">\n\t\t\t\t<div class=\"elementor-widget-container\">\n\t\t\t\t\t<h3 class=\"elementor-heading-title elementor-size-default\"><a href=\"#impact\">Impact du changement climatique \/ facteurs aggravants<\/a><\/h3>\t\t\t\t<\/div>\n\t\t\t\t<\/div>\n\t\t\t\t\t<\/div>\n\t\t\t\t<\/div>\n\t\t<div class=\"elementor-element elementor-element-256adc2 e-flex e-con-boxed e-con e-parent\" data-id=\"256adc2\" data-element_type=\"container\" data-e-type=\"container\">\n\t\t\t\t\t<div class=\"e-con-inner\">\n\t\t\t\t<div class=\"elementor-element elementor-element-b3d4064 elementor-widget elementor-widget-text-editor\" data-id=\"b3d4064\" data-element_type=\"widget\" data-e-type=\"widget\" data-widget_type=\"text-editor.default\">\n\t\t\t\t<div class=\"elementor-widget-container\">\n\t\t\t\t\t\t\t\t\t<p>Cet \u00e9pisode que l\u2019on peut qualifier de majeur sur le secteur espagnol, a \u00e9t\u00e9 caus\u00e9 par une dynamique atmosph\u00e9rique assez classique finalement pour cette saison. En effet, des gouttes froides se logent fr\u00e9quemment sur la P\u00e9ninsule Ib\u00e9rique et des vagues pluvio-orageuses remontent r\u00e9guli\u00e8rement en automne sur les pays bordant la M\u00e9diterran\u00e9e.<\/p><p><strong>Alors pourquoi cet \u00e9pisode \u00e9tait si exceptionnel\u00a0?<\/strong><\/p>\t\t\t\t\t\t\t\t<\/div>\n\t\t\t\t<\/div>\n\t\t\t\t\t<\/div>\n\t\t\t\t<\/div>\n\t\t<div class=\"elementor-element elementor-element-01528c4 e-flex e-con-boxed e-con e-parent\" data-id=\"01528c4\" data-element_type=\"container\" data-e-type=\"container\">\n\t\t\t\t\t<div class=\"e-con-inner\">\n\t\t<div class=\"elementor-element elementor-element-89fc967 e-con-full e-flex e-con e-child\" data-id=\"89fc967\" data-element_type=\"container\" data-e-type=\"container\">\n\t\t\t\t<div class=\"elementor-element elementor-element-a5b9c14 elementor-widget elementor-widget-heading\" data-id=\"a5b9c14\" data-element_type=\"widget\" data-e-type=\"widget\" data-widget_type=\"heading.default\">\n\t\t\t\t<div class=\"elementor-widget-container\">\n\t\t\t\t\t<h2 class=\"elementor-heading-title elementor-size-default\">1.<\/h2>\t\t\t\t<\/div>\n\t\t\t\t<\/div>\n\t\t\t\t<\/div>\n\t\t<div class=\"elementor-element elementor-element-714331f e-con-full e-flex e-con e-child\" data-id=\"714331f\" data-element_type=\"container\" data-e-type=\"container\">\n\t\t\t\t<div class=\"elementor-element elementor-element-5471d11 elementor-widget elementor-widget-text-editor\" data-id=\"5471d11\" data-element_type=\"widget\" data-e-type=\"widget\" data-widget_type=\"text-editor.default\">\n\t\t\t\t<div class=\"elementor-widget-container\">\n\t\t\t\t\t\t\t\t\t<p>Les eaux en M\u00e9diterran\u00e9e sont encore particuli\u00e8rement \u00e9lev\u00e9es, <span data-teams=\"true\">avec des anomalies positives concernant la temp\u00e9rature de surface de la mer (figure 13), les eaux atteignent encore 21\u00b0C en surface au large de Valence.<\/span> Cette eau sert de carburant au d\u00e9veloppement des orages.<\/p>\t\t\t\t\t\t\t\t<\/div>\n\t\t\t\t<\/div>\n\t\t\t\t<\/div>\n\t\t\t\t\t<\/div>\n\t\t\t\t<\/div>\n\t\t<div class=\"elementor-element elementor-element-a6b56bd e-flex e-con-boxed e-con e-parent\" data-id=\"a6b56bd\" data-element_type=\"container\" data-e-type=\"container\">\n\t\t\t\t\t<div class=\"e-con-inner\">\n\t\t\t\t<div class=\"elementor-element elementor-element-447d8b0 elementor-widget elementor-widget-image\" data-id=\"447d8b0\" data-element_type=\"widget\" data-e-type=\"widget\" data-widget_type=\"image.default\">\n\t\t\t\t<div class=\"elementor-widget-container\">\n\t\t\t\t\t\t\t\t\t\t\t\t<figure class=\"wp-caption\">\n\t\t\t\t\t\t\t\t\t\t<img loading=\"lazy\" decoding=\"async\" width=\"925\" height=\"527\" src=\"https:\/\/www.meteorage.com\/wp-content\/uploads\/2024\/11\/Case-study-thunderstorm-in-Spain-figure-13-1.webp\" class=\"attachment-large size-large wp-image-37907\" alt=\"\" srcset=\"https:\/\/www.meteorage.com\/wp-content\/uploads\/2024\/11\/Case-study-thunderstorm-in-Spain-figure-13-1.webp 925w, https:\/\/www.meteorage.com\/wp-content\/uploads\/2024\/11\/Case-study-thunderstorm-in-Spain-figure-13-1-300x171.webp 300w, https:\/\/www.meteorage.com\/wp-content\/uploads\/2024\/11\/Case-study-thunderstorm-in-Spain-figure-13-1-768x438.webp 768w, https:\/\/www.meteorage.com\/wp-content\/uploads\/2024\/11\/Case-study-thunderstorm-in-Spain-figure-13-1-543x309.webp 543w\" sizes=\"(max-width: 925px) 100vw, 925px\" \/>\t\t\t\t\t\t\t\t\t\t\t<figcaption class=\"widget-image-caption wp-caption-text\">Figure 13 \u2013 \u00a9 Copernicus <\/figcaption>\n\t\t\t\t\t\t\t\t\t\t<\/figure>\n\t\t\t\t\t\t\t\t\t<\/div>\n\t\t\t\t<\/div>\n\t\t\t\t\t<\/div>\n\t\t\t\t<\/div>\n\t\t<div class=\"elementor-element elementor-element-20f215b e-flex e-con-boxed e-con e-parent\" data-id=\"20f215b\" data-element_type=\"container\" data-e-type=\"container\">\n\t\t\t\t\t<div class=\"e-con-inner\">\n\t\t<div class=\"elementor-element elementor-element-12d0cec e-con-full e-flex e-con e-child\" data-id=\"12d0cec\" data-element_type=\"container\" data-e-type=\"container\">\n\t\t\t\t<div class=\"elementor-element elementor-element-e5a77fa elementor-widget elementor-widget-heading\" data-id=\"e5a77fa\" data-element_type=\"widget\" data-e-type=\"widget\" data-widget_type=\"heading.default\">\n\t\t\t\t<div class=\"elementor-widget-container\">\n\t\t\t\t\t<h2 class=\"elementor-heading-title elementor-size-default\">2.<\/h2>\t\t\t\t<\/div>\n\t\t\t\t<\/div>\n\t\t\t\t<\/div>\n\t\t<div class=\"elementor-element elementor-element-f2a12a0 e-con-full e-flex e-con e-child\" data-id=\"f2a12a0\" data-element_type=\"container\" data-e-type=\"container\">\n\t\t\t\t<div class=\"elementor-element elementor-element-4d2ce0b elementor-widget elementor-widget-text-editor\" data-id=\"4d2ce0b\" data-element_type=\"widget\" data-e-type=\"widget\" data-widget_type=\"text-editor.default\">\n\t\t\t\t<div class=\"elementor-widget-container\">\n\t\t\t\t\t\t\t\t\t<p>Valence se trouve entour\u00e9e de montagnes. L\u2019air chaud et humide qui remonte se retrouve donc pi\u00e9g\u00e9 et est forc\u00e9 de s\u2019\u00e9lever en altitude, il va alors rencontrer l\u2019air tr\u00e8s froid en altitude. Ce puissant choc thermique conduit \u00e0 une convection intense.<\/p>\t\t\t\t\t\t\t\t<\/div>\n\t\t\t\t<\/div>\n\t\t\t\t<\/div>\n\t\t\t\t\t<\/div>\n\t\t\t\t<\/div>\n\t\t<div class=\"elementor-element elementor-element-480f09c e-flex e-con-boxed e-con e-parent\" data-id=\"480f09c\" data-element_type=\"container\" data-e-type=\"container\">\n\t\t\t\t\t<div class=\"e-con-inner\">\n\t\t<div class=\"elementor-element elementor-element-cc6c848 e-con-full e-flex e-con e-child\" data-id=\"cc6c848\" data-element_type=\"container\" data-e-type=\"container\">\n\t\t\t\t<div class=\"elementor-element elementor-element-ab9dd45 elementor-widget elementor-widget-heading\" data-id=\"ab9dd45\" data-element_type=\"widget\" data-e-type=\"widget\" data-widget_type=\"heading.default\">\n\t\t\t\t<div class=\"elementor-widget-container\">\n\t\t\t\t\t<h2 class=\"elementor-heading-title elementor-size-default\">3.<\/h2>\t\t\t\t<\/div>\n\t\t\t\t<\/div>\n\t\t\t\t<\/div>\n\t\t<div class=\"elementor-element elementor-element-cc7eb55 e-con-full e-flex e-con e-child\" data-id=\"cc7eb55\" data-element_type=\"container\" data-e-type=\"container\">\n\t\t\t\t<div class=\"elementor-element elementor-element-b9293bb elementor-widget elementor-widget-text-editor\" data-id=\"b9293bb\" data-element_type=\"widget\" data-e-type=\"widget\" data-widget_type=\"text-editor.default\">\n\t\t\t\t<div class=\"elementor-widget-container\">\n\t\t\t\t\t\t\t\t\t<p>Une atmosph\u00e8re plus chaude conduit \u00e0 plus d\u2019humidit\u00e9 dans l\u2019atmosph\u00e8re. D\u2019apr\u00e8s les lois thermodynamiques, <strong>un degr\u00e9 de plus dans l\u2019atmosph\u00e8re, c\u2019est 7% de vapeur d&rsquo;eau en plus<\/strong>. Plus de chaleur conduit en effet \u00e0 plus d\u2019\u00e9vaporation et donc un contenu en eau dans l\u2019atmosph\u00e8re plus \u00e9lev\u00e9. Ce fort contenu en eau pr\u00e9cipitable est potentiellement dangereux lors d\u2019un orage car davantage d\u2019eau va tomber et accroitre la possibilit\u00e9 de crues \u00e9clairs plus intenses. Dans le cas de l\u2019orage en Espagne, le contenu en eau pr\u00e9cipitable \u00e9tait assez \u00e9lev\u00e9 et a favoris\u00e9 les intenses pr\u00e9cipitations observ\u00e9es dans ces r\u00e9gions.<\/p>\t\t\t\t\t\t\t\t<\/div>\n\t\t\t\t<\/div>\n\t\t\t\t<\/div>\n\t\t\t\t\t<\/div>\n\t\t\t\t<\/div>\n\t\t<div class=\"elementor-element elementor-element-201f342 e-flex e-con-boxed e-con e-parent\" data-id=\"201f342\" data-element_type=\"container\" data-e-type=\"container\">\n\t\t\t\t\t<div class=\"e-con-inner\">\n\t\t<div class=\"elementor-element elementor-element-276c8d1 e-con-full e-flex e-con e-child\" data-id=\"276c8d1\" data-element_type=\"container\" data-e-type=\"container\">\n\t\t\t\t<div class=\"elementor-element elementor-element-0f05721 elementor-widget elementor-widget-heading\" data-id=\"0f05721\" data-element_type=\"widget\" data-e-type=\"widget\" data-widget_type=\"heading.default\">\n\t\t\t\t<div class=\"elementor-widget-container\">\n\t\t\t\t\t<h2 class=\"elementor-heading-title elementor-size-default\">4.<\/h2>\t\t\t\t<\/div>\n\t\t\t\t<\/div>\n\t\t\t\t<\/div>\n\t\t<div class=\"elementor-element elementor-element-9cd0596 e-con-full e-flex e-con e-child\" data-id=\"9cd0596\" data-element_type=\"container\" data-e-type=\"container\">\n\t\t\t\t<div class=\"elementor-element elementor-element-bd68be5 elementor-widget elementor-widget-text-editor\" data-id=\"bd68be5\" data-element_type=\"widget\" data-e-type=\"widget\" data-widget_type=\"text-editor.default\">\n\t\t\t\t<div class=\"elementor-widget-container\">\n\t\t\t\t\t\t\t\t\t<p>Les sols espagnols et particuli\u00e8rement en r\u00e9gion de Valence \u00e9taient particuli\u00e8rement secs apr\u00e8s un \u00e9t\u00e9 peu arros\u00e9, rendant difficile l\u2019absorption de l\u2019eau par ces sols.<\/p>\t\t\t\t\t\t\t\t<\/div>\n\t\t\t\t<\/div>\n\t\t\t\t<\/div>\n\t\t\t\t\t<\/div>\n\t\t\t\t<\/div>\n\t\t<div class=\"elementor-element elementor-element-9909ff7 e-flex e-con-boxed e-con e-parent\" data-id=\"9909ff7\" data-element_type=\"container\" data-e-type=\"container\">\n\t\t\t\t\t<div class=\"e-con-inner\">\n\t\t\t\t<div class=\"elementor-element elementor-element-85f0a84 elementor-widget elementor-widget-text-editor\" data-id=\"85f0a84\" data-element_type=\"widget\" data-e-type=\"widget\" data-widget_type=\"text-editor.default\">\n\t\t\t\t<div class=\"elementor-widget-container\">\n\t\t\t\t\t\t\t\t\t<p>Pour terminer sur ces facteurs aggravants, la configuration de l\u2019orage (orage en V) avec son caract\u00e8re stationnaire n\u2019a \u00e9videmment pas aid\u00e9 et explique les quantit\u00e9s d\u2019eau impressionnantes tomb\u00e9es sur ces secteurs.<\/p><p><span style=\"color: var( --e-global-color-text ); text-align: var(--text-align);\">Toutes ces contributions sont indirectement ou directement dues au changement climatique qui accroit ces ph\u00e9nom\u00e8nes via des r\u00e9troactions positives (figure 14). L\u2019augmentation de la temp\u00e9rature plan\u00e9taire conduit \u00e0 un ou des changements d\u2019un param\u00e8tre du syst\u00e8me climatique, avec des cons\u00e9quences parfois d\u00e9vastatrices.<\/span><\/p>\t\t\t\t\t\t\t\t<\/div>\n\t\t\t\t<\/div>\n\t\t\t\t\t<\/div>\n\t\t\t\t<\/div>\n\t\t<div class=\"elementor-element elementor-element-e73aa96 e-flex e-con-boxed e-con e-parent\" data-id=\"e73aa96\" data-element_type=\"container\" data-e-type=\"container\">\n\t\t\t\t\t<div class=\"e-con-inner\">\n\t\t\t\t<div class=\"elementor-element elementor-element-8b3a0ae elementor-widget elementor-widget-image\" data-id=\"8b3a0ae\" data-element_type=\"widget\" data-e-type=\"widget\" data-widget_type=\"image.default\">\n\t\t\t\t<div class=\"elementor-widget-container\">\n\t\t\t\t\t\t\t\t\t\t\t\t<figure class=\"wp-caption\">\n\t\t\t\t\t\t\t\t\t\t<img loading=\"lazy\" decoding=\"async\" width=\"1024\" height=\"597\" src=\"https:\/\/www.meteorage.com\/wp-content\/uploads\/2024\/11\/Etude-de-cas-episode-orageux-Espagne-2024-figure-14-1-1024x597.webp\" class=\"attachment-large size-large wp-image-37996\" alt=\"\" srcset=\"https:\/\/www.meteorage.com\/wp-content\/uploads\/2024\/11\/Etude-de-cas-episode-orageux-Espagne-2024-figure-14-1-1024x597.webp 1024w, https:\/\/www.meteorage.com\/wp-content\/uploads\/2024\/11\/Etude-de-cas-episode-orageux-Espagne-2024-figure-14-1-300x175.webp 300w, https:\/\/www.meteorage.com\/wp-content\/uploads\/2024\/11\/Etude-de-cas-episode-orageux-Espagne-2024-figure-14-1-768x447.webp 768w, https:\/\/www.meteorage.com\/wp-content\/uploads\/2024\/11\/Etude-de-cas-episode-orageux-Espagne-2024-figure-14-1-543x316.webp 543w, https:\/\/www.meteorage.com\/wp-content\/uploads\/2024\/11\/Etude-de-cas-episode-orageux-Espagne-2024-figure-14-1.webp 1133w\" sizes=\"(max-width: 1024px) 100vw, 1024px\" \/>\t\t\t\t\t\t\t\t\t\t\t<figcaption class=\"widget-image-caption wp-caption-text\">Figure 14 \u2013 \u00a9 ABC (Climate Center in Australia) <\/figcaption>\n\t\t\t\t\t\t\t\t\t\t<\/figure>\n\t\t\t\t\t\t\t\t\t<\/div>\n\t\t\t\t<\/div>\n\t\t\t\t\t<\/div>\n\t\t\t\t<\/div>\n\t\t<div class=\"elementor-element elementor-element-0caf6ce e-flex e-con-boxed e-con e-parent\" data-id=\"0caf6ce\" data-element_type=\"container\" data-e-type=\"container\">\n\t\t\t\t\t<div class=\"e-con-inner\">\n\t\t\t\t<div class=\"elementor-element elementor-element-e3c9092 elementor-widget-divider--view-line elementor-widget elementor-widget-divider\" data-id=\"e3c9092\" data-element_type=\"widget\" data-e-type=\"widget\" data-widget_type=\"divider.default\">\n\t\t\t\t<div class=\"elementor-widget-container\">\n\t\t\t\t\t\t\t<div class=\"elementor-divider\">\n\t\t\t<span class=\"elementor-divider-separator\">\n\t\t\t\t\t\t<\/span>\n\t\t<\/div>\n\t\t\t\t\t\t<\/div>\n\t\t\t\t<\/div>\n\t\t\t\t\t<\/div>\n\t\t\t\t<\/div>\n\t\t<div class=\"elementor-element elementor-element-c17ae7e e-flex e-con-boxed e-con e-child\" data-id=\"c17ae7e\" data-element_type=\"container\" data-e-type=\"container\">\n\t\t\t\t\t<div class=\"e-con-inner\">\n\t\t\t\t<div class=\"elementor-element elementor-element-7e5e0b8 elementor-widget elementor-widget-spacer\" data-id=\"7e5e0b8\" data-element_type=\"widget\" data-e-type=\"widget\" data-widget_type=\"spacer.default\">\n\t\t\t\t<div class=\"elementor-widget-container\">\n\t\t\t\t\t\t\t<div class=\"elementor-spacer\">\n\t\t\t<div class=\"elementor-spacer-inner\"><\/div>\n\t\t<\/div>\n\t\t\t\t\t\t<\/div>\n\t\t\t\t<\/div>\n\t\t\t\t\t<\/div>\n\t\t\t\t<\/div>\n\t\t<div class=\"elementor-element elementor-element-a594880 e-con-full e-flex e-con e-parent\" data-id=\"a594880\" data-element_type=\"container\" data-e-type=\"container\">\n\t\t<div class=\"elementor-element elementor-element-92430f0 e-flex e-con-boxed e-con e-child\" data-id=\"92430f0\" data-element_type=\"container\" data-e-type=\"container\">\n\t\t\t\t\t<div class=\"e-con-inner\">\n\t\t<div class=\"elementor-element elementor-element-27aa2e2 e-flex e-con-boxed e-con e-child\" data-id=\"27aa2e2\" data-element_type=\"container\" data-e-type=\"container\">\n\t\t\t\t\t<div class=\"e-con-inner\">\n\t\t\t\t<div class=\"elementor-element elementor-element-9e62d85 resource-title elementor-widget elementor-widget-heading\" data-id=\"9e62d85\" data-element_type=\"widget\" data-e-type=\"widget\" data-widget_type=\"heading.default\">\n\t\t\t\t<div class=\"elementor-widget-container\">\n\t\t\t\t\t<h3 class=\"elementor-heading-title elementor-size-default\"><b>D\u00e9couvrez<\/b><br>\nnos actualit\u00e9s <br>&amp; nos ressources<\/h3>\t\t\t\t<\/div>\n\t\t\t\t<\/div>\n\t\t\t\t\t<\/div>\n\t\t\t\t<\/div>\n\t\t<div class=\"elementor-element elementor-element-5210cdd e-flex e-con-boxed e-con e-child\" data-id=\"5210cdd\" data-element_type=\"container\" data-e-type=\"container\">\n\t\t\t\t\t<div class=\"e-con-inner\">\n\t\t\t\t\t<\/div>\n\t\t\t\t<\/div>\n\t\t\t\t\t<\/div>\n\t\t\t\t<\/div>\n\t\t<div class=\"elementor-element elementor-element-1059c5b e-con-full e-flex e-con e-child\" data-id=\"1059c5b\" data-element_type=\"container\" data-e-type=\"container\">\n\t\t\t\t<div class=\"elementor-element elementor-element-e9be535 resource-slider-outer elementor-widget elementor-widget-shortcode\" data-id=\"e9be535\" data-element_type=\"widget\" data-e-type=\"widget\" data-widget_type=\"shortcode.default\">\n\t\t\t\t<div class=\"elementor-widget-container\">\n\t\t\t\t\t\t\t<div class=\"elementor-shortcode\"><div class=\"container\">\n\n\t<div class=\"resource-filter-form-wrapper resource-slider-filter\">\n\t\t<div class=\"filter-container\">\n\t\t\t<div class=\"term-item-wrapper blog-terms\">\n\t\t\t\t<div class=\"term-item active\" data-tid=\"all\">Voir tout<\/div>\n\t\t\t\t<div class=\"term-item\" data-tid=\"22\">Corporate<\/div><div class=\"term-item\" data-tid=\"465\">Etude de cas<\/div><div class=\"term-item\" data-tid=\"336\">Ev\u00e9nements<\/div><div class=\"term-item\" data-tid=\"24\">Recherche<\/div><div class=\"term-item\" data-tid=\"23\">RSE<\/div><div class=\"term-item\" data-tid=\"326\">Solutions<\/div><div class=\"term-item\" data-tid=\"25\">T\u00e9moignages<\/div>\t\t\t<\/div>\n\t\t\t<div class=\"spin-loader\" role=\"status\">\n\t\t\t\t<div id=\"loading1\" class=\"spin-loader-ring\"><\/div>\n\t\t\t<\/div>\n\t\t<\/div>\n\t\t<div class=\"swiper-controls\">\n\t\t\t<div class=\"resource-button-prev\">\n\t\t\t\t<svg xmlns=\"http:\/\/www.w3.org\/2000\/svg\" width=\"25.019\" height=\"16.573\" viewBox=\"0 0 25.019 16.573\">\n\t\t\t\t\t<path id=\"Path_20457\" data-name=\"Path 20457\" d=\"M185.723,80.857a1.248,1.248,0,0,1,1.139-.261,1.165,1.165,0,0,1,.829.783,1.085,1.085,0,0,1-.277,1.076l-5.536,5.228H201.39c2-.038,1.8,2.26,0,2.26H181.878l5.536,5.228a1.087,1.087,0,0,1,.03,1.626,1.246,1.246,0,0,1-1.721-.029l-7.578-7.157a1.086,1.086,0,0,1,0-1.6Z\" transform=\"translate(-177.795 -80.554)\" fill=\"currentColor\"><\/path>\n\t\t\t\t<\/svg>\n\t\t\t<\/div>\n\t\t\t<div class=\"resource-button-next\">\n\t\t\t\t<svg xmlns=\"http:\/\/www.w3.org\/2000\/svg\" width=\"19.397\" height=\"13.271\" viewBox=\"0 0 19.397 13.271\">\n\t\t\t\t\t<path id=\"Icon_ionic-ios-arrow-round-forward\" data-name=\"Icon ionic-ios-arrow-round-forward\" d=\"M20.245,11.506a.92.92,0,0,0-.007,1.272l4.1,4.209H8.744a.9.9,0,0,0,0,1.8H24.327l-4.1,4.209a.926.926,0,0,0,.007,1.272.857.857,0,0,0,1.233-.007l5.552-5.736h0a1.012,1.012,0,0,0,.182-.283.877.877,0,0,0,.067-.346.913.913,0,0,0-.249-.629l-5.552-5.736A.843.843,0,0,0,20.245,11.506Z\" transform=\"translate(-7.875 -11.252)\" fill=\"currentColor\"><\/path>\n\t\t\t\t<\/svg>\n\t\t\t<\/div>\n\t\t<\/div>\n\t<\/div>\n<\/div>\n\n\n\n<div class=\"resources-items-wrap resources-ajaxcontent\">\n\t<div class=\"swiper blog-swiper\"><div class=\"swiper-wrapper\"><div class=\"swiper-slide\">\n            <div class=\"resource-card overlay-wrapper\">\n                <div class=\"top-content\">\n                    <div class=\"category-date-wrap\"><div class=\"category-wrapper\"><div class=\"category-item\"><span class=\"category-tag\">Corporate<\/span><\/div><\/div><div class=\"date\">10-04-2026<\/div><\/div><h4 class=\"title\">Alberto Garutti : des \u0153uvres qui vivent au rythme des orages<\/h4>                <\/div>\n                <div class=\"bottom-content\">\n                    <div class=\"image\">\n                        <img loading=\"lazy\" decoding=\"async\" width=\"543\" height=\"711\" src=\"https:\/\/www.meteorage.com\/wp-content\/uploads\/2026\/04\/Alberto-Garutti-Temporali-2015-garage-Bentivoglio-Palazzo-Bentivoglio-ph.-Carlo-Favero-courtesy-Studio-Alberto-Garutti-7-e1775727595991-543x711.jpg\" class=\"attachment-slider-image size-slider-image wp-post-image\" alt=\"\" srcset=\"https:\/\/www.meteorage.com\/wp-content\/uploads\/2026\/04\/Alberto-Garutti-Temporali-2015-garage-Bentivoglio-Palazzo-Bentivoglio-ph.-Carlo-Favero-courtesy-Studio-Alberto-Garutti-7-e1775727595991-543x711.jpg 543w, https:\/\/www.meteorage.com\/wp-content\/uploads\/2026\/04\/Alberto-Garutti-Temporali-2015-garage-Bentivoglio-Palazzo-Bentivoglio-ph.-Carlo-Favero-courtesy-Studio-Alberto-Garutti-7-e1775727595991-229x300.jpg 229w, https:\/\/www.meteorage.com\/wp-content\/uploads\/2026\/04\/Alberto-Garutti-Temporali-2015-garage-Bentivoglio-Palazzo-Bentivoglio-ph.-Carlo-Favero-courtesy-Studio-Alberto-Garutti-7-e1775727595991-782x1024.jpg 782w, https:\/\/www.meteorage.com\/wp-content\/uploads\/2026\/04\/Alberto-Garutti-Temporali-2015-garage-Bentivoglio-Palazzo-Bentivoglio-ph.-Carlo-Favero-courtesy-Studio-Alberto-Garutti-7-e1775727595991-768x1006.jpg 768w, https:\/\/www.meteorage.com\/wp-content\/uploads\/2026\/04\/Alberto-Garutti-Temporali-2015-garage-Bentivoglio-Palazzo-Bentivoglio-ph.-Carlo-Favero-courtesy-Studio-Alberto-Garutti-7-e1775727595991.jpg 1067w\" sizes=\"(max-width: 543px) 100vw, 543px\" \/>                    <\/div>\n                <\/div>\n                 <a class=\"overlay-link\" href=\"https:\/\/www.meteorage.com\/fr\/meteorage-en-direct\/alberto-garutti-oeuvres-foudre\/\"><\/a>\n            <\/div>\n     \n\n\n    <\/div><div class=\"swiper-slide\">\n            <div class=\"resource-card overlay-wrapper\">\n                <div class=\"top-content\">\n                    <div class=\"category-date-wrap\"><div class=\"category-wrapper\"><div class=\"category-item\"><span class=\"category-tag\">Solutions<\/span><\/div><\/div><div class=\"date\">03-04-2026<\/div><\/div><h4 class=\"title\">WebApp Meteorage \u2013 Sp\u00e9ciale chasseurs d\u2019orages<\/h4>                <\/div>\n                <div class=\"bottom-content\">\n                    <div class=\"image\">\n                        <img loading=\"lazy\" decoding=\"async\" width=\"543\" height=\"543\" src=\"https:\/\/www.meteorage.com\/wp-content\/uploads\/2026\/04\/Design-sans-titre-13-543x543.png\" class=\"attachment-slider-image size-slider-image wp-post-image\" alt=\"\" srcset=\"https:\/\/www.meteorage.com\/wp-content\/uploads\/2026\/04\/Design-sans-titre-13-543x543.png 543w, https:\/\/www.meteorage.com\/wp-content\/uploads\/2026\/04\/Design-sans-titre-13-300x300.png 300w, https:\/\/www.meteorage.com\/wp-content\/uploads\/2026\/04\/Design-sans-titre-13-1024x1024.png 1024w, https:\/\/www.meteorage.com\/wp-content\/uploads\/2026\/04\/Design-sans-titre-13-150x150.png 150w, https:\/\/www.meteorage.com\/wp-content\/uploads\/2026\/04\/Design-sans-titre-13-768x768.png 768w, https:\/\/www.meteorage.com\/wp-content\/uploads\/2026\/04\/Design-sans-titre-13-1536x1536.png 1536w, https:\/\/www.meteorage.com\/wp-content\/uploads\/2026\/04\/Design-sans-titre-13.png 2000w\" sizes=\"(max-width: 543px) 100vw, 543px\" \/>                    <\/div>\n                <\/div>\n                 <a class=\"overlay-link\" href=\"https:\/\/www.meteorage.com\/fr\/meteorage-en-direct\/webapp-meteorage-chasseurs-orages\/\"><\/a>\n            <\/div>\n     \n\n\n    <\/div><div class=\"swiper-slide\">\n            <div class=\"resource-card overlay-wrapper\">\n                <div class=\"top-content\">\n                    <div class=\"category-date-wrap\"><div class=\"category-wrapper\"><div class=\"category-item\"><span class=\"category-tag\">Ev\u00e9nements<\/span><\/div><\/div><div class=\"date\">19-11-2025<\/div><\/div><h4 class=\"title\">S\u00e9minaires Foudre &#038; Surtensions 2025: d\u00e9tection, pr\u00e9vention et protection<\/h4>                <\/div>\n                <div class=\"bottom-content\">\n                    <div class=\"image\">\n                        <img loading=\"lazy\" decoding=\"async\" width=\"543\" height=\"575\" src=\"https:\/\/www.meteorage.com\/wp-content\/uploads\/2025\/11\/Design-sans-titre-60-543x575.jpg\" class=\"attachment-slider-image size-slider-image wp-post-image\" alt=\"\" srcset=\"https:\/\/www.meteorage.com\/wp-content\/uploads\/2025\/11\/Design-sans-titre-60-543x575.jpg 543w, https:\/\/www.meteorage.com\/wp-content\/uploads\/2025\/11\/Design-sans-titre-60-284x300.jpg 284w, https:\/\/www.meteorage.com\/wp-content\/uploads\/2025\/11\/Design-sans-titre-60-968x1024.jpg 968w, https:\/\/www.meteorage.com\/wp-content\/uploads\/2025\/11\/Design-sans-titre-60-768x813.jpg 768w, https:\/\/www.meteorage.com\/wp-content\/uploads\/2025\/11\/Design-sans-titre-60-1452x1536.jpg 1452w, https:\/\/www.meteorage.com\/wp-content\/uploads\/2025\/11\/Design-sans-titre-60-1935x2048.jpg 1935w\" sizes=\"(max-width: 543px) 100vw, 543px\" \/>                    <\/div>\n                <\/div>\n                 <a class=\"overlay-link\" href=\"https:\/\/www.meteorage.com\/fr\/meteorage-en-direct\/seminaires-foudre-surtensions-2025\/\"><\/a>\n            <\/div>\n     \n\n\n    <\/div><div class=\"swiper-slide\">\n            <div class=\"resource-card overlay-wrapper\">\n                <div class=\"top-content\">\n                    <div class=\"category-date-wrap\"><div class=\"category-wrapper\"><div class=\"category-item\"><span class=\"category-tag\">Solutions<\/span><\/div><\/div><div class=\"date\">14-03-2025<\/div><\/div><h4 class=\"title\">Prot\u00e9ger de l&rsquo;orage avec Geoflash\u200b<\/h4>                <\/div>\n                <div class=\"bottom-content\">\n                    <div class=\"image\">\n                        <img loading=\"lazy\" decoding=\"async\" width=\"543\" height=\"449\" src=\"https:\/\/www.meteorage.com\/wp-content\/uploads\/2024\/07\/Geoflash-image-only-543x449.png\" class=\"attachment-slider-image size-slider-image wp-post-image\" alt=\"\" srcset=\"https:\/\/www.meteorage.com\/wp-content\/uploads\/2024\/07\/Geoflash-image-only-543x449.png 543w, https:\/\/www.meteorage.com\/wp-content\/uploads\/2024\/07\/Geoflash-image-only-300x248.png 300w, https:\/\/www.meteorage.com\/wp-content\/uploads\/2024\/07\/Geoflash-image-only-1024x847.png 1024w, https:\/\/www.meteorage.com\/wp-content\/uploads\/2024\/07\/Geoflash-image-only-768x636.png 768w, https:\/\/www.meteorage.com\/wp-content\/uploads\/2024\/07\/Geoflash-image-only.png 1200w\" sizes=\"(max-width: 543px) 100vw, 543px\" \/>                    <\/div>\n                <\/div>\n                 <a class=\"overlay-link\" href=\"https:\/\/www.meteorage.com\/fr\/meteorage-en-direct\/geoflash\/\"><\/a>\n            <\/div>\n     \n\n\n    <\/div><div class=\"swiper-slide\">\n            <div class=\"resource-card overlay-wrapper\">\n                <div class=\"top-content\">\n                    <div class=\"category-date-wrap\"><div class=\"category-wrapper\"><div class=\"category-item\"><span class=\"category-tag\">Solutions<\/span><\/div><\/div><div class=\"date\">14-03-2025<\/div><\/div><h4 class=\"title\">Foudre et \u00e9oliennes : optimiser la maintenance<\/h4>                <\/div>\n                <div class=\"bottom-content\">\n                    <div class=\"image\">\n                        <img loading=\"lazy\" decoding=\"async\" width=\"543\" height=\"302\" src=\"https:\/\/www.meteorage.com\/wp-content\/uploads\/2024\/06\/Miniature-Lightning-Check-Advisor-543x302.png\" class=\"attachment-slider-image size-slider-image wp-post-image\" alt=\"\" srcset=\"https:\/\/www.meteorage.com\/wp-content\/uploads\/2024\/06\/Miniature-Lightning-Check-Advisor-543x302.png 543w, https:\/\/www.meteorage.com\/wp-content\/uploads\/2024\/06\/Miniature-Lightning-Check-Advisor-300x167.png 300w, https:\/\/www.meteorage.com\/wp-content\/uploads\/2024\/06\/Miniature-Lightning-Check-Advisor.png 574w\" sizes=\"(max-width: 543px) 100vw, 543px\" \/>                    <\/div>\n                <\/div>\n                 <a class=\"overlay-link\" href=\"https:\/\/www.meteorage.com\/fr\/meteorage-en-direct\/verifoudre\/\"><\/a>\n            <\/div>\n     \n\n\n    <\/div><div class=\"swiper-slide\">\n            <div class=\"resource-card overlay-wrapper\">\n                <div class=\"top-content\">\n                    <div class=\"category-date-wrap\"><div class=\"category-wrapper\"><div class=\"category-item\"><span class=\"category-tag\">Etude de cas<\/span><\/div><\/div><div class=\"date\">14-03-2025<\/div><\/div><h4 class=\"title\">Nos Bilans de foudroiement 2024 sont en ligne !<\/h4>                <\/div>\n                <div class=\"bottom-content\">\n                    <div class=\"image\">\n                        <img loading=\"lazy\" decoding=\"async\" width=\"543\" height=\"440\" src=\"https:\/\/www.meteorage.com\/wp-content\/uploads\/2024\/12\/France-2024-densite-de-foudroiement-543x440.webp\" class=\"attachment-slider-image size-slider-image wp-post-image\" alt=\"France-2024-densite-de-foudroiement\" srcset=\"https:\/\/www.meteorage.com\/wp-content\/uploads\/2024\/12\/France-2024-densite-de-foudroiement-543x440.webp 543w, https:\/\/www.meteorage.com\/wp-content\/uploads\/2024\/12\/France-2024-densite-de-foudroiement-300x243.webp 300w, https:\/\/www.meteorage.com\/wp-content\/uploads\/2024\/12\/France-2024-densite-de-foudroiement.webp 592w\" sizes=\"(max-width: 543px) 100vw, 543px\" \/>                    <\/div>\n                <\/div>\n                 <a class=\"overlay-link\" href=\"https:\/\/www.meteorage.com\/fr\/meteorage-en-direct\/bilans-2024\/\"><\/a>\n            <\/div>\n     \n\n\n    <\/div><div class=\"swiper-slide\">\n            <div class=\"resource-card overlay-wrapper\">\n                <div class=\"top-content\">\n                    <div class=\"category-date-wrap\"><div class=\"category-wrapper\"><div class=\"category-item\"><span class=\"category-tag\">T\u00e9moignages<\/span><\/div><\/div><div class=\"date\">14-03-2025<\/div><\/div><h4 class=\"title\">Engie Italie : sa gestion du risque foudre sur ses parcs \u00e9oliens<\/h4>                <\/div>\n                <div class=\"bottom-content\">\n                    <div class=\"image\">\n                        <img loading=\"lazy\" decoding=\"async\" width=\"543\" height=\"543\" src=\"https:\/\/www.meteorage.com\/wp-content\/uploads\/2024\/07\/METEORAGE-for-Engie-Italia-EN-543x543.jpg\" class=\"attachment-slider-image size-slider-image wp-post-image\" alt=\"\" srcset=\"https:\/\/www.meteorage.com\/wp-content\/uploads\/2024\/07\/METEORAGE-for-Engie-Italia-EN-543x543.jpg 543w, https:\/\/www.meteorage.com\/wp-content\/uploads\/2024\/07\/METEORAGE-for-Engie-Italia-EN-300x300.jpg 300w, https:\/\/www.meteorage.com\/wp-content\/uploads\/2024\/07\/METEORAGE-for-Engie-Italia-EN-1024x1024.jpg 1024w, https:\/\/www.meteorage.com\/wp-content\/uploads\/2024\/07\/METEORAGE-for-Engie-Italia-EN-150x150.jpg 150w, https:\/\/www.meteorage.com\/wp-content\/uploads\/2024\/07\/METEORAGE-for-Engie-Italia-EN-768x768.jpg 768w, https:\/\/www.meteorage.com\/wp-content\/uploads\/2024\/07\/METEORAGE-for-Engie-Italia-EN-1536x1536.jpg 1536w, https:\/\/www.meteorage.com\/wp-content\/uploads\/2024\/07\/METEORAGE-for-Engie-Italia-EN.jpg 1920w\" sizes=\"(max-width: 543px) 100vw, 543px\" \/>                    <\/div>\n                <\/div>\n                 <a class=\"overlay-link\" href=\"https:\/\/www.meteorage.com\/fr\/meteorage-en-direct\/engie-italie\/\"><\/a>\n            <\/div>\n     \n\n\n    <\/div><div class=\"swiper-slide\">\n            <div class=\"resource-card overlay-wrapper\">\n                <div class=\"top-content\">\n                    <div class=\"category-date-wrap\"><div class=\"category-wrapper\"><div class=\"category-item\"><span class=\"category-tag\">Etude de cas<\/span><\/div><\/div><div class=\"date\">10-02-2025<\/div><\/div><h4 class=\"title\">Analyse temp\u00eate Herminia<\/h4>                <\/div>\n                <div class=\"bottom-content\">\n                    <div class=\"image\">\n                        <img decoding=\"async\" src=\"https:\/\/www.meteorage.com\/wp-content\/themes\/meteor\/images\/resource_default.png\" alt=\"Resource Image\">                    <\/div>\n                <\/div>\n                 <a class=\"overlay-link\" href=\"https:\/\/www.meteorage.com\/fr\/meteorage-en-direct\/herminia\/\"><\/a>\n            <\/div>\n     \n\n\n    <\/div><div class=\"swiper-slide\">\n            <div class=\"resource-card overlay-wrapper\">\n                <div class=\"top-content\">\n                    <div class=\"category-date-wrap\"><div class=\"category-wrapper\"><div class=\"category-item\"><span class=\"category-tag\">Corporate<\/span><\/div><\/div><div class=\"date\">17-01-2025<\/div><\/div><h4 class=\"title\">Bonne ann\u00e9e 2025 !<\/h4>                <\/div>\n                <div class=\"bottom-content\">\n                    <div class=\"image\">\n                        <img loading=\"lazy\" decoding=\"async\" width=\"543\" height=\"302\" src=\"https:\/\/www.meteorage.com\/wp-content\/uploads\/2025\/01\/New-Year-2025-FR-543x302.webp\" class=\"attachment-slider-image size-slider-image wp-post-image\" alt=\"New Year 2025 FR\" srcset=\"https:\/\/www.meteorage.com\/wp-content\/uploads\/2025\/01\/New-Year-2025-FR-543x302.webp 543w, https:\/\/www.meteorage.com\/wp-content\/uploads\/2025\/01\/New-Year-2025-FR-300x167.webp 300w, https:\/\/www.meteorage.com\/wp-content\/uploads\/2025\/01\/New-Year-2025-FR-1024x570.webp 1024w, https:\/\/www.meteorage.com\/wp-content\/uploads\/2025\/01\/New-Year-2025-FR-768x427.webp 768w, https:\/\/www.meteorage.com\/wp-content\/uploads\/2025\/01\/New-Year-2025-FR-1536x855.webp 1536w, https:\/\/www.meteorage.com\/wp-content\/uploads\/2025\/01\/New-Year-2025-FR.webp 1997w\" sizes=\"(max-width: 543px) 100vw, 543px\" \/>                    <\/div>\n                <\/div>\n                 <a class=\"overlay-link\" href=\"https:\/\/www.meteorage.com\/fr\/meteorage-en-direct\/bonne-annee-2025\/\"><\/a>\n            <\/div>\n     \n\n\n    <\/div><div class=\"swiper-slide\">\n            <div class=\"resource-card overlay-wrapper\">\n                <div class=\"top-content\">\n                    <div class=\"category-date-wrap\"><div class=\"category-wrapper\"><div class=\"category-item\"><span class=\"category-tag\">Etude de cas<\/span><\/div><\/div><div class=\"date\">14-11-2024<\/div><\/div><h4 class=\"title\">Orages et inondations en Espagne (octobre 2024)<\/h4>                <\/div>\n                <div class=\"bottom-content\">\n                    <div class=\"image\">\n                        <img decoding=\"async\" src=\"https:\/\/www.meteorage.com\/wp-content\/themes\/meteor\/images\/resource_default.png\" alt=\"Resource Image\">                    <\/div>\n                <\/div>\n                 <a class=\"overlay-link\" href=\"https:\/\/www.meteorage.com\/fr\/meteorage-en-direct\/etude-de-cas-episode-pluvio-orageux-en-espagne-de-fin-octobre-2024\/\"><\/a>\n            <\/div>\n     \n\n\n    <\/div><div class=\"swiper-slide\">\n            <div class=\"resource-card overlay-wrapper\">\n                <div class=\"top-content\">\n                    <div class=\"category-date-wrap\"><div class=\"category-wrapper\"><div class=\"category-item\"><span class=\"category-tag\">Corporate<\/span><\/div><\/div><div class=\"date\">05-10-2024<\/div><\/div><h4 class=\"title\">Une nouvelle \u00e9tape !<\/h4>                <\/div>\n                <div class=\"bottom-content\">\n                    <div class=\"image\">\n                        <img loading=\"lazy\" decoding=\"async\" width=\"543\" height=\"305\" src=\"https:\/\/www.meteorage.com\/wp-content\/uploads\/2024\/12\/Oct-2024-Meteorage-Inauguration--543x305.webp\" class=\"attachment-slider-image size-slider-image wp-post-image\" alt=\"Oct 2024 Meteorage Inauguration - Fran\u00e7ois Bayrou\" srcset=\"https:\/\/www.meteorage.com\/wp-content\/uploads\/2024\/12\/Oct-2024-Meteorage-Inauguration--543x305.webp 543w, https:\/\/www.meteorage.com\/wp-content\/uploads\/2024\/12\/Oct-2024-Meteorage-Inauguration--300x168.webp 300w, https:\/\/www.meteorage.com\/wp-content\/uploads\/2024\/12\/Oct-2024-Meteorage-Inauguration--1024x574.webp 1024w, https:\/\/www.meteorage.com\/wp-content\/uploads\/2024\/12\/Oct-2024-Meteorage-Inauguration--768x431.webp 768w, https:\/\/www.meteorage.com\/wp-content\/uploads\/2024\/12\/Oct-2024-Meteorage-Inauguration--1536x862.webp 1536w, https:\/\/www.meteorage.com\/wp-content\/uploads\/2024\/12\/Oct-2024-Meteorage-Inauguration--2048x1149.webp 2048w\" sizes=\"(max-width: 543px) 100vw, 543px\" \/>                    <\/div>\n                <\/div>\n                 <a class=\"overlay-link\" href=\"https:\/\/www.meteorage.com\/fr\/meteorage-en-direct\/une-nouvelle-etape\/\"><\/a>\n            <\/div>\n     \n\n\n    <\/div><div class=\"swiper-slide\">\n            <div class=\"resource-card overlay-wrapper\">\n                <div class=\"top-content\">\n                    <div class=\"category-date-wrap\"><div class=\"category-wrapper\"><div class=\"category-item\"><span class=\"category-tag\">Ev\u00e9nements<\/span><\/div><\/div><div class=\"date\">20-06-2024<\/div><\/div><h4 class=\"title\">Nos s\u00e9minaires Foudre et Surtensions pour les professionnels<\/h4>                <\/div>\n                <div class=\"bottom-content\">\n                    <div class=\"image\">\n                        <img loading=\"lazy\" decoding=\"async\" width=\"543\" height=\"477\" src=\"https:\/\/www.meteorage.com\/wp-content\/uploads\/2024\/06\/seminaires-2024-2-543x477.png\" class=\"attachment-slider-image size-slider-image wp-post-image\" alt=\"\" srcset=\"https:\/\/www.meteorage.com\/wp-content\/uploads\/2024\/06\/seminaires-2024-2-543x477.png 543w, https:\/\/www.meteorage.com\/wp-content\/uploads\/2024\/06\/seminaires-2024-2-300x263.png 300w, https:\/\/www.meteorage.com\/wp-content\/uploads\/2024\/06\/seminaires-2024-2.png 606w\" sizes=\"(max-width: 543px) 100vw, 543px\" \/>                    <\/div>\n                <\/div>\n                 <a class=\"overlay-link\" href=\"https:\/\/www.meteorage.com\/fr\/meteorage-en-direct\/seminaires-2024\/\"><\/a>\n            <\/div>\n     \n\n\n    <\/div><div class=\"swiper-slide\">\n            <div class=\"resource-card overlay-wrapper\">\n                <div class=\"top-content\">\n                    <div class=\"category-date-wrap\"><div class=\"category-wrapper\"><div class=\"category-item\"><span class=\"category-tag\">Corporate<\/span><\/div><\/div><div class=\"date\">18-06-2024<\/div><\/div><h4 class=\"title\">METEORAGE \u00e0 l&rsquo;International Meteorological Seminar<\/h4>                <\/div>\n                <div class=\"bottom-content\">\n                    <div class=\"image\">\n                        <img loading=\"lazy\" decoding=\"async\" width=\"543\" height=\"407\" src=\"https:\/\/www.meteorage.com\/wp-content\/uploads\/2024\/06\/Pres.-Solal-2-543x407.jpg\" class=\"attachment-slider-image size-slider-image wp-post-image\" alt=\"\" srcset=\"https:\/\/www.meteorage.com\/wp-content\/uploads\/2024\/06\/Pres.-Solal-2-543x407.jpg 543w, https:\/\/www.meteorage.com\/wp-content\/uploads\/2024\/06\/Pres.-Solal-2-300x225.jpg 300w, https:\/\/www.meteorage.com\/wp-content\/uploads\/2024\/06\/Pres.-Solal-2-768x576.jpg 768w, https:\/\/www.meteorage.com\/wp-content\/uploads\/2024\/06\/Pres.-Solal-2-1024x768.jpg 1024w, https:\/\/www.meteorage.com\/wp-content\/uploads\/2024\/06\/Pres.-Solal-2-1536x1152.jpg 1536w, https:\/\/www.meteorage.com\/wp-content\/uploads\/2024\/06\/Pres.-Solal-2-2048x1536.jpg 2048w\" sizes=\"(max-width: 543px) 100vw, 543px\" \/>                    <\/div>\n                <\/div>\n                 <a class=\"overlay-link\" href=\"https:\/\/www.meteorage.com\/fr\/meteorage-en-direct\/meteorage-a-linternational-meteorological-seminar\/\"><\/a>\n            <\/div>\n     \n\n\n    <\/div><div class=\"swiper-slide\">\n            <div class=\"resource-card overlay-wrapper\">\n                <div class=\"top-content\">\n                    <div class=\"category-date-wrap\"><div class=\"category-wrapper\"><div class=\"category-item\"><span class=\"category-tag\">Recherche<\/span><\/div><div class=\"category-item\"><span class=\"category-tag\">RSE<\/span><\/div><\/div><div class=\"date\">17-06-2024<\/div><\/div><h4 class=\"title\">Meet Up 2024 : Orages violents et tornades, les secrets des \u00e9tudes de terrain r\u00e9v\u00e9l\u00e9s<\/h4>                <\/div>\n                <div class=\"bottom-content\">\n                    <div class=\"image\">\n                        <img loading=\"lazy\" decoding=\"async\" width=\"543\" height=\"304\" src=\"https:\/\/www.meteorage.com\/wp-content\/uploads\/2024\/06\/Meet-up-2024-543x304.png\" class=\"attachment-slider-image size-slider-image wp-post-image\" alt=\"\" srcset=\"https:\/\/www.meteorage.com\/wp-content\/uploads\/2024\/06\/Meet-up-2024-543x304.png 543w, https:\/\/www.meteorage.com\/wp-content\/uploads\/2024\/06\/Meet-up-2024-300x168.png 300w, https:\/\/www.meteorage.com\/wp-content\/uploads\/2024\/06\/Meet-up-2024.png 691w\" sizes=\"(max-width: 543px) 100vw, 543px\" \/>                    <\/div>\n                <\/div>\n                 <a class=\"overlay-link\" href=\"https:\/\/www.meteorage.com\/fr\/meteorage-en-direct\/meet-up-2024\/\"><\/a>\n            <\/div>\n     \n\n\n    <\/div><div class=\"swiper-slide\">\n            <div class=\"resource-card overlay-wrapper\">\n                <div class=\"top-content\">\n                    <div class=\"category-date-wrap\"><div class=\"category-wrapper\"><div class=\"category-item\"><span class=\"category-tag\">RSE<\/span><\/div><\/div><div class=\"date\">17-06-2024<\/div><\/div><h4 class=\"title\">Journ\u00e9e Mondiale de Sensibilisation aux dangers de la Foudre 2024<\/h4>                <\/div>\n                <div class=\"bottom-content\">\n                    <div class=\"image\">\n                        <img loading=\"lazy\" decoding=\"async\" width=\"543\" height=\"543\" src=\"https:\/\/www.meteorage.com\/wp-content\/uploads\/2024\/06\/Journee-dangers-foudre-2024-543x543.jpg\" class=\"attachment-slider-image size-slider-image wp-post-image\" alt=\"\" srcset=\"https:\/\/www.meteorage.com\/wp-content\/uploads\/2024\/06\/Journee-dangers-foudre-2024-543x543.jpg 543w, https:\/\/www.meteorage.com\/wp-content\/uploads\/2024\/06\/Journee-dangers-foudre-2024-150x150.jpg 150w, https:\/\/www.meteorage.com\/wp-content\/uploads\/2024\/06\/Journee-dangers-foudre-2024-300x300.jpg 300w, https:\/\/www.meteorage.com\/wp-content\/uploads\/2024\/06\/Journee-dangers-foudre-2024-768x768.jpg 768w, https:\/\/www.meteorage.com\/wp-content\/uploads\/2024\/06\/Journee-dangers-foudre-2024-1024x1024.jpg 1024w, https:\/\/www.meteorage.com\/wp-content\/uploads\/2024\/06\/Journee-dangers-foudre-2024.jpg 1200w\" sizes=\"(max-width: 543px) 100vw, 543px\" \/>                    <\/div>\n                <\/div>\n                 <a class=\"overlay-link\" href=\"https:\/\/www.meteorage.com\/fr\/meteorage-en-direct\/journee-mondiale-foudre-2024\/\"><\/a>\n            <\/div>\n     \n\n\n    <\/div><div class=\"swiper-slide\">\n            <div class=\"resource-card overlay-wrapper\">\n                <div class=\"top-content\">\n                    <div class=\"category-date-wrap\"><div class=\"category-wrapper\"><div class=\"category-item\"><span class=\"category-tag\">Corporate<\/span><\/div><\/div><div class=\"date\">26-04-2024<\/div><\/div><h4 class=\"title\">Notre partenariat avec le Service m\u00e9t\u00e9o sud-africain (SAWS)<\/h4>                <\/div>\n                <div class=\"bottom-content\">\n                    <div class=\"image\">\n                        <img loading=\"lazy\" decoding=\"async\" width=\"543\" height=\"399\" src=\"https:\/\/www.meteorage.com\/wp-content\/uploads\/2024\/06\/IMG-20240506-WA0009-e1718784730643-543x399.jpg\" class=\"attachment-slider-image size-slider-image wp-post-image\" alt=\"\" srcset=\"https:\/\/www.meteorage.com\/wp-content\/uploads\/2024\/06\/IMG-20240506-WA0009-e1718784730643-543x399.jpg 543w, https:\/\/www.meteorage.com\/wp-content\/uploads\/2024\/06\/IMG-20240506-WA0009-e1718784730643-300x221.jpg 300w, https:\/\/www.meteorage.com\/wp-content\/uploads\/2024\/06\/IMG-20240506-WA0009-e1718784730643-768x565.jpg 768w, https:\/\/www.meteorage.com\/wp-content\/uploads\/2024\/06\/IMG-20240506-WA0009-e1718784730643-1024x753.jpg 1024w, https:\/\/www.meteorage.com\/wp-content\/uploads\/2024\/06\/IMG-20240506-WA0009-e1718784730643-1536x1130.jpg 1536w, https:\/\/www.meteorage.com\/wp-content\/uploads\/2024\/06\/IMG-20240506-WA0009-e1718784730643.jpg 1562w\" sizes=\"(max-width: 543px) 100vw, 543px\" \/>                    <\/div>\n                <\/div>\n                 <a class=\"overlay-link\" href=\"https:\/\/www.meteorage.com\/fr\/meteorage-en-direct\/notre-partenariat-avec-le-service-meteo-sud-africain-saws\/\"><\/a>\n            <\/div>\n     \n\n\n    <\/div><div class=\"swiper-slide\">\n            <div class=\"resource-card overlay-wrapper\">\n                <div class=\"top-content\">\n                    <div class=\"category-date-wrap\"><div class=\"category-wrapper\"><div class=\"category-item\"><span class=\"category-tag\">Solutions<\/span><\/div><\/div><div class=\"date\">12-03-2024<\/div><\/div><h4 class=\"title\">D\u00e9fense : 5 points essentiels pour se conformer \u00e0 la DSA03-OME<\/h4>                <\/div>\n                <div class=\"bottom-content\">\n                    <div class=\"image\">\n                        <img loading=\"lazy\" decoding=\"async\" width=\"543\" height=\"361\" src=\"https:\/\/www.meteorage.com\/wp-content\/uploads\/2024\/07\/24-juillet-2015-D4-467-Copyright-Xavier-Delorme-543x361.jpg\" class=\"attachment-slider-image size-slider-image wp-post-image\" alt=\"\" srcset=\"https:\/\/www.meteorage.com\/wp-content\/uploads\/2024\/07\/24-juillet-2015-D4-467-Copyright-Xavier-Delorme-543x361.jpg 543w, https:\/\/www.meteorage.com\/wp-content\/uploads\/2024\/07\/24-juillet-2015-D4-467-Copyright-Xavier-Delorme-300x200.jpg 300w, https:\/\/www.meteorage.com\/wp-content\/uploads\/2024\/07\/24-juillet-2015-D4-467-Copyright-Xavier-Delorme-1024x681.jpg 1024w, https:\/\/www.meteorage.com\/wp-content\/uploads\/2024\/07\/24-juillet-2015-D4-467-Copyright-Xavier-Delorme-768x511.jpg 768w, https:\/\/www.meteorage.com\/wp-content\/uploads\/2024\/07\/24-juillet-2015-D4-467-Copyright-Xavier-Delorme-1536x1022.jpg 1536w, https:\/\/www.meteorage.com\/wp-content\/uploads\/2024\/07\/24-juillet-2015-D4-467-Copyright-Xavier-Delorme-2048x1363.jpg 2048w\" sizes=\"(max-width: 543px) 100vw, 543px\" \/>                    <\/div>\n                <\/div>\n                 <a class=\"overlay-link\" href=\"https:\/\/www.meteorage.com\/fr\/meteorage-en-direct\/defense-5-points-essentiels-pour-se-conformer-a-la-dsa03-ome\/\"><\/a>\n            <\/div>\n     \n\n\n    <\/div><div class=\"swiper-slide\">\n            <div class=\"resource-card overlay-wrapper\">\n                <div class=\"top-content\">\n                    <div class=\"category-date-wrap\"><div class=\"category-wrapper\"><div class=\"category-item\"><span class=\"category-tag\">Corporate<\/span><\/div><\/div><div class=\"date\">01-01-2024<\/div><\/div><h4 class=\"title\">Bonne ann\u00e9e 2024 !<\/h4>                <\/div>\n                <div class=\"bottom-content\">\n                    <div class=\"image\">\n                        <img loading=\"lazy\" decoding=\"async\" width=\"543\" height=\"390\" src=\"https:\/\/www.meteorage.com\/wp-content\/uploads\/2024\/07\/2024-FR-543x390.jpg\" class=\"attachment-slider-image size-slider-image wp-post-image\" alt=\"\" srcset=\"https:\/\/www.meteorage.com\/wp-content\/uploads\/2024\/07\/2024-FR-543x390.jpg 543w, https:\/\/www.meteorage.com\/wp-content\/uploads\/2024\/07\/2024-FR-300x215.jpg 300w, https:\/\/www.meteorage.com\/wp-content\/uploads\/2024\/07\/2024-FR-1024x736.jpg 1024w, https:\/\/www.meteorage.com\/wp-content\/uploads\/2024\/07\/2024-FR-768x552.jpg 768w, https:\/\/www.meteorage.com\/wp-content\/uploads\/2024\/07\/2024-FR-1536x1103.jpg 1536w, https:\/\/www.meteorage.com\/wp-content\/uploads\/2024\/07\/2024-FR-2048x1471.jpg 2048w\" sizes=\"(max-width: 543px) 100vw, 543px\" \/>                    <\/div>\n                <\/div>\n                 <a class=\"overlay-link\" href=\"https:\/\/www.meteorage.com\/fr\/meteorage-en-direct\/bonne-annee-2024\/\"><\/a>\n            <\/div>\n     \n\n\n    <\/div><div class=\"swiper-slide\">\n            <div class=\"resource-card overlay-wrapper\">\n                <div class=\"top-content\">\n                    <div class=\"category-date-wrap\"><div class=\"category-wrapper\"><div class=\"category-item\"><span class=\"category-tag\">Solutions<\/span><\/div><\/div><div class=\"date\">02-07-2023<\/div><\/div><h4 class=\"title\">Le risque foudre sur les chantiers : tous concern\u00e9s !<\/h4>                <\/div>\n                <div class=\"bottom-content\">\n                    <div class=\"image\">\n                        <img loading=\"lazy\" decoding=\"async\" width=\"543\" height=\"543\" src=\"https:\/\/www.meteorage.com\/wp-content\/uploads\/2024\/05\/BTP-Home-1-543x543.png\" class=\"attachment-slider-image size-slider-image wp-post-image\" alt=\"\" srcset=\"https:\/\/www.meteorage.com\/wp-content\/uploads\/2024\/05\/BTP-Home-1-543x543.png 543w, https:\/\/www.meteorage.com\/wp-content\/uploads\/2024\/05\/BTP-Home-1-150x150.png 150w, https:\/\/www.meteorage.com\/wp-content\/uploads\/2024\/05\/BTP-Home-1-300x300.png 300w, https:\/\/www.meteorage.com\/wp-content\/uploads\/2024\/05\/BTP-Home-1-768x768.png 768w, https:\/\/www.meteorage.com\/wp-content\/uploads\/2024\/05\/BTP-Home-1-1024x1024.png 1024w, https:\/\/www.meteorage.com\/wp-content\/uploads\/2024\/05\/BTP-Home-1.png 1197w\" sizes=\"(max-width: 543px) 100vw, 543px\" \/>                    <\/div>\n                <\/div>\n                 <a class=\"overlay-link\" href=\"https:\/\/www.meteorage.com\/fr\/meteorage-en-direct\/risque-foudre-chantier\/\"><\/a>\n            <\/div>\n     \n\n\n    <\/div><div class=\"swiper-slide\">\n            <div class=\"resource-card overlay-wrapper\">\n                <div class=\"top-content\">\n                    <div class=\"category-date-wrap\"><div class=\"category-wrapper\"><div class=\"category-item\"><span class=\"category-tag\">Corporate<\/span><\/div><\/div><div class=\"date\">26-06-2023<\/div><\/div><h4 class=\"title\">Hommage \u00e0 Alberto Garutti<\/h4>                <\/div>\n                <div class=\"bottom-content\">\n                    <div class=\"image\">\n                        <img loading=\"lazy\" decoding=\"async\" width=\"543\" height=\"362\" src=\"https:\/\/www.meteorage.com\/wp-content\/uploads\/2024\/04\/Garutti-543x362.jpg\" class=\"attachment-slider-image size-slider-image wp-post-image\" alt=\"\" srcset=\"https:\/\/www.meteorage.com\/wp-content\/uploads\/2024\/04\/Garutti-543x362.jpg 543w, https:\/\/www.meteorage.com\/wp-content\/uploads\/2024\/04\/Garutti-300x200.jpg 300w, https:\/\/www.meteorage.com\/wp-content\/uploads\/2024\/04\/Garutti-768x512.jpg 768w, https:\/\/www.meteorage.com\/wp-content\/uploads\/2024\/04\/Garutti-1024x683.jpg 1024w, https:\/\/www.meteorage.com\/wp-content\/uploads\/2024\/04\/Garutti.jpg 1181w\" sizes=\"(max-width: 543px) 100vw, 543px\" \/>                    <\/div>\n                <\/div>\n                 <a class=\"overlay-link\" href=\"https:\/\/www.meteorage.com\/fr\/meteorage-en-direct\/garutti-meteorage\/\"><\/a>\n            <\/div>\n     \n\n\n    <\/div><\/div><\/div><\/div><\/div>\n\t\t\t\t\t\t<\/div>\n\t\t\t\t<\/div>\n\t\t\t\t<\/div>\n\t\t\t\t<\/div>\n\t\t<div class=\"elementor-element elementor-element-1d0825c e-flex e-con-boxed e-con e-parent\" data-id=\"1d0825c\" data-element_type=\"container\" data-e-type=\"container\">\n\t\t\t\t\t<div class=\"e-con-inner\">\n\t\t\t\t<div class=\"elementor-element elementor-element-501ad66 elementor-widget elementor-widget-spacer\" data-id=\"501ad66\" data-element_type=\"widget\" data-e-type=\"widget\" data-widget_type=\"spacer.default\">\n\t\t\t\t<div class=\"elementor-widget-container\">\n\t\t\t\t\t\t\t<div class=\"elementor-spacer\">\n\t\t\t<div class=\"elementor-spacer-inner\"><\/div>\n\t\t<\/div>\n\t\t\t\t\t\t<\/div>\n\t\t\t\t<\/div>\n\t\t\t\t\t<\/div>\n\t\t\t\t<\/div>\n\t\t<div class=\"elementor-element elementor-element-f3dffb9 our-mission  e-flex e-con-boxed e-con e-parent\" data-id=\"f3dffb9\" data-element_type=\"container\" data-e-type=\"container\" data-settings=\"{&quot;background_background&quot;:&quot;classic&quot;}\">\n\t\t\t\t\t<div class=\"e-con-inner\">\n\t\t<div class=\"elementor-element elementor-element-4683892 action-text e-flex e-con-boxed e-con e-child\" data-id=\"4683892\" data-element_type=\"container\" data-e-type=\"container\">\n\t\t\t\t\t<div class=\"e-con-inner\">\n\t\t\t\t<div class=\"elementor-element elementor-element-fd6c7a5 cta-title elementor-widget elementor-widget-heading\" data-id=\"fd6c7a5\" data-element_type=\"widget\" data-e-type=\"widget\" data-widget_type=\"heading.default\">\n\t\t\t\t<div class=\"elementor-widget-container\">\n\t\t\t\t\t<h2 class=\"elementor-heading-title elementor-size-default\">Notre mission,<br>\nsauver des vies et des biens<\/h2>\t\t\t\t<\/div>\n\t\t\t\t<\/div>\n\t\t\t\t<div class=\"elementor-element elementor-element-1ce37db elementor-align-center elementor-widget elementor-widget-button\" data-id=\"1ce37db\" data-element_type=\"widget\" data-e-type=\"widget\" data-widget_type=\"button.default\">\n\t\t\t\t<div class=\"elementor-widget-container\">\n\t\t\t\t\t\t\t\t\t<div class=\"elementor-button-wrapper\">\n\t\t\t\t\t<a class=\"elementor-button elementor-button-link elementor-size-lg\" href=\"#\">\n\t\t\t\t\t\t<span class=\"elementor-button-content-wrapper\">\n\t\t\t\t\t\t\t\t\t<span class=\"elementor-button-text\">Nous contacter<\/span>\n\t\t\t\t\t<\/span>\n\t\t\t\t\t<\/a>\n\t\t\t\t<\/div>\n\t\t\t\t\t\t\t\t<\/div>\n\t\t\t\t<\/div>\n\t\t\t\t\t<\/div>\n\t\t\t\t<\/div>\n\t\t<div class=\"elementor-element elementor-element-ef3ab0d icon-text-links e-flex e-con-boxed e-con e-child\" data-id=\"ef3ab0d\" data-element_type=\"container\" data-e-type=\"container\">\n\t\t\t\t\t<div class=\"e-con-inner\">\n\t\t\t\t<div class=\"elementor-element elementor-element-b3bb08c elementor-position-inline-start elementor-mobile-position-inline-start elementor-view-default elementor-widget elementor-widget-icon-box\" data-id=\"b3bb08c\" data-element_type=\"widget\" data-e-type=\"widget\" data-widget_type=\"icon-box.default\">\n\t\t\t\t<div class=\"elementor-widget-container\">\n\t\t\t\t\t\t\t<div class=\"elementor-icon-box-wrapper\">\n\n\t\t\t\t\t\t<div class=\"elementor-icon-box-icon\">\n\t\t\t\t<span  class=\"elementor-icon\">\n\t\t\t\t<svg xmlns=\"http:\/\/www.w3.org\/2000\/svg\" id=\"noun-verified-time-3388672\" width=\"35.861\" height=\"35.86\" viewBox=\"0 0 35.861 35.86\"><path id=\"Path_14201\" data-name=\"Path 14201\" d=\"M29.884,15.689a.747.747,0,0,0,1.494,0A15.689,15.689,0,1,0,15.689,31.378a.747.747,0,1,0,0-1.494A14.195,14.195,0,1,1,29.884,15.689Z\" fill=\"#ffe98f\"><\/path><path id=\"Path_14202\" data-name=\"Path 14202\" d=\"M10.747,3.141A.747.747,0,0,0,10,3.888V14.137a.747.747,0,0,0,.747.747h7.065a.747.747,0,1,0,0-1.494H11.494v-9.5A.746.746,0,0,0,10.747,3.141Z\" transform=\"translate(4.942 1.552)\" fill=\"#ffe98f\"><\/path><path id=\"Path_14203\" data-name=\"Path 14203\" d=\"M21.218,13a8.218,8.218,0,1,0,8.218,8.218A8.228,8.228,0,0,0,21.218,13Zm0,14.942a6.724,6.724,0,1,1,6.724-6.724A6.732,6.732,0,0,1,21.218,27.942Z\" transform=\"translate(6.424 6.424)\" fill=\"#ffe98f\"><\/path><path id=\"Path_14204\" data-name=\"Path 14204\" d=\"M22.556,17.015,18.871,20.7l-1.6-1.6a.747.747,0,0,0-1.056,1.056l2.125,2.123a.75.75,0,0,0,1.058,0l4.212-4.214a.747.747,0,1,0-1.058-1.055Z\" transform=\"translate(7.907 8.3)\" fill=\"#ffe98f\"><\/path><\/svg>\t\t\t\t<\/span>\n\t\t\t<\/div>\n\t\t\t\n\t\t\t\t\t\t<div class=\"elementor-icon-box-content\">\n\n\t\t\t\t\t\t\t\t\t<h4 class=\"elementor-icon-box-title\">\n\t\t\t\t\t\t<span  >\n\t\t\t\t\t\t\tDepuis 1987\t\t\t\t\t\t<\/span>\n\t\t\t\t\t<\/h4>\n\t\t\t\t\n\t\t\t\t\n\t\t\t<\/div>\n\t\t\t\n\t\t<\/div>\n\t\t\t\t\t\t<\/div>\n\t\t\t\t<\/div>\n\t\t\t\t<div class=\"elementor-element elementor-element-b0ce3e0 elementor-position-inline-start elementor-mobile-position-inline-start elementor-view-default elementor-widget elementor-widget-icon-box\" data-id=\"b0ce3e0\" data-element_type=\"widget\" data-e-type=\"widget\" data-widget_type=\"icon-box.default\">\n\t\t\t\t<div class=\"elementor-widget-container\">\n\t\t\t\t\t\t\t<div class=\"elementor-icon-box-wrapper\">\n\n\t\t\t\t\t\t<div class=\"elementor-icon-box-icon\">\n\t\t\t\t<span  class=\"elementor-icon\">\n\t\t\t\t<svg xmlns=\"http:\/\/www.w3.org\/2000\/svg\" id=\"noun-award-1420443\" width=\"32.523\" height=\"39.994\" viewBox=\"0 0 32.523 39.994\"><g id=\"Group_16449\" data-name=\"Group 16449\" transform=\"translate(0 0)\"><path id=\"Path_14209\" data-name=\"Path 14209\" d=\"M-853,494.9a10.033,10.033,0,0,0-10,10.029,10.033,10.033,0,0,0,10,10.029,10.033,10.033,0,0,0,10-10.029A10.033,10.033,0,0,0-853,494.9Zm0,18.776a8.78,8.78,0,0,1-8.748-8.779A8.78,8.78,0,0,1-853,496.118a8.78,8.78,0,0,1,8.748,8.779A8.78,8.78,0,0,1-853,513.676Z\" transform=\"translate(869.264 -489.366)\" fill=\"#ffe98f\"><\/path><path id=\"Path_14210\" data-name=\"Path 14210\" d=\"M-850.668,492.374l-3-3.905.125-4.9a.6.6,0,0,0-.437-.625l-4.718-1.375-2.749-4.061a.6.6,0,0,0-.718-.25l-4.624,1.656-4.655-1.687a.609.609,0,0,0-.719.25l-2.749,4.061-4.718,1.375a.679.679,0,0,0-.437.625l.156,4.936-3,3.874a.57.57,0,0,0,0,.75l3,3.905-.125,4.936a.6.6,0,0,0,.438.625l4.686,1.375h0v12.622a.644.644,0,0,0,.312.531.6.6,0,0,0,.313.094.6.6,0,0,0,.312-.094l7.186-4.218,7.186,4.218a.568.568,0,0,0,.625,0,.6.6,0,0,0,.312-.531V503.933h0l4.717-1.375a.68.68,0,0,0,.437-.625l-.156-4.936,3-3.874A.57.57,0,0,0-850.668,492.374Zm-9.247,23.119-6.561-3.843a.567.567,0,0,0-.625,0l-6.561,3.843v-9.716l1.5,2.218a.654.654,0,0,0,.531.281.451.451,0,0,0,.219-.062l4.624-1.656,4.655,1.687a.609.609,0,0,0,.719-.25l1.5-2.218Zm5.124-19.089a.629.629,0,0,0-.125.406l.125,4.655-4.468,1.312a.556.556,0,0,0-.344.25L-862.2,506.9l-4.374-1.593a.532.532,0,0,0-.219-.031c-.063,0-.156,0-.187.031l-4.374,1.593-2.624-3.843a.655.655,0,0,0-.344-.25l-4.468-1.312.125-4.655a.628.628,0,0,0-.125-.406l-2.843-3.686,2.843-3.687a.628.628,0,0,0,.125-.406l-.125-4.655,4.468-1.312a.556.556,0,0,0,.344-.25l2.593-3.874,4.374,1.593a.533.533,0,0,0,.437,0l4.374-1.593,2.593,3.843a.655.655,0,0,0,.344.25l4.468,1.312-.125,4.655a.628.628,0,0,0,.125.406l2.843,3.687Z\" transform=\"translate(883.05 -477.186)\" fill=\"#ffe98f\"><\/path><\/g><\/svg>\t\t\t\t<\/span>\n\t\t\t<\/div>\n\t\t\t\n\t\t\t\t\t\t<div class=\"elementor-icon-box-content\">\n\n\t\t\t\t\t\t\t\t\t<h4 class=\"elementor-icon-box-title\">\n\t\t\t\t\t\t<span  >\n\t\t\t\t\t\t\tCertification ISO 9001\t\t\t\t\t\t<\/span>\n\t\t\t\t\t<\/h4>\n\t\t\t\t\n\t\t\t\t\n\t\t\t<\/div>\n\t\t\t\n\t\t<\/div>\n\t\t\t\t\t\t<\/div>\n\t\t\t\t<\/div>\n\t\t\t\t<div class=\"elementor-element elementor-element-dc961ab elementor-position-inline-start elementor-mobile-position-inline-start elementor-view-default elementor-widget elementor-widget-icon-box\" data-id=\"dc961ab\" data-element_type=\"widget\" data-e-type=\"widget\" data-widget_type=\"icon-box.default\">\n\t\t\t\t<div class=\"elementor-widget-container\">\n\t\t\t\t\t\t\t<div class=\"elementor-icon-box-wrapper\">\n\n\t\t\t\t\t\t<div class=\"elementor-icon-box-icon\">\n\t\t\t\t<span  class=\"elementor-icon\">\n\t\t\t\t<svg xmlns=\"http:\/\/www.w3.org\/2000\/svg\" id=\"noun-done-3866297\" width=\"35.684\" height=\"35.683\" viewBox=\"0 0 35.684 35.683\"><g id=\"Group_16452\" data-name=\"Group 16452\" transform=\"translate(0)\"><g id=\"Group_16451\" data-name=\"Group 16451\"><path id=\"Path_14212\" data-name=\"Path 14212\" d=\"M205.386,805.386v2.1a4.2,4.2,0,0,1-4.2,4.2H180.2a4.2,4.2,0,0,1-4.2-4.2V786.5a4.2,4.2,0,0,1,4.2-4.2h2.1v-2.1a4.2,4.2,0,0,1,4.2-4.2h20.99a4.2,4.2,0,0,1,4.2,4.2v20.99a4.2,4.2,0,0,1-4.2,4.2ZM182.3,784.4h-2.1a2.1,2.1,0,0,0-2.1,2.1v20.99a2.1,2.1,0,0,0,2.1,2.1h20.99a2.1,2.1,0,0,0,2.1-2.1v-2.1H186.5a4.2,4.2,0,0,1-4.2-4.2Zm4.2-6.3a2.1,2.1,0,0,0-2.1,2.1v20.99a2.1,2.1,0,0,0,2.1,2.1h20.99a2.1,2.1,0,0,0,2.1-2.1V780.2a2.1,2.1,0,0,0-2.1-2.1Zm13.426,9.753a1.049,1.049,0,0,1,1.484,1.484l-4.723,4.723a1.049,1.049,0,0,1-1.484,0l-2.624-2.624a1.049,1.049,0,0,1,1.484-1.484l1.882,1.882Z\" transform=\"translate(-176 -776)\" fill=\"#ffe98f\"><\/path><\/g><\/g><\/svg>\t\t\t\t<\/span>\n\t\t\t<\/div>\n\t\t\t\n\t\t\t\t\t\t<div class=\"elementor-icon-box-content\">\n\n\t\t\t\t\t\t\t\t\t<h4 class=\"elementor-icon-box-title\">\n\t\t\t\t\t\t<span  >\n\t\t\t\t\t\t\t Certification Qualifoudre\t\t\t\t\t\t<\/span>\n\t\t\t\t\t<\/h4>\n\t\t\t\t\n\t\t\t\t\n\t\t\t<\/div>\n\t\t\t\n\t\t<\/div>\n\t\t\t\t\t\t<\/div>\n\t\t\t\t<\/div>\n\t\t\t\t<div class=\"elementor-element elementor-element-2e26dc0 elementor-position-inline-start elementor-mobile-position-inline-start elementor-view-default elementor-widget elementor-widget-icon-box\" data-id=\"2e26dc0\" data-element_type=\"widget\" data-e-type=\"widget\" data-widget_type=\"icon-box.default\">\n\t\t\t\t<div class=\"elementor-widget-container\">\n\t\t\t\t\t\t\t<div class=\"elementor-icon-box-wrapper\">\n\n\t\t\t\t\t\t<div class=\"elementor-icon-box-icon\">\n\t\t\t\t<span  class=\"elementor-icon\">\n\t\t\t\t<svg xmlns=\"http:\/\/www.w3.org\/2000\/svg\" width=\"35.55\" height=\"35.55\" viewBox=\"0 0 35.55 35.55\"><path id=\"Path_14221\" data-name=\"Path 14221\" d=\"M19.775,2A17.775,17.775,0,1,0,37.55,19.775,17.775,17.775,0,0,0,19.775,2ZM13.841,4.927a18.8,18.8,0,0,0-4.07,8.626H5.033A16.042,16.042,0,0,1,13.841,4.927ZM3.777,19.775a15.975,15.975,0,0,1,.639-4.444h5.03a29.516,29.516,0,0,0,0,8.887H4.416A15.976,15.976,0,0,1,3.777,19.775ZM5.033,26H9.771a18.8,18.8,0,0,0,4.07,8.626A16.042,16.042,0,0,1,5.033,26Zm13.853,9.7c-3.29-.591-6.058-4.424-7.3-9.7h7.3Zm0-11.473H11.243a27.907,27.907,0,0,1,0-8.887h7.643Zm0-10.665h-7.3c1.241-5.271,4.009-9.1,7.3-9.7Zm15.625,0H29.778a18.816,18.816,0,0,0-4.061-8.617A16.06,16.06,0,0,1,34.511,13.554Zm-13.848-9.7c3.29.591,6.058,4.424,7.3,9.7h-7.3Zm0,11.473h7.643a27.907,27.907,0,0,1,0,8.887H20.664Zm0,20.36V26h7.3C26.722,31.267,23.954,35.1,20.664,35.691Zm5.045-1.069A18.8,18.8,0,0,0,29.778,26h4.739A16.043,16.043,0,0,1,25.709,34.622Zm4.394-10.4a30.006,30.006,0,0,0,.336-4.444,30.016,30.016,0,0,0-.336-4.444h5.026a15.727,15.727,0,0,1,0,8.887Z\" transform=\"translate(-2 -2)\" fill=\"#ffe98f\"><\/path><\/svg>\t\t\t\t<\/span>\n\t\t\t<\/div>\n\t\t\t\n\t\t\t\t\t\t<div class=\"elementor-icon-box-content\">\n\n\t\t\t\t\t\t\t\t\t<h4 class=\"elementor-icon-box-title\">\n\t\t\t\t\t\t<span  >\n\t\t\t\t\t\t\tPr\u00e9sence Internationale\t\t\t\t\t\t<\/span>\n\t\t\t\t\t<\/h4>\n\t\t\t\t\n\t\t\t\t\n\t\t\t<\/div>\n\t\t\t\n\t\t<\/div>\n\t\t\t\t\t\t<\/div>\n\t\t\t\t<\/div>\n\t\t\t\t\t<\/div>\n\t\t\t\t<\/div>\n\t\t\t\t\t<\/div>\n\t\t\t\t<\/div>\n\t\t\t\t<\/div>\n\t\t","protected":false},"featured_media":0,"template":"","blog_category":[465],"class_list":["post-37536","blog","type-blog","status-publish","hentry","blog_category-etude-de-cas"],"acf":[],"yoast_head":"<!-- This site is optimized with the Yoast SEO plugin v27.5 - https:\/\/yoast.com\/product\/yoast-seo-wordpress\/ -->\n<title>Orages et inondations en Espagne | Octobre 2024<\/title>\n<meta name=\"description\" content=\"Octobre 2024, des orages stationnaires et une activit\u00e9 \u00e9lectrique intense ont aggrav\u00e9 les inondations en Espagne (Valence).\u00a0Notre analyse compl\u00e8te.\" \/>\n<meta name=\"robots\" content=\"index, follow, max-snippet:-1, max-image-preview:large, max-video-preview:-1\" \/>\n<link rel=\"canonical\" href=\"https:\/\/www.meteorage.com\/fr\/meteorage-en-direct\/etude-de-cas-episode-pluvio-orageux-en-espagne-de-fin-octobre-2024\/\" \/>\n<meta property=\"og:locale\" content=\"fr_FR\" \/>\n<meta property=\"og:type\" content=\"article\" \/>\n<meta property=\"og:title\" content=\"Orages et inondations en Espagne | Octobre 2024\" \/>\n<meta property=\"og:description\" content=\"Octobre 2024, des orages stationnaires et une activit\u00e9 \u00e9lectrique intense ont aggrav\u00e9 les inondations en Espagne (Valence).\u00a0Notre analyse compl\u00e8te.\" \/>\n<meta property=\"og:url\" content=\"https:\/\/www.meteorage.com\/fr\/meteorage-en-direct\/etude-de-cas-episode-pluvio-orageux-en-espagne-de-fin-octobre-2024\/\" \/>\n<meta property=\"og:site_name\" content=\"METEORAGE\" \/>\n<meta property=\"article:modified_time\" content=\"2025-04-11T13:21:24+00:00\" \/>\n<meta property=\"og:image\" content=\"https:\/\/www.meteorage.com\/wp-content\/uploads\/2024\/11\/Etude-de-cas-episode-orageux-Espagne-2024-figure-1-2.webp\" \/>\n\t<meta property=\"og:image:width\" content=\"887\" \/>\n\t<meta property=\"og:image:height\" content=\"596\" \/>\n\t<meta property=\"og:image:type\" content=\"image\/webp\" \/>\n<meta name=\"twitter:card\" content=\"summary_large_image\" \/>\n<meta name=\"twitter:label1\" content=\"Dur\u00e9e de lecture estim\u00e9e\" \/>\n\t<meta name=\"twitter:data1\" content=\"12 minutes\" \/>\n<script type=\"application\/ld+json\" class=\"yoast-schema-graph\">{\"@context\":\"https:\\\/\\\/schema.org\",\"@graph\":[{\"@type\":\"WebPage\",\"@id\":\"https:\\\/\\\/www.meteorage.com\\\/fr\\\/meteorage-en-direct\\\/etude-de-cas-episode-pluvio-orageux-en-espagne-de-fin-octobre-2024\\\/\",\"url\":\"https:\\\/\\\/www.meteorage.com\\\/fr\\\/meteorage-en-direct\\\/etude-de-cas-episode-pluvio-orageux-en-espagne-de-fin-octobre-2024\\\/\",\"name\":\"Orages et inondations en Espagne | Octobre 2024\",\"isPartOf\":{\"@id\":\"https:\\\/\\\/www.meteorage.com\\\/fr\\\/#website\"},\"primaryImageOfPage\":{\"@id\":\"https:\\\/\\\/www.meteorage.com\\\/fr\\\/meteorage-en-direct\\\/etude-de-cas-episode-pluvio-orageux-en-espagne-de-fin-octobre-2024\\\/#primaryimage\"},\"image\":{\"@id\":\"https:\\\/\\\/www.meteorage.com\\\/fr\\\/meteorage-en-direct\\\/etude-de-cas-episode-pluvio-orageux-en-espagne-de-fin-octobre-2024\\\/#primaryimage\"},\"thumbnailUrl\":\"https:\\\/\\\/www.meteorage.com\\\/wp-content\\\/uploads\\\/2024\\\/11\\\/Etude-de-cas-episode-orageux-Espagne-2024-figure-1-2.webp\",\"datePublished\":\"2024-11-14T12:26:08+00:00\",\"dateModified\":\"2025-04-11T13:21:24+00:00\",\"description\":\"Octobre 2024, des orages stationnaires et une activit\u00e9 \u00e9lectrique intense ont aggrav\u00e9 les inondations en Espagne (Valence).\u00a0Notre analyse compl\u00e8te.\",\"breadcrumb\":{\"@id\":\"https:\\\/\\\/www.meteorage.com\\\/fr\\\/meteorage-en-direct\\\/etude-de-cas-episode-pluvio-orageux-en-espagne-de-fin-octobre-2024\\\/#breadcrumb\"},\"inLanguage\":\"fr-FR\",\"potentialAction\":[{\"@type\":\"ReadAction\",\"target\":[\"https:\\\/\\\/www.meteorage.com\\\/fr\\\/meteorage-en-direct\\\/etude-de-cas-episode-pluvio-orageux-en-espagne-de-fin-octobre-2024\\\/\"]}]},{\"@type\":\"ImageObject\",\"inLanguage\":\"fr-FR\",\"@id\":\"https:\\\/\\\/www.meteorage.com\\\/fr\\\/meteorage-en-direct\\\/etude-de-cas-episode-pluvio-orageux-en-espagne-de-fin-octobre-2024\\\/#primaryimage\",\"url\":\"https:\\\/\\\/www.meteorage.com\\\/wp-content\\\/uploads\\\/2024\\\/11\\\/Etude-de-cas-episode-orageux-Espagne-2024-figure-1-2.webp\",\"contentUrl\":\"https:\\\/\\\/www.meteorage.com\\\/wp-content\\\/uploads\\\/2024\\\/11\\\/Etude-de-cas-episode-orageux-Espagne-2024-figure-1-2.webp\"},{\"@type\":\"BreadcrumbList\",\"@id\":\"https:\\\/\\\/www.meteorage.com\\\/fr\\\/meteorage-en-direct\\\/etude-de-cas-episode-pluvio-orageux-en-espagne-de-fin-octobre-2024\\\/#breadcrumb\",\"itemListElement\":[{\"@type\":\"ListItem\",\"position\":1,\"name\":\"Accueil\",\"item\":\"https:\\\/\\\/www.meteorage.com\\\/fr\\\/\"},{\"@type\":\"ListItem\",\"position\":2,\"name\":\"Orages et inondations en Espagne (octobre 2024)\"}]},{\"@type\":\"WebSite\",\"@id\":\"https:\\\/\\\/www.meteorage.com\\\/fr\\\/#website\",\"url\":\"https:\\\/\\\/www.meteorage.com\\\/fr\\\/\",\"name\":\"METEORAGE\",\"description\":\"\",\"publisher\":{\"@id\":\"https:\\\/\\\/www.meteorage.com\\\/fr\\\/#organization\"},\"potentialAction\":[{\"@type\":\"SearchAction\",\"target\":{\"@type\":\"EntryPoint\",\"urlTemplate\":\"https:\\\/\\\/www.meteorage.com\\\/fr\\\/?s={search_term_string}\"},\"query-input\":{\"@type\":\"PropertyValueSpecification\",\"valueRequired\":true,\"valueName\":\"search_term_string\"}}],\"inLanguage\":\"fr-FR\"},{\"@type\":\"Organization\",\"@id\":\"https:\\\/\\\/www.meteorage.com\\\/fr\\\/#organization\",\"name\":\"METEORAGE\",\"url\":\"https:\\\/\\\/www.meteorage.com\\\/fr\\\/\",\"logo\":{\"@type\":\"ImageObject\",\"inLanguage\":\"fr-FR\",\"@id\":\"https:\\\/\\\/www.meteorage.com\\\/fr\\\/#\\\/schema\\\/logo\\\/image\\\/\",\"url\":\"https:\\\/\\\/www.meteorage.com\\\/wp-content\\\/uploads\\\/2025\\\/10\\\/02.-Logo-METEORAGE-horizontal-blanc.png.webp\",\"contentUrl\":\"https:\\\/\\\/www.meteorage.com\\\/wp-content\\\/uploads\\\/2025\\\/10\\\/02.-Logo-METEORAGE-horizontal-blanc.png.webp\",\"width\":2445,\"height\":501,\"caption\":\"METEORAGE\"},\"image\":{\"@id\":\"https:\\\/\\\/www.meteorage.com\\\/fr\\\/#\\\/schema\\\/logo\\\/image\\\/\"}}]}<\/script>\n<!-- \/ Yoast SEO plugin. -->","yoast_head_json":{"title":"Orages et inondations en Espagne | Octobre 2024","description":"Octobre 2024, des orages stationnaires et une activit\u00e9 \u00e9lectrique intense ont aggrav\u00e9 les inondations en Espagne (Valence).\u00a0Notre analyse compl\u00e8te.","robots":{"index":"index","follow":"follow","max-snippet":"max-snippet:-1","max-image-preview":"max-image-preview:large","max-video-preview":"max-video-preview:-1"},"canonical":"https:\/\/www.meteorage.com\/fr\/meteorage-en-direct\/etude-de-cas-episode-pluvio-orageux-en-espagne-de-fin-octobre-2024\/","og_locale":"fr_FR","og_type":"article","og_title":"Orages et inondations en Espagne | Octobre 2024","og_description":"Octobre 2024, des orages stationnaires et une activit\u00e9 \u00e9lectrique intense ont aggrav\u00e9 les inondations en Espagne (Valence).\u00a0Notre analyse compl\u00e8te.","og_url":"https:\/\/www.meteorage.com\/fr\/meteorage-en-direct\/etude-de-cas-episode-pluvio-orageux-en-espagne-de-fin-octobre-2024\/","og_site_name":"METEORAGE","article_modified_time":"2025-04-11T13:21:24+00:00","og_image":[{"width":887,"height":596,"url":"https:\/\/www.meteorage.com\/wp-content\/uploads\/2024\/11\/Etude-de-cas-episode-orageux-Espagne-2024-figure-1-2.webp","type":"image\/webp"}],"twitter_card":"summary_large_image","twitter_misc":{"Dur\u00e9e de lecture estim\u00e9e":"12 minutes"},"schema":{"@context":"https:\/\/schema.org","@graph":[{"@type":"WebPage","@id":"https:\/\/www.meteorage.com\/fr\/meteorage-en-direct\/etude-de-cas-episode-pluvio-orageux-en-espagne-de-fin-octobre-2024\/","url":"https:\/\/www.meteorage.com\/fr\/meteorage-en-direct\/etude-de-cas-episode-pluvio-orageux-en-espagne-de-fin-octobre-2024\/","name":"Orages et inondations en Espagne | Octobre 2024","isPartOf":{"@id":"https:\/\/www.meteorage.com\/fr\/#website"},"primaryImageOfPage":{"@id":"https:\/\/www.meteorage.com\/fr\/meteorage-en-direct\/etude-de-cas-episode-pluvio-orageux-en-espagne-de-fin-octobre-2024\/#primaryimage"},"image":{"@id":"https:\/\/www.meteorage.com\/fr\/meteorage-en-direct\/etude-de-cas-episode-pluvio-orageux-en-espagne-de-fin-octobre-2024\/#primaryimage"},"thumbnailUrl":"https:\/\/www.meteorage.com\/wp-content\/uploads\/2024\/11\/Etude-de-cas-episode-orageux-Espagne-2024-figure-1-2.webp","datePublished":"2024-11-14T12:26:08+00:00","dateModified":"2025-04-11T13:21:24+00:00","description":"Octobre 2024, des orages stationnaires et une activit\u00e9 \u00e9lectrique intense ont aggrav\u00e9 les inondations en Espagne (Valence).\u00a0Notre analyse compl\u00e8te.","breadcrumb":{"@id":"https:\/\/www.meteorage.com\/fr\/meteorage-en-direct\/etude-de-cas-episode-pluvio-orageux-en-espagne-de-fin-octobre-2024\/#breadcrumb"},"inLanguage":"fr-FR","potentialAction":[{"@type":"ReadAction","target":["https:\/\/www.meteorage.com\/fr\/meteorage-en-direct\/etude-de-cas-episode-pluvio-orageux-en-espagne-de-fin-octobre-2024\/"]}]},{"@type":"ImageObject","inLanguage":"fr-FR","@id":"https:\/\/www.meteorage.com\/fr\/meteorage-en-direct\/etude-de-cas-episode-pluvio-orageux-en-espagne-de-fin-octobre-2024\/#primaryimage","url":"https:\/\/www.meteorage.com\/wp-content\/uploads\/2024\/11\/Etude-de-cas-episode-orageux-Espagne-2024-figure-1-2.webp","contentUrl":"https:\/\/www.meteorage.com\/wp-content\/uploads\/2024\/11\/Etude-de-cas-episode-orageux-Espagne-2024-figure-1-2.webp"},{"@type":"BreadcrumbList","@id":"https:\/\/www.meteorage.com\/fr\/meteorage-en-direct\/etude-de-cas-episode-pluvio-orageux-en-espagne-de-fin-octobre-2024\/#breadcrumb","itemListElement":[{"@type":"ListItem","position":1,"name":"Accueil","item":"https:\/\/www.meteorage.com\/fr\/"},{"@type":"ListItem","position":2,"name":"Orages et inondations en Espagne (octobre 2024)"}]},{"@type":"WebSite","@id":"https:\/\/www.meteorage.com\/fr\/#website","url":"https:\/\/www.meteorage.com\/fr\/","name":"METEORAGE","description":"","publisher":{"@id":"https:\/\/www.meteorage.com\/fr\/#organization"},"potentialAction":[{"@type":"SearchAction","target":{"@type":"EntryPoint","urlTemplate":"https:\/\/www.meteorage.com\/fr\/?s={search_term_string}"},"query-input":{"@type":"PropertyValueSpecification","valueRequired":true,"valueName":"search_term_string"}}],"inLanguage":"fr-FR"},{"@type":"Organization","@id":"https:\/\/www.meteorage.com\/fr\/#organization","name":"METEORAGE","url":"https:\/\/www.meteorage.com\/fr\/","logo":{"@type":"ImageObject","inLanguage":"fr-FR","@id":"https:\/\/www.meteorage.com\/fr\/#\/schema\/logo\/image\/","url":"https:\/\/www.meteorage.com\/wp-content\/uploads\/2025\/10\/02.-Logo-METEORAGE-horizontal-blanc.png.webp","contentUrl":"https:\/\/www.meteorage.com\/wp-content\/uploads\/2025\/10\/02.-Logo-METEORAGE-horizontal-blanc.png.webp","width":2445,"height":501,"caption":"METEORAGE"},"image":{"@id":"https:\/\/www.meteorage.com\/fr\/#\/schema\/logo\/image\/"}}]}},"_links":{"self":[{"href":"https:\/\/www.meteorage.com\/fr\/wp-json\/wp\/v2\/blog\/37536","targetHints":{"allow":["GET"]}}],"collection":[{"href":"https:\/\/www.meteorage.com\/fr\/wp-json\/wp\/v2\/blog"}],"about":[{"href":"https:\/\/www.meteorage.com\/fr\/wp-json\/wp\/v2\/types\/blog"}],"version-history":[{"count":0,"href":"https:\/\/www.meteorage.com\/fr\/wp-json\/wp\/v2\/blog\/37536\/revisions"}],"wp:attachment":[{"href":"https:\/\/www.meteorage.com\/fr\/wp-json\/wp\/v2\/media?parent=37536"}],"wp:term":[{"taxonomy":"blog_category","embeddable":true,"href":"https:\/\/www.meteorage.com\/fr\/wp-json\/wp\/v2\/blog_category?post=37536"}],"curies":[{"name":"wp","href":"https:\/\/api.w.org\/{rel}","templated":true}]}}