{"id":52715,"date":"2026-07-02T09:19:46","date_gmt":"2026-07-02T07:19:46","guid":{"rendered":"https:\/\/www.meteorage.com\/?post_type=presse&#038;p=52715"},"modified":"2026-07-02T09:29:56","modified_gmt":"2026-07-02T07:29:56","slug":"orages-fin-canicule-etude-cas-juin-2026","status":"publish","type":"presse","link":"https:\/\/www.meteorage.com\/fr\/espace-presse\/orages-fin-canicule-etude-cas-juin-2026\/","title":{"rendered":"Orages de fin de canicule : comprendre l&rsquo;un des \u00e9pisodes les plus \u00e9lectriques de la saison"},"content":{"rendered":"\t\t<div data-elementor-type=\"wp-post\" data-elementor-id=\"52715\" class=\"elementor elementor-52715 elementor-52712\" data-elementor-post-type=\"presse\">\n\t\t\t\t<div class=\"elementor-element elementor-element-69e1f8da e-con-full e-flex e-con e-parent\" data-id=\"69e1f8da\" data-element_type=\"container\" data-e-type=\"container\">\n\t\t<div class=\"elementor-element elementor-element-5f8cf3d2 e-con-full banner-type-detail e-flex e-con e-child\" data-id=\"5f8cf3d2\" data-element_type=\"container\" data-e-type=\"container\" data-settings=\"{&quot;background_background&quot;:&quot;classic&quot;}\">\n\t\t\t\t<div class=\"elementor-element elementor-element-2cb9833a elementor-widget elementor-widget-spacer\" data-id=\"2cb9833a\" data-element_type=\"widget\" data-e-type=\"widget\" data-widget_type=\"spacer.default\">\n\t\t\t\t<div class=\"elementor-widget-container\">\n\t\t\t\t\t\t\t<div class=\"elementor-spacer\">\n\t\t\t<div class=\"elementor-spacer-inner\"><\/div>\n\t\t<\/div>\n\t\t\t\t\t\t<\/div>\n\t\t\t\t<\/div>\n\t\t<div class=\"elementor-element elementor-element-2e39887c banner-content e-flex e-con-boxed e-con e-child\" data-id=\"2e39887c\" data-element_type=\"container\" data-e-type=\"container\">\n\t\t\t\t\t<div class=\"e-con-inner\">\n\t\t\t\t<div class=\"elementor-element elementor-element-506ff8f elementor-widget elementor-widget-spacer\" data-id=\"506ff8f\" data-element_type=\"widget\" data-e-type=\"widget\" data-widget_type=\"spacer.default\">\n\t\t\t\t<div class=\"elementor-widget-container\">\n\t\t\t\t\t\t\t<div class=\"elementor-spacer\">\n\t\t\t<div class=\"elementor-spacer-inner\"><\/div>\n\t\t<\/div>\n\t\t\t\t\t\t<\/div>\n\t\t\t\t<\/div>\n\t\t\t\t<div class=\"elementor-element elementor-element-4b5c2d72 elementor-widget elementor-widget-heading\" data-id=\"4b5c2d72\" data-element_type=\"widget\" data-e-type=\"widget\" data-widget_type=\"heading.default\">\n\t\t\t\t<div class=\"elementor-widget-container\">\n\t\t\t\t\t<h1 class=\"elementor-heading-title elementor-size-default\">Orages de fin de canicule : comprendre l'un des \u00e9pisodes les plus \u00e9lectriques de la saison<\/h1>\t\t\t\t<\/div>\n\t\t\t\t<\/div>\n\t\t\t\t<div class=\"elementor-element elementor-element-528f34ac elementor-widget__width-initial elementor-widget elementor-widget-text-editor\" data-id=\"528f34ac\" data-element_type=\"widget\" data-e-type=\"widget\" data-widget_type=\"text-editor.default\">\n\t\t\t\t<div class=\"elementor-widget-container\">\n\t\t\t\t\t\t\t\t\t<p><style>\na {\n    text-decoration: none;\n    color: #464feb;\n}\ntr th, tr td {\n    border: 1px solid #e6e6e6;\n}\ntr th {\n    background-color: #f5f5f5;\n}\n<\/style><\/p><div><p>Le week-end des <strong>27 et 28 juin 2026<\/strong> a marqu\u00e9 les esprits.<\/p><p>La tour Eiffel frapp\u00e9e par un \u00e9clair, des vid\u00e9os impressionnantes largement relay\u00e9es, un ciel qui semblait s&#8217;embraser dans plusieurs r\u00e9gions d&rsquo;Europe de l&rsquo;Ouest&#8230; Derri\u00e8re ces images spectaculaires, cet \u00e9pisode a aussi rappel\u00e9 qu&rsquo;un orage peut affecter simultan\u00e9ment de nombreux secteurs d&rsquo;activit\u00e9.<\/p><p><strong>Alors, que s&rsquo;est-il r\u00e9ellement pass\u00e9 ?<\/strong><\/p><\/div>\t\t\t\t\t\t\t\t<\/div>\n\t\t\t\t<\/div>\n\t\t\t\t<div class=\"elementor-element elementor-element-e23b4e0 elementor-align-center elementor-widget elementor-widget-ube-button\" data-id=\"e23b4e0\" data-element_type=\"widget\" data-e-type=\"widget\" data-widget_type=\"ube-button.default\">\n\t\t\t\t<div class=\"elementor-widget-container\">\n\t\t\t\t\t<a class=\"ube-btn btn btn-md btn- btn-link\" href=\"https:\/\/www.meteorage.com\/fr\/espace-presse\/\" target=\"_blank\" id=\"return-link\">\n\t    <span class=\"ube-btn-text\">&lt; retour \u00e0 l&#039;Espace presse<\/span>\n\t<\/a>\n\n\n\t\t\t\t<\/div>\n\t\t\t\t<\/div>\n\t\t\t\t<div class=\"elementor-element elementor-element-352450ff text-center elementor-widget elementor-widget-shortcode\" data-id=\"352450ff\" data-element_type=\"widget\" data-e-type=\"widget\" data-widget_type=\"shortcode.default\">\n\t\t\t\t<div class=\"elementor-widget-container\">\n\t\t\t\t\t\t\t<div class=\"elementor-shortcode\"><div class=\"press-date\"><i class=\"fa-regular fa-calendar\"><\/i>02 juillet 2026<\/div><\/div>\n\t\t\t\t\t\t<\/div>\n\t\t\t\t<\/div>\n\t\t\t\t\t<\/div>\n\t\t\t\t<\/div>\n\t\t\t\t<\/div>\n\t\t\t\t<\/div>\n\t\t<div class=\"elementor-element elementor-element-5d61411 e-flex e-con-boxed e-con e-parent\" data-id=\"5d61411\" data-element_type=\"container\" data-e-type=\"container\">\n\t\t\t\t\t<div class=\"e-con-inner\">\n\t\t\t\t<div class=\"elementor-element elementor-element-dcbb1ac elementor-widget elementor-widget-text-editor\" data-id=\"dcbb1ac\" data-element_type=\"widget\" data-e-type=\"widget\" data-widget_type=\"text-editor.default\">\n\t\t\t\t<div class=\"elementor-widget-container\">\n\t\t\t\t\t\t\t\t\t<p><style>\na {<br \/>    text-decoration: none;<br \/>    color: #464feb;<br \/>}<br \/>tr th, tr td {<br \/>    border: 1px solid #e6e6e6;<br \/>}<br \/>tr th {<br \/>    background-color: #f5f5f5;<br \/>}<br \/><\/style><\/p><div><p>Chez <strong>Meteorage, filiale de M\u00e9t\u00e9o-France et expert europ\u00e9en de la d\u00e9tection de la foudre<\/strong>, nous avons analys\u00e9 cet \u00e9pisode avec notre expert m\u00e9t\u00e9orologique <strong>Joris Royet<\/strong> afin de comprendre les m\u00e9canismes qui ont conduit \u00e0 l&rsquo;un des plus importants \u00e9pisodes \u00e9lectriques de la saison.<\/p><p>Le <strong>27 juin 2026<\/strong>, notre r\u00e9seau a d\u00e9tect\u00e9 <strong>147 950 \u00e9clairs<\/strong> entre la France, le Benelux et l&rsquo;ouest de l&rsquo;Allemagne en moins de 12 heures.<\/p><p>Sur l&rsquo;ensemble du week-end, nous avons enregistr\u00e9 pr\u00e8s de <strong>1,9 million d&rsquo;\u00e9clairs<\/strong> et d\u00e9clench\u00e9 <strong>3 618 alertes orage<\/strong> pour nos clients en Europe de l&rsquo;Ouest.<\/p><p>Au-del\u00e0 de l&rsquo;activit\u00e9 \u00e9lectrique remarquable, cet \u00e9pisode a eu des cons\u00e9quences dans de nombreux secteurs :<\/p><ul><li>r\u00e9seaux \u00e9lectriques,<\/li><li>transports ferroviaires et a\u00e9roportuaires,<\/li><li>\u00e9v\u00e9nements accueillant du public,<\/li><li>activit\u00e9s de plein air,<\/li><li>sites industriels et infrastructures sensibles.<\/li><\/ul><p><style>\na {\n    text-decoration: none;\n    color: #464feb;\n}\ntr th, tr td {\n    border: 1px solid #e6e6e6;\n}\ntr th {\n    background-color: #f5f5f5;\n}\n<\/style><\/p><div>Pour les organisations expos\u00e9es, l&rsquo;enjeu est de disposer d&rsquo;une vision pr\u00e9cise de l&rsquo;\u00e9volution de l&rsquo;orage afin de prot\u00e9ger les personnes et les infrastructures vuln\u00e9rables tout en limitant les perturbations sur leurs activit\u00e9s.<\/div><p><strong>Quand interrompre les op\u00e9rations ? Quand reprendre en s\u00e9curit\u00e9, tout en minimisant les temps d&rsquo;arr\u00eat ? Comment documenter ou justifier un sinistre apr\u00e8s le passage de l&rsquo;orage ?<\/strong><\/p><p>Les alertes en temps r\u00e9el, les outils de visualisation et les rapports d&rsquo;impacts permettent d&rsquo;accompagner ces d\u00e9cisions op\u00e9rationnelles et de cibler rapidement les zones affect\u00e9es, afin d&rsquo;optimiser les op\u00e9rations de contr\u00f4le, de maintenance ou de remise en service des \u00e9quipements concern\u00e9s.<\/p><p><strong>Alors, quelles conditions atmosph\u00e9riques ont conduit \u00e0 un niveau d&rsquo;activit\u00e9 \u00e9lectrique aussi exceptionnel ?\u00a0<\/strong><\/p><\/div>\t\t\t\t\t\t\t\t<\/div>\n\t\t\t\t<\/div>\n\t\t\t\t<div class=\"elementor-element elementor-element-88c8c63 elementor-widget elementor-widget-button\" data-id=\"88c8c63\" data-element_type=\"widget\" data-e-type=\"widget\" data-widget_type=\"button.default\">\n\t\t\t\t<div class=\"elementor-widget-container\">\n\t\t\t\t\t\t\t\t\t<div class=\"elementor-button-wrapper\">\n\t\t\t\t\t<a class=\"elementor-button elementor-button-link elementor-size-lg\" href=\"https:\/\/www.meteorage.com\/wp-content\/uploads\/2026\/07\/CP-Meteorage-Des-orages-mettant-fin-a-la-vague-de-chaleur-1er-juillet-2026.pdf\" target=\"_blank\">\n\t\t\t\t\t\t<span class=\"elementor-button-content-wrapper\">\n\t\t\t\t\t\t\t\t\t<span class=\"elementor-button-text\">Voir le communiqu\u00e9<\/span>\n\t\t\t\t\t<\/span>\n\t\t\t\t\t<\/a>\n\t\t\t\t<\/div>\n\t\t\t\t\t\t\t\t<\/div>\n\t\t\t\t<\/div>\n\t\t\t\t\t<\/div>\n\t\t\t\t<\/div>\n\t\t\t\t<\/div>\n\t\t","protected":false},"excerpt":{"rendered":"<p>Le 27 juin 2026, pr\u00e8s de 150 000 \u00e9clairs ont \u00e9t\u00e9 d\u00e9tect\u00e9s entre la France, le Benelux et l&rsquo;ouest de l&rsquo;Allemagne en moins de 12 heures. D\u00e9couvrez l&rsquo;analyse de cet \u00e9pisode exceptionnel par nos experts.<\/p>\n","protected":false},"featured_media":52718,"template":"","press_sector":[337],"class_list":["post-52715","presse","type-presse","status-publish","has-post-thumbnail","hentry","press_sector-meteo"],"acf":[],"yoast_head":"<!-- This site is optimized with the Yoast SEO plugin v28.4 - https:\/\/yoast.com\/product\/yoast-seo-wordpress\/ -->\n<title>Orages de fin de canicule : que s&#039;est-il pass\u00e9 ?<\/title>\n<meta name=\"description\" content=\"Le week-end des 27 et 28 juin 2026 a donn\u00e9 lieu \u00e0 l&#039;un des \u00e9pisodes orageux les plus \u00e9lectriques de la saison. D\u00e9couvrez notre analyse m\u00e9t\u00e9orologique et les impacts observ\u00e9s sur les infrastructures, les transports, les \u00e9v\u00e9nements et les activit\u00e9s expos\u00e9es.\" \/>\n<meta name=\"robots\" content=\"index, follow, max-snippet:-1, max-image-preview:large, max-video-preview:-1\" \/>\n<link rel=\"canonical\" href=\"https:\/\/www.meteorage.com\/fr\/espace-presse\/orages-fin-canicule-etude-cas-juin-2026\/\" \/>\n<meta property=\"og:locale\" content=\"fr_FR\" \/>\n<meta property=\"og:type\" content=\"article\" \/>\n<meta property=\"og:title\" content=\"Orages de fin de canicule : que s&#039;est-il pass\u00e9 ?\" \/>\n<meta property=\"og:description\" content=\"Le week-end des 27 et 28 juin 2026 a donn\u00e9 lieu \u00e0 l&#039;un des \u00e9pisodes orageux les plus \u00e9lectriques de la saison. D\u00e9couvrez notre analyse m\u00e9t\u00e9orologique et les impacts observ\u00e9s sur les infrastructures, les transports, les \u00e9v\u00e9nements et les activit\u00e9s expos\u00e9es.\" \/>\n<meta property=\"og:url\" content=\"https:\/\/www.meteorage.com\/fr\/espace-presse\/orages-fin-canicule-etude-cas-juin-2026\/\" \/>\n<meta property=\"og:site_name\" content=\"METEORAGE\" \/>\n<meta property=\"article:modified_time\" content=\"2026-07-02T07:29:56+00:00\" \/>\n<meta property=\"og:image\" content=\"https:\/\/www.meteorage.com\/wp-content\/uploads\/2026\/07\/Design-sans-titre-52.png\" \/>\n\t<meta property=\"og:image:width\" content=\"2000\" \/>\n\t<meta property=\"og:image:height\" content=\"2000\" \/>\n\t<meta property=\"og:image:type\" content=\"image\/png\" \/>\n<meta name=\"twitter:card\" content=\"summary_large_image\" \/>\n<meta name=\"twitter:label1\" content=\"Dur\u00e9e de lecture estim\u00e9e\" \/>\n\t<meta name=\"twitter:data1\" content=\"2 minutes\" \/>\n<script type=\"application\/ld+json\" class=\"yoast-schema-graph\">{\"@context\":\"https:\\\/\\\/schema.org\",\"@graph\":[{\"@type\":\"WebPage\",\"@id\":\"https:\\\/\\\/www.meteorage.com\\\/fr\\\/espace-presse\\\/orages-fin-canicule-etude-cas-juin-2026\\\/\",\"url\":\"https:\\\/\\\/www.meteorage.com\\\/fr\\\/espace-presse\\\/orages-fin-canicule-etude-cas-juin-2026\\\/\",\"name\":\"Orages de fin de canicule : que s'est-il pass\u00e9 ?\",\"isPartOf\":{\"@id\":\"https:\\\/\\\/www.meteorage.com\\\/fr\\\/#website\"},\"primaryImageOfPage\":{\"@id\":\"https:\\\/\\\/www.meteorage.com\\\/fr\\\/espace-presse\\\/orages-fin-canicule-etude-cas-juin-2026\\\/#primaryimage\"},\"image\":{\"@id\":\"https:\\\/\\\/www.meteorage.com\\\/fr\\\/espace-presse\\\/orages-fin-canicule-etude-cas-juin-2026\\\/#primaryimage\"},\"thumbnailUrl\":\"https:\\\/\\\/www.meteorage.com\\\/wp-content\\\/uploads\\\/2026\\\/07\\\/Design-sans-titre-52.png\",\"datePublished\":\"2026-07-02T07:19:46+00:00\",\"dateModified\":\"2026-07-02T07:29:56+00:00\",\"description\":\"Le week-end des 27 et 28 juin 2026 a donn\u00e9 lieu \u00e0 l'un des \u00e9pisodes orageux les plus \u00e9lectriques de la saison. D\u00e9couvrez notre analyse m\u00e9t\u00e9orologique et les impacts observ\u00e9s sur les infrastructures, les transports, les \u00e9v\u00e9nements et les activit\u00e9s expos\u00e9es.\",\"breadcrumb\":{\"@id\":\"https:\\\/\\\/www.meteorage.com\\\/fr\\\/espace-presse\\\/orages-fin-canicule-etude-cas-juin-2026\\\/#breadcrumb\"},\"inLanguage\":\"fr-FR\",\"potentialAction\":[{\"@type\":\"ReadAction\",\"target\":[\"https:\\\/\\\/www.meteorage.com\\\/fr\\\/espace-presse\\\/orages-fin-canicule-etude-cas-juin-2026\\\/\"]}]},{\"@type\":\"ImageObject\",\"inLanguage\":\"fr-FR\",\"@id\":\"https:\\\/\\\/www.meteorage.com\\\/fr\\\/espace-presse\\\/orages-fin-canicule-etude-cas-juin-2026\\\/#primaryimage\",\"url\":\"https:\\\/\\\/www.meteorage.com\\\/wp-content\\\/uploads\\\/2026\\\/07\\\/Design-sans-titre-52.png\",\"contentUrl\":\"https:\\\/\\\/www.meteorage.com\\\/wp-content\\\/uploads\\\/2026\\\/07\\\/Design-sans-titre-52.png\",\"width\":2000,\"height\":2000},{\"@type\":\"BreadcrumbList\",\"@id\":\"https:\\\/\\\/www.meteorage.com\\\/fr\\\/espace-presse\\\/orages-fin-canicule-etude-cas-juin-2026\\\/#breadcrumb\",\"itemListElement\":[{\"@type\":\"ListItem\",\"position\":1,\"name\":\"Accueil\",\"item\":\"https:\\\/\\\/www.meteorage.com\\\/fr\\\/\"},{\"@type\":\"ListItem\",\"position\":2,\"name\":\"Orages de fin de canicule : comprendre l&#8217;un des \u00e9pisodes les plus \u00e9lectriques de la saison\"}]},{\"@type\":\"WebSite\",\"@id\":\"https:\\\/\\\/www.meteorage.com\\\/fr\\\/#website\",\"url\":\"https:\\\/\\\/www.meteorage.com\\\/fr\\\/\",\"name\":\"METEORAGE\",\"description\":\"\",\"publisher\":{\"@id\":\"https:\\\/\\\/www.meteorage.com\\\/fr\\\/#organization\"},\"potentialAction\":[{\"@type\":\"SearchAction\",\"target\":{\"@type\":\"EntryPoint\",\"urlTemplate\":\"https:\\\/\\\/www.meteorage.com\\\/fr\\\/?s={search_term_string}\"},\"query-input\":{\"@type\":\"PropertyValueSpecification\",\"valueRequired\":true,\"valueName\":\"search_term_string\"}}],\"inLanguage\":\"fr-FR\"},{\"@type\":\"Organization\",\"@id\":\"https:\\\/\\\/www.meteorage.com\\\/fr\\\/#organization\",\"name\":\"METEORAGE\",\"url\":\"https:\\\/\\\/www.meteorage.com\\\/fr\\\/\",\"logo\":{\"@type\":\"ImageObject\",\"inLanguage\":\"fr-FR\",\"@id\":\"https:\\\/\\\/www.meteorage.com\\\/fr\\\/#\\\/schema\\\/logo\\\/image\\\/\",\"url\":\"https:\\\/\\\/www.meteorage.com\\\/wp-content\\\/uploads\\\/2025\\\/10\\\/02.-Logo-METEORAGE-horizontal-blanc.png.webp\",\"contentUrl\":\"https:\\\/\\\/www.meteorage.com\\\/wp-content\\\/uploads\\\/2025\\\/10\\\/02.-Logo-METEORAGE-horizontal-blanc.png.webp\",\"width\":2445,\"height\":501,\"caption\":\"METEORAGE\"},\"image\":{\"@id\":\"https:\\\/\\\/www.meteorage.com\\\/fr\\\/#\\\/schema\\\/logo\\\/image\\\/\"}}]}<\/script>\n<!-- \/ Yoast SEO plugin. -->","yoast_head_json":{"title":"Orages de fin de canicule : que s'est-il pass\u00e9 ?","description":"Le week-end des 27 et 28 juin 2026 a donn\u00e9 lieu \u00e0 l'un des \u00e9pisodes orageux les plus \u00e9lectriques de la saison. D\u00e9couvrez notre analyse m\u00e9t\u00e9orologique et les impacts observ\u00e9s sur les infrastructures, les transports, les \u00e9v\u00e9nements et les activit\u00e9s expos\u00e9es.","robots":{"index":"index","follow":"follow","max-snippet":"max-snippet:-1","max-image-preview":"max-image-preview:large","max-video-preview":"max-video-preview:-1"},"canonical":"https:\/\/www.meteorage.com\/fr\/espace-presse\/orages-fin-canicule-etude-cas-juin-2026\/","og_locale":"fr_FR","og_type":"article","og_title":"Orages de fin de canicule : que s'est-il pass\u00e9 ?","og_description":"Le week-end des 27 et 28 juin 2026 a donn\u00e9 lieu \u00e0 l'un des \u00e9pisodes orageux les plus \u00e9lectriques de la saison. D\u00e9couvrez notre analyse m\u00e9t\u00e9orologique et les impacts observ\u00e9s sur les infrastructures, les transports, les \u00e9v\u00e9nements et les activit\u00e9s expos\u00e9es.","og_url":"https:\/\/www.meteorage.com\/fr\/espace-presse\/orages-fin-canicule-etude-cas-juin-2026\/","og_site_name":"METEORAGE","article_modified_time":"2026-07-02T07:29:56+00:00","og_image":[{"width":2000,"height":2000,"url":"https:\/\/www.meteorage.com\/wp-content\/uploads\/2026\/07\/Design-sans-titre-52.png","type":"image\/png"}],"twitter_card":"summary_large_image","twitter_misc":{"Dur\u00e9e de lecture estim\u00e9e":"2 minutes"},"schema":{"@context":"https:\/\/schema.org","@graph":[{"@type":"WebPage","@id":"https:\/\/www.meteorage.com\/fr\/espace-presse\/orages-fin-canicule-etude-cas-juin-2026\/","url":"https:\/\/www.meteorage.com\/fr\/espace-presse\/orages-fin-canicule-etude-cas-juin-2026\/","name":"Orages de fin de canicule : que s'est-il pass\u00e9 ?","isPartOf":{"@id":"https:\/\/www.meteorage.com\/fr\/#website"},"primaryImageOfPage":{"@id":"https:\/\/www.meteorage.com\/fr\/espace-presse\/orages-fin-canicule-etude-cas-juin-2026\/#primaryimage"},"image":{"@id":"https:\/\/www.meteorage.com\/fr\/espace-presse\/orages-fin-canicule-etude-cas-juin-2026\/#primaryimage"},"thumbnailUrl":"https:\/\/www.meteorage.com\/wp-content\/uploads\/2026\/07\/Design-sans-titre-52.png","datePublished":"2026-07-02T07:19:46+00:00","dateModified":"2026-07-02T07:29:56+00:00","description":"Le week-end des 27 et 28 juin 2026 a donn\u00e9 lieu \u00e0 l'un des \u00e9pisodes orageux les plus \u00e9lectriques de la saison. D\u00e9couvrez notre analyse m\u00e9t\u00e9orologique et les impacts observ\u00e9s sur les infrastructures, les transports, les \u00e9v\u00e9nements et les activit\u00e9s expos\u00e9es.","breadcrumb":{"@id":"https:\/\/www.meteorage.com\/fr\/espace-presse\/orages-fin-canicule-etude-cas-juin-2026\/#breadcrumb"},"inLanguage":"fr-FR","potentialAction":[{"@type":"ReadAction","target":["https:\/\/www.meteorage.com\/fr\/espace-presse\/orages-fin-canicule-etude-cas-juin-2026\/"]}]},{"@type":"ImageObject","inLanguage":"fr-FR","@id":"https:\/\/www.meteorage.com\/fr\/espace-presse\/orages-fin-canicule-etude-cas-juin-2026\/#primaryimage","url":"https:\/\/www.meteorage.com\/wp-content\/uploads\/2026\/07\/Design-sans-titre-52.png","contentUrl":"https:\/\/www.meteorage.com\/wp-content\/uploads\/2026\/07\/Design-sans-titre-52.png","width":2000,"height":2000},{"@type":"BreadcrumbList","@id":"https:\/\/www.meteorage.com\/fr\/espace-presse\/orages-fin-canicule-etude-cas-juin-2026\/#breadcrumb","itemListElement":[{"@type":"ListItem","position":1,"name":"Accueil","item":"https:\/\/www.meteorage.com\/fr\/"},{"@type":"ListItem","position":2,"name":"Orages de fin de canicule : comprendre l&#8217;un des \u00e9pisodes les plus \u00e9lectriques de la saison"}]},{"@type":"WebSite","@id":"https:\/\/www.meteorage.com\/fr\/#website","url":"https:\/\/www.meteorage.com\/fr\/","name":"METEORAGE","description":"","publisher":{"@id":"https:\/\/www.meteorage.com\/fr\/#organization"},"potentialAction":[{"@type":"SearchAction","target":{"@type":"EntryPoint","urlTemplate":"https:\/\/www.meteorage.com\/fr\/?s={search_term_string}"},"query-input":{"@type":"PropertyValueSpecification","valueRequired":true,"valueName":"search_term_string"}}],"inLanguage":"fr-FR"},{"@type":"Organization","@id":"https:\/\/www.meteorage.com\/fr\/#organization","name":"METEORAGE","url":"https:\/\/www.meteorage.com\/fr\/","logo":{"@type":"ImageObject","inLanguage":"fr-FR","@id":"https:\/\/www.meteorage.com\/fr\/#\/schema\/logo\/image\/","url":"https:\/\/www.meteorage.com\/wp-content\/uploads\/2025\/10\/02.-Logo-METEORAGE-horizontal-blanc.png.webp","contentUrl":"https:\/\/www.meteorage.com\/wp-content\/uploads\/2025\/10\/02.-Logo-METEORAGE-horizontal-blanc.png.webp","width":2445,"height":501,"caption":"METEORAGE"},"image":{"@id":"https:\/\/www.meteorage.com\/fr\/#\/schema\/logo\/image\/"}}]}},"_links":{"self":[{"href":"https:\/\/www.meteorage.com\/fr\/wp-json\/wp\/v2\/presse\/52715","targetHints":{"allow":["GET"]}}],"collection":[{"href":"https:\/\/www.meteorage.com\/fr\/wp-json\/wp\/v2\/presse"}],"about":[{"href":"https:\/\/www.meteorage.com\/fr\/wp-json\/wp\/v2\/types\/presse"}],"version-history":[{"count":5,"href":"https:\/\/www.meteorage.com\/fr\/wp-json\/wp\/v2\/presse\/52715\/revisions"}],"predecessor-version":[{"id":52759,"href":"https:\/\/www.meteorage.com\/fr\/wp-json\/wp\/v2\/presse\/52715\/revisions\/52759"}],"wp:featuredmedia":[{"embeddable":true,"href":"https:\/\/www.meteorage.com\/fr\/wp-json\/wp\/v2\/media\/52718"}],"wp:attachment":[{"href":"https:\/\/www.meteorage.com\/fr\/wp-json\/wp\/v2\/media?parent=52715"}],"wp:term":[{"taxonomy":"press_sector","embeddable":true,"href":"https:\/\/www.meteorage.com\/fr\/wp-json\/wp\/v2\/press_sector?post=52715"}],"curies":[{"name":"wp","href":"https:\/\/api.w.org\/{rel}","templated":true}]}}