{"id":52716,"date":"2026-07-02T09:19:46","date_gmt":"2026-07-02T07:19:46","guid":{"rendered":"https:\/\/www.meteorage.com\/?post_type=presse&#038;p=52716"},"modified":"2026-07-02T09:38:23","modified_gmt":"2026-07-02T07:38:23","slug":"temporali-fine-ondata-calore-giugno-2026","status":"publish","type":"presse","link":"https:\/\/www.meteorage.com\/it\/area-stampa\/temporali-fine-ondata-calore-giugno-2026\/","title":{"rendered":"Temporali di fine ondata di calore: analisi di uno degli episodi pi\u00f9 elettrici della stagione"},"content":{"rendered":"\t\t<div data-elementor-type=\"wp-post\" data-elementor-id=\"52716\" class=\"elementor elementor-52716 elementor-52712\" data-elementor-post-type=\"presse\">\n\t\t\t\t<div class=\"elementor-element elementor-element-69e1f8da e-con-full e-flex e-con e-parent\" data-id=\"69e1f8da\" data-element_type=\"container\" data-e-type=\"container\">\n\t\t<div class=\"elementor-element elementor-element-5f8cf3d2 e-con-full banner-type-detail e-flex e-con e-child\" data-id=\"5f8cf3d2\" data-element_type=\"container\" data-e-type=\"container\" data-settings=\"{&quot;background_background&quot;:&quot;classic&quot;}\">\n\t\t\t\t<div class=\"elementor-element elementor-element-2cb9833a elementor-widget elementor-widget-spacer\" data-id=\"2cb9833a\" data-element_type=\"widget\" data-e-type=\"widget\" data-widget_type=\"spacer.default\">\n\t\t\t\t<div class=\"elementor-widget-container\">\n\t\t\t\t\t\t\t<div class=\"elementor-spacer\">\n\t\t\t<div class=\"elementor-spacer-inner\"><\/div>\n\t\t<\/div>\n\t\t\t\t\t\t<\/div>\n\t\t\t\t<\/div>\n\t\t<div class=\"elementor-element elementor-element-2e39887c banner-content e-flex e-con-boxed e-con e-child\" data-id=\"2e39887c\" data-element_type=\"container\" data-e-type=\"container\">\n\t\t\t\t\t<div class=\"e-con-inner\">\n\t\t\t\t<div class=\"elementor-element elementor-element-506ff8f elementor-widget elementor-widget-spacer\" data-id=\"506ff8f\" data-element_type=\"widget\" data-e-type=\"widget\" data-widget_type=\"spacer.default\">\n\t\t\t\t<div class=\"elementor-widget-container\">\n\t\t\t\t\t\t\t<div class=\"elementor-spacer\">\n\t\t\t<div class=\"elementor-spacer-inner\"><\/div>\n\t\t<\/div>\n\t\t\t\t\t\t<\/div>\n\t\t\t\t<\/div>\n\t\t\t\t<div class=\"elementor-element elementor-element-4b5c2d72 elementor-widget elementor-widget-heading\" data-id=\"4b5c2d72\" data-element_type=\"widget\" data-e-type=\"widget\" data-widget_type=\"heading.default\">\n\t\t\t\t<div class=\"elementor-widget-container\">\n\t\t\t\t\t<h1 class=\"elementor-heading-title elementor-size-default\">Temporali alla fine dell\u2019ondata di caldo: comprendere uno degli episodi pi\u00f9 elettrici della stagione<\/h1>\t\t\t\t<\/div>\n\t\t\t\t<\/div>\n\t\t\t\t<div class=\"elementor-element elementor-element-528f34ac elementor-widget__width-initial elementor-widget elementor-widget-text-editor\" data-id=\"528f34ac\" data-element_type=\"widget\" data-e-type=\"widget\" data-widget_type=\"text-editor.default\">\n\t\t\t\t<div class=\"elementor-widget-container\">\n\t\t\t\t\t\t\t\t\t<p><style>\na {<br \/>    text-decoration: none;<br \/>    color: #464feb;<br \/>}<br \/>tr th, tr td {<br \/>    border: 1px solid #e6e6e6;<br \/>}<br \/>tr th {<br \/>    background-color: #f5f5f5;<br \/>}<br \/><\/style><\/p><p><style>\na {\n    text-decoration: none;\n    color: #464feb;\n}\ntr th, tr td {\n    border: 1px solid #e6e6e6;\n}\ntr th {\n    background-color: #f5f5f5;\n}\n<\/style><\/p><div><p>Il fine settimana del <strong>27 e 28 giugno 2026<\/strong> ha lasciato il segno.<\/p><p>Un fulmine che colpisce la Torre Eiffel, immagini spettacolari diffuse sui media e cieli illuminati in diverse regioni dell\u2019Europa occidentale&#8230; Al di l\u00e0 dell\u2019aspetto spettacolare, questo episodio ha ricordato come un temporale possa influenzare contemporaneamente numerosi settori di attivit\u00e0.<\/p><p><strong>Che cosa \u00e8 realmente successo?<\/strong><\/p><\/div>\t\t\t\t\t\t\t\t<\/div>\n\t\t\t\t<\/div>\n\t\t\t\t<div class=\"elementor-element elementor-element-4fd2c95 elementor-align-center elementor-widget elementor-widget-ube-button\" data-id=\"4fd2c95\" data-element_type=\"widget\" data-e-type=\"widget\" data-widget_type=\"ube-button.default\">\n\t\t\t\t<div class=\"elementor-widget-container\">\n\t\t\t\t\t<a class=\"ube-btn btn btn-md btn- btn-link\" href=\"https:\/\/www.meteorage.com\/it\/area-stampa\/\" target=\"_blank\" id=\"return-link\">\n\t    <span class=\"ube-btn-text\">&lt; Torna alla Press Room<\/span>\n\t<\/a>\n\n\n\t\t\t\t<\/div>\n\t\t\t\t<\/div>\n\t\t\t\t<div class=\"elementor-element elementor-element-352450ff text-center elementor-widget elementor-widget-shortcode\" data-id=\"352450ff\" data-element_type=\"widget\" data-e-type=\"widget\" data-widget_type=\"shortcode.default\">\n\t\t\t\t<div class=\"elementor-widget-container\">\n\t\t\t\t\t\t\t<div class=\"elementor-shortcode\"><div class=\"press-date\"><i class=\"fa-regular fa-calendar\"><\/i>02 Luglio 2026<\/div><\/div>\n\t\t\t\t\t\t<\/div>\n\t\t\t\t<\/div>\n\t\t\t\t\t<\/div>\n\t\t\t\t<\/div>\n\t\t\t\t<\/div>\n\t\t\t\t<\/div>\n\t\t<div class=\"elementor-element elementor-element-5d61411 e-flex e-con-boxed e-con e-parent\" data-id=\"5d61411\" data-element_type=\"container\" data-e-type=\"container\">\n\t\t\t\t\t<div class=\"e-con-inner\">\n\t\t\t\t<div class=\"elementor-element elementor-element-dcbb1ac elementor-widget elementor-widget-text-editor\" data-id=\"dcbb1ac\" data-element_type=\"widget\" data-e-type=\"widget\" data-widget_type=\"text-editor.default\">\n\t\t\t\t<div class=\"elementor-widget-container\">\n\t\t\t\t\t\t\t\t\t<p><style>\na {<br \/>\n    text-decoration: none;<br \/>\n    color: #464feb;<br \/>\n}<br \/>\ntr th, tr td {<br \/>\n    border: 1px solid #e6e6e6;<br \/>\n}<br \/>\ntr th {<br \/>\n    background-color: #f5f5f5;<br \/>\n}<br \/>\n<\/style><\/p><div><p><style>\na {\n    text-decoration: none;\n    color: #464feb;\n}\ntr th, tr td {\n    border: 1px solid #e6e6e6;\n}\ntr th {\n    background-color: #f5f5f5;\n}\n<\/style><\/p><div><p>In <strong>Meteorage, societ\u00e0 controllata da M\u00e9t\u00e9o-France ed esperta europea nel rilevamento dei fulmini<\/strong>, abbiamo analizzato questo episodio insieme al nostro esperto meteorologico <strong>Joris Royet<\/strong> per comprendere meglio i meccanismi alla base di uno dei pi\u00f9 importanti episodi temporaleschi della stagione.<\/p><p>Il <strong>27 giugno 2026<\/strong>, la nostra rete ha rilevato <strong>147.950 flash<\/strong> tra Francia, Benelux e Germania occidentale in meno di 12 ore.<\/p><p>Nel corso dell&#8217;intero fine settimana abbiamo registrato <strong>quasi 1,9 milioni di flash<\/strong> e attivato <strong>3.618 allerte temporalesche<\/strong> per i nostri clienti in Europa occidentale.<\/p><p>Oltre alla notevole attivit\u00e0 elettrica, l&#8217;episodio ha avuto conseguenze in numerosi settori:<\/p><ul><li>reti elettriche,<\/li><li>trasporto ferroviario e aeroportuale,<\/li><li>eventi aperti al pubblico,<\/li><li>attivit\u00e0 all&#8217;aperto,<\/li><li>siti industriali e infrastrutture sensibili.<\/li><\/ul><p>Per le organizzazioni esposte al rischio temporalesco, la sfida consiste nell&#8217;avere una visione precisa dell&#8217;evoluzione del fenomeno per proteggere le persone limitando al contempo l&#8217;impatto sulle attivit\u00e0.<\/p><p>Quando interrompere le operazioni? Come proteggere persone e infrastrutture? Quando riprendere le attivit\u00e0 in sicurezza riducendo al minimo i tempi di fermo? E come documentare o giustificare eventuali danni dopo il passaggio del temporale?<\/p><p>Le allerte in tempo reale, gli strumenti di monitoraggio e i rapporti d&#8217;impatto consentono di supportare queste decisioni operative e di individuare rapidamente le aree interessate, ottimizzando controlli, manutenzione e ripristino delle attrezzature.<\/p><p><strong>Quali condizioni atmosferiche hanno portato a un livello di attivit\u00e0 elettrica cos\u00ec eccezionale?<\/strong><\/p><\/div><\/div>\t\t\t\t\t\t\t\t<\/div>\n\t\t\t\t<\/div>\n\t\t\t\t<div class=\"elementor-element elementor-element-08cf306 elementor-align-left elementor-widget elementor-widget-button\" data-id=\"08cf306\" data-element_type=\"widget\" data-e-type=\"widget\" data-widget_type=\"button.default\">\n\t\t\t\t<div class=\"elementor-widget-container\">\n\t\t\t\t\t\t\t\t\t<div class=\"elementor-button-wrapper\">\n\t\t\t\t\t<a class=\"elementor-button elementor-button-link elementor-size-lg\" href=\"https:\/\/www.meteorage.com\/wp-content\/uploads\/2026\/07\/PR-Meteorage-Heatwave-breaking-thunderstorms-July-1-2026-EN.pdf\" target=\"_blank\">\n\t\t\t\t\t\t<span class=\"elementor-button-content-wrapper\">\n\t\t\t\t\t\t\t\t\t<span class=\"elementor-button-text\">Leggi il comunicato stampa in inglese<\/span>\n\t\t\t\t\t<\/span>\n\t\t\t\t\t<\/a>\n\t\t\t\t<\/div>\n\t\t\t\t\t\t\t\t<\/div>\n\t\t\t\t<\/div>\n\t\t\t\t\t<\/div>\n\t\t\t\t<\/div>\n\t\t\t\t<\/div>\n\t\t","protected":false},"excerpt":{"rendered":"<p>Il 27 giugno 2026 sono stati rilevati quasi 150.000 fulmini tra Francia, Benelux e Germania occidentale in meno di 12 ore. Scoprite l\u2019analisi dei nostri esperti su questo eccezionale episodio temporalesco.<\/p>\n","protected":false},"featured_media":52721,"template":"","press_sector":[380],"class_list":["post-52716","presse","type-presse","status-publish","has-post-thumbnail","hentry","press_sector-meteorologici"],"acf":[],"yoast_head":"<!-- This site is optimized with the Yoast SEO plugin v28.4 - https:\/\/yoast.com\/product\/yoast-seo-wordpress\/ -->\n<title>Temporali dopo l&#039;ondata di caldo: cosa \u00e8 successo?<\/title>\n<meta name=\"description\" content=\"L&#039;analisi Meteorage di uno dei pi\u00f9 importanti episodi temporaleschi della stagione e dei suoi impatti operativi.\" \/>\n<meta name=\"robots\" content=\"index, follow, max-snippet:-1, max-image-preview:large, max-video-preview:-1\" \/>\n<link rel=\"canonical\" href=\"https:\/\/www.meteorage.com\/it\/area-stampa\/temporali-fine-ondata-calore-giugno-2026\/\" \/>\n<meta property=\"og:locale\" content=\"it_IT\" \/>\n<meta property=\"og:type\" content=\"article\" \/>\n<meta property=\"og:title\" content=\"Temporali dopo l&#039;ondata di caldo: cosa \u00e8 successo?\" \/>\n<meta property=\"og:description\" content=\"L&#039;analisi Meteorage di uno dei pi\u00f9 importanti episodi temporaleschi della stagione e dei suoi impatti operativi.\" \/>\n<meta property=\"og:url\" content=\"https:\/\/www.meteorage.com\/it\/area-stampa\/temporali-fine-ondata-calore-giugno-2026\/\" \/>\n<meta property=\"og:site_name\" content=\"METEORAGE\" \/>\n<meta property=\"article:modified_time\" content=\"2026-07-02T07:38:23+00:00\" \/>\n<meta property=\"og:image\" content=\"https:\/\/www.meteorage.com\/wp-content\/uploads\/2026\/07\/Design-sans-titre-52.png\" \/>\n\t<meta property=\"og:image:width\" content=\"2000\" \/>\n\t<meta property=\"og:image:height\" content=\"2000\" \/>\n\t<meta property=\"og:image:type\" content=\"image\/png\" \/>\n<meta name=\"twitter:card\" content=\"summary_large_image\" \/>\n<meta name=\"twitter:label1\" content=\"Tempo di lettura stimato\" \/>\n\t<meta name=\"twitter:data1\" content=\"2 minuti\" \/>\n<script type=\"application\/ld+json\" class=\"yoast-schema-graph\">{\"@context\":\"https:\\\/\\\/schema.org\",\"@graph\":[{\"@type\":\"WebPage\",\"@id\":\"https:\\\/\\\/www.meteorage.com\\\/it\\\/area-stampa\\\/temporali-fine-ondata-calore-giugno-2026\\\/\",\"url\":\"https:\\\/\\\/www.meteorage.com\\\/it\\\/area-stampa\\\/temporali-fine-ondata-calore-giugno-2026\\\/\",\"name\":\"Temporali dopo l'ondata di caldo: cosa \u00e8 successo?\",\"isPartOf\":{\"@id\":\"https:\\\/\\\/www.meteorage.com\\\/it\\\/#website\"},\"primaryImageOfPage\":{\"@id\":\"https:\\\/\\\/www.meteorage.com\\\/it\\\/area-stampa\\\/temporali-fine-ondata-calore-giugno-2026\\\/#primaryimage\"},\"image\":{\"@id\":\"https:\\\/\\\/www.meteorage.com\\\/it\\\/area-stampa\\\/temporali-fine-ondata-calore-giugno-2026\\\/#primaryimage\"},\"thumbnailUrl\":\"https:\\\/\\\/www.meteorage.com\\\/wp-content\\\/uploads\\\/2026\\\/07\\\/Design-sans-titre-52.png\",\"datePublished\":\"2026-07-02T07:19:46+00:00\",\"dateModified\":\"2026-07-02T07:38:23+00:00\",\"description\":\"L'analisi Meteorage di uno dei pi\u00f9 importanti episodi temporaleschi della stagione e dei suoi impatti operativi.\",\"breadcrumb\":{\"@id\":\"https:\\\/\\\/www.meteorage.com\\\/it\\\/area-stampa\\\/temporali-fine-ondata-calore-giugno-2026\\\/#breadcrumb\"},\"inLanguage\":\"it-IT\",\"potentialAction\":[{\"@type\":\"ReadAction\",\"target\":[\"https:\\\/\\\/www.meteorage.com\\\/it\\\/area-stampa\\\/temporali-fine-ondata-calore-giugno-2026\\\/\"]}]},{\"@type\":\"ImageObject\",\"inLanguage\":\"it-IT\",\"@id\":\"https:\\\/\\\/www.meteorage.com\\\/it\\\/area-stampa\\\/temporali-fine-ondata-calore-giugno-2026\\\/#primaryimage\",\"url\":\"https:\\\/\\\/www.meteorage.com\\\/wp-content\\\/uploads\\\/2026\\\/07\\\/Design-sans-titre-52.png\",\"contentUrl\":\"https:\\\/\\\/www.meteorage.com\\\/wp-content\\\/uploads\\\/2026\\\/07\\\/Design-sans-titre-52.png\",\"width\":2000,\"height\":2000},{\"@type\":\"BreadcrumbList\",\"@id\":\"https:\\\/\\\/www.meteorage.com\\\/it\\\/area-stampa\\\/temporali-fine-ondata-calore-giugno-2026\\\/#breadcrumb\",\"itemListElement\":[{\"@type\":\"ListItem\",\"position\":1,\"name\":\"Accueil\",\"item\":\"https:\\\/\\\/www.meteorage.com\\\/it\\\/\"},{\"@type\":\"ListItem\",\"position\":2,\"name\":\"Temporali di fine ondata di calore: analisi di uno degli episodi pi\u00f9 elettrici della stagione\"}]},{\"@type\":\"WebSite\",\"@id\":\"https:\\\/\\\/www.meteorage.com\\\/it\\\/#website\",\"url\":\"https:\\\/\\\/www.meteorage.com\\\/it\\\/\",\"name\":\"METEORAGE\",\"description\":\"\",\"publisher\":{\"@id\":\"https:\\\/\\\/www.meteorage.com\\\/it\\\/#organization\"},\"potentialAction\":[{\"@type\":\"SearchAction\",\"target\":{\"@type\":\"EntryPoint\",\"urlTemplate\":\"https:\\\/\\\/www.meteorage.com\\\/it\\\/?s={search_term_string}\"},\"query-input\":{\"@type\":\"PropertyValueSpecification\",\"valueRequired\":true,\"valueName\":\"search_term_string\"}}],\"inLanguage\":\"it-IT\"},{\"@type\":\"Organization\",\"@id\":\"https:\\\/\\\/www.meteorage.com\\\/it\\\/#organization\",\"name\":\"METEORAGE\",\"url\":\"https:\\\/\\\/www.meteorage.com\\\/it\\\/\",\"logo\":{\"@type\":\"ImageObject\",\"inLanguage\":\"it-IT\",\"@id\":\"https:\\\/\\\/www.meteorage.com\\\/it\\\/#\\\/schema\\\/logo\\\/image\\\/\",\"url\":\"https:\\\/\\\/www.meteorage.com\\\/wp-content\\\/uploads\\\/2025\\\/10\\\/02.-Logo-METEORAGE-horizontal-blanc.png.webp\",\"contentUrl\":\"https:\\\/\\\/www.meteorage.com\\\/wp-content\\\/uploads\\\/2025\\\/10\\\/02.-Logo-METEORAGE-horizontal-blanc.png.webp\",\"width\":2445,\"height\":501,\"caption\":\"METEORAGE\"},\"image\":{\"@id\":\"https:\\\/\\\/www.meteorage.com\\\/it\\\/#\\\/schema\\\/logo\\\/image\\\/\"}}]}<\/script>\n<!-- \/ Yoast SEO plugin. -->","yoast_head_json":{"title":"Temporali dopo l'ondata di caldo: cosa \u00e8 successo?","description":"L'analisi Meteorage di uno dei pi\u00f9 importanti episodi temporaleschi della stagione e dei suoi impatti operativi.","robots":{"index":"index","follow":"follow","max-snippet":"max-snippet:-1","max-image-preview":"max-image-preview:large","max-video-preview":"max-video-preview:-1"},"canonical":"https:\/\/www.meteorage.com\/it\/area-stampa\/temporali-fine-ondata-calore-giugno-2026\/","og_locale":"it_IT","og_type":"article","og_title":"Temporali dopo l'ondata di caldo: cosa \u00e8 successo?","og_description":"L'analisi Meteorage di uno dei pi\u00f9 importanti episodi temporaleschi della stagione e dei suoi impatti operativi.","og_url":"https:\/\/www.meteorage.com\/it\/area-stampa\/temporali-fine-ondata-calore-giugno-2026\/","og_site_name":"METEORAGE","article_modified_time":"2026-07-02T07:38:23+00:00","og_image":[{"width":2000,"height":2000,"url":"https:\/\/www.meteorage.com\/wp-content\/uploads\/2026\/07\/Design-sans-titre-52.png","type":"image\/png"}],"twitter_card":"summary_large_image","twitter_misc":{"Tempo di lettura stimato":"2 minuti"},"schema":{"@context":"https:\/\/schema.org","@graph":[{"@type":"WebPage","@id":"https:\/\/www.meteorage.com\/it\/area-stampa\/temporali-fine-ondata-calore-giugno-2026\/","url":"https:\/\/www.meteorage.com\/it\/area-stampa\/temporali-fine-ondata-calore-giugno-2026\/","name":"Temporali dopo l'ondata di caldo: cosa \u00e8 successo?","isPartOf":{"@id":"https:\/\/www.meteorage.com\/it\/#website"},"primaryImageOfPage":{"@id":"https:\/\/www.meteorage.com\/it\/area-stampa\/temporali-fine-ondata-calore-giugno-2026\/#primaryimage"},"image":{"@id":"https:\/\/www.meteorage.com\/it\/area-stampa\/temporali-fine-ondata-calore-giugno-2026\/#primaryimage"},"thumbnailUrl":"https:\/\/www.meteorage.com\/wp-content\/uploads\/2026\/07\/Design-sans-titre-52.png","datePublished":"2026-07-02T07:19:46+00:00","dateModified":"2026-07-02T07:38:23+00:00","description":"L'analisi Meteorage di uno dei pi\u00f9 importanti episodi temporaleschi della stagione e dei suoi impatti operativi.","breadcrumb":{"@id":"https:\/\/www.meteorage.com\/it\/area-stampa\/temporali-fine-ondata-calore-giugno-2026\/#breadcrumb"},"inLanguage":"it-IT","potentialAction":[{"@type":"ReadAction","target":["https:\/\/www.meteorage.com\/it\/area-stampa\/temporali-fine-ondata-calore-giugno-2026\/"]}]},{"@type":"ImageObject","inLanguage":"it-IT","@id":"https:\/\/www.meteorage.com\/it\/area-stampa\/temporali-fine-ondata-calore-giugno-2026\/#primaryimage","url":"https:\/\/www.meteorage.com\/wp-content\/uploads\/2026\/07\/Design-sans-titre-52.png","contentUrl":"https:\/\/www.meteorage.com\/wp-content\/uploads\/2026\/07\/Design-sans-titre-52.png","width":2000,"height":2000},{"@type":"BreadcrumbList","@id":"https:\/\/www.meteorage.com\/it\/area-stampa\/temporali-fine-ondata-calore-giugno-2026\/#breadcrumb","itemListElement":[{"@type":"ListItem","position":1,"name":"Accueil","item":"https:\/\/www.meteorage.com\/it\/"},{"@type":"ListItem","position":2,"name":"Temporali di fine ondata di calore: analisi di uno degli episodi pi\u00f9 elettrici della stagione"}]},{"@type":"WebSite","@id":"https:\/\/www.meteorage.com\/it\/#website","url":"https:\/\/www.meteorage.com\/it\/","name":"METEORAGE","description":"","publisher":{"@id":"https:\/\/www.meteorage.com\/it\/#organization"},"potentialAction":[{"@type":"SearchAction","target":{"@type":"EntryPoint","urlTemplate":"https:\/\/www.meteorage.com\/it\/?s={search_term_string}"},"query-input":{"@type":"PropertyValueSpecification","valueRequired":true,"valueName":"search_term_string"}}],"inLanguage":"it-IT"},{"@type":"Organization","@id":"https:\/\/www.meteorage.com\/it\/#organization","name":"METEORAGE","url":"https:\/\/www.meteorage.com\/it\/","logo":{"@type":"ImageObject","inLanguage":"it-IT","@id":"https:\/\/www.meteorage.com\/it\/#\/schema\/logo\/image\/","url":"https:\/\/www.meteorage.com\/wp-content\/uploads\/2025\/10\/02.-Logo-METEORAGE-horizontal-blanc.png.webp","contentUrl":"https:\/\/www.meteorage.com\/wp-content\/uploads\/2025\/10\/02.-Logo-METEORAGE-horizontal-blanc.png.webp","width":2445,"height":501,"caption":"METEORAGE"},"image":{"@id":"https:\/\/www.meteorage.com\/it\/#\/schema\/logo\/image\/"}}]}},"_links":{"self":[{"href":"https:\/\/www.meteorage.com\/it\/wp-json\/wp\/v2\/presse\/52716","targetHints":{"allow":["GET"]}}],"collection":[{"href":"https:\/\/www.meteorage.com\/it\/wp-json\/wp\/v2\/presse"}],"about":[{"href":"https:\/\/www.meteorage.com\/it\/wp-json\/wp\/v2\/types\/presse"}],"version-history":[{"count":5,"href":"https:\/\/www.meteorage.com\/it\/wp-json\/wp\/v2\/presse\/52716\/revisions"}],"predecessor-version":[{"id":52784,"href":"https:\/\/www.meteorage.com\/it\/wp-json\/wp\/v2\/presse\/52716\/revisions\/52784"}],"wp:featuredmedia":[{"embeddable":true,"href":"https:\/\/www.meteorage.com\/it\/wp-json\/wp\/v2\/media\/52721"}],"wp:attachment":[{"href":"https:\/\/www.meteorage.com\/it\/wp-json\/wp\/v2\/media?parent=52716"}],"wp:term":[{"taxonomy":"press_sector","embeddable":true,"href":"https:\/\/www.meteorage.com\/it\/wp-json\/wp\/v2\/press_sector?post=52716"}],"curies":[{"name":"wp","href":"https:\/\/api.w.org\/{rel}","templated":true}]}}