{"id":52007,"date":"2026-04-10T11:28:00","date_gmt":"2026-04-10T09:28:00","guid":{"rendered":"https:\/\/www.meteorage.com\/?post_type=blog&#038;p=52007"},"modified":"2026-04-13T09:38:49","modified_gmt":"2026-04-13T07:38:49","slug":"alberto-garutti-obras-que-vivem-ao-ritmo-das-tempestades","status":"publish","type":"blog","link":"https:\/\/www.meteorage.com\/pt-pt\/meteorage-em-direto\/alberto-garutti-obras-que-vivem-ao-ritmo-das-tempestades\/","title":{"rendered":"Alberto Garutti: obras que vivem ao ritmo das tempestades"},"content":{"rendered":"\t\t<div data-elementor-type=\"wp-post\" data-elementor-id=\"52007\" class=\"elementor elementor-52007 elementor-51784\" data-elementor-post-type=\"blog\">\n\t\t\t\t<div class=\"elementor-element elementor-element-78eb3e98 e-con-full e-flex e-con e-parent\" data-id=\"78eb3e98\" data-element_type=\"container\" data-e-type=\"container\">\n\t\t<div class=\"elementor-element elementor-element-7eb53fa0 e-con-full banner-type-detail e-flex e-con e-child\" data-id=\"7eb53fa0\" data-element_type=\"container\" data-e-type=\"container\" data-settings=\"{&quot;background_background&quot;:&quot;classic&quot;}\">\n\t\t\t\t<div class=\"elementor-element elementor-element-6fcd5945 elementor-widget elementor-widget-spacer\" data-id=\"6fcd5945\" data-element_type=\"widget\" data-e-type=\"widget\" data-widget_type=\"spacer.default\">\n\t\t\t\t<div class=\"elementor-widget-container\">\n\t\t\t\t\t\t\t<div class=\"elementor-spacer\">\n\t\t\t<div class=\"elementor-spacer-inner\"><\/div>\n\t\t<\/div>\n\t\t\t\t\t\t<\/div>\n\t\t\t\t<\/div>\n\t\t\t\t<div class=\"elementor-element elementor-element-48ffb60e elementor-widget elementor-widget-spacer\" data-id=\"48ffb60e\" data-element_type=\"widget\" data-e-type=\"widget\" data-widget_type=\"spacer.default\">\n\t\t\t\t<div class=\"elementor-widget-container\">\n\t\t\t\t\t\t\t<div class=\"elementor-spacer\">\n\t\t\t<div class=\"elementor-spacer-inner\"><\/div>\n\t\t<\/div>\n\t\t\t\t\t\t<\/div>\n\t\t\t\t<\/div>\n\t\t<div class=\"elementor-element elementor-element-4880c55d banner-content e-flex e-con-boxed e-con e-child\" data-id=\"4880c55d\" data-element_type=\"container\" data-e-type=\"container\">\n\t\t\t\t\t<div class=\"e-con-inner\">\n\t\t\t\t<div class=\"elementor-element elementor-element-39c34e16 elementor-widget elementor-widget-heading\" data-id=\"39c34e16\" data-element_type=\"widget\" data-e-type=\"widget\" data-widget_type=\"heading.default\">\n\t\t\t\t<div class=\"elementor-widget-container\">\n\t\t\t\t\t<h1 class=\"elementor-heading-title elementor-size-default\">Alberto Garutti <\/br> obras que vivem ao ritmo das tempestades<\/h1>\t\t\t\t<\/div>\n\t\t\t\t<\/div>\n\t\t\t\t<div class=\"elementor-element elementor-element-7e57ddd5 elementor-widget__width-initial elementor-widget elementor-widget-text-editor\" data-id=\"7e57ddd5\" data-element_type=\"widget\" data-e-type=\"widget\" data-widget_type=\"text-editor.default\">\n\t\t\t\t<div class=\"elementor-widget-container\">\n\t\t\t\t\t\t\t\t\t<p>Cada vez que um raio \u00e9 detetado em It\u00e1lia, as instala\u00e7\u00f5es do Studio Alberto Garutti iluminam-se instantaneamente. Estes projetos, permanentes ou tempor\u00e1rios, transformam este fen\u00f3meno natural numa experi\u00eancia visual entre arte e ci\u00eancia.<\/p>\t\t\t\t\t\t\t\t<\/div>\n\t\t\t\t<\/div>\n\t\t\t\t<div class=\"elementor-element elementor-element-25961dab elementor-align-center elementor-widget elementor-widget-ube-button\" data-id=\"25961dab\" data-element_type=\"widget\" data-e-type=\"widget\" data-widget_type=\"ube-button.default\">\n\t\t\t\t<div class=\"elementor-widget-container\">\n\t\t\t\t\t<a class=\"ube-btn btn btn-md btn- btn-link\" href=\"https:\/\/www.meteorage.com\/fr\/meteorage-en-direct\/\">\n\t    <span class=\"ube-btn-text\">&lt; retour<\/span>\n\t<\/a>\n\n\n\t\t\t\t<\/div>\n\t\t\t\t<\/div>\n\t\t\t\t\t<\/div>\n\t\t\t\t<\/div>\n\t\t\t\t<\/div>\n\t\t\t\t<\/div>\n\t\t<div class=\"elementor-element elementor-element-3cfdee15 e-con-full e-flex e-con e-parent\" data-id=\"3cfdee15\" data-element_type=\"container\" data-e-type=\"container\" data-settings=\"{&quot;background_background&quot;:&quot;gradient&quot;}\">\n\t\t<div class=\"elementor-element elementor-element-2072991 e-con-full e-flex e-con e-child\" data-id=\"2072991\" data-element_type=\"container\" data-e-type=\"container\">\n\t\t\t\t<div class=\"elementor-element elementor-element-631356ab elementor-invisible elementor-widget elementor-widget-image\" data-id=\"631356ab\" data-element_type=\"widget\" data-e-type=\"widget\" data-settings=\"{&quot;motion_fx_motion_fx_scrolling&quot;:&quot;yes&quot;,&quot;motion_fx_translateY_effect&quot;:&quot;yes&quot;,&quot;motion_fx_translateY_direction&quot;:&quot;negative&quot;,&quot;motion_fx_translateY_speed&quot;:{&quot;unit&quot;:&quot;px&quot;,&quot;size&quot;:1.5,&quot;sizes&quot;:[]},&quot;_animation&quot;:&quot;slideInLeft&quot;,&quot;motion_fx_translateY_affectedRange&quot;:{&quot;unit&quot;:&quot;%&quot;,&quot;size&quot;:&quot;&quot;,&quot;sizes&quot;:{&quot;start&quot;:0,&quot;end&quot;:100}},&quot;motion_fx_devices&quot;:[&quot;desktop&quot;,&quot;tablet_extra&quot;,&quot;tablet&quot;,&quot;mobile&quot;]}\" data-widget_type=\"image.default\">\n\t\t\t\t<div class=\"elementor-widget-container\">\n\t\t\t\t\t\t\t\t\t\t\t\t\t\t\t<img fetchpriority=\"high\" decoding=\"async\" width=\"1024\" height=\"1024\" src=\"https:\/\/www.meteorage.com\/wp-content\/uploads\/2026\/04\/Alberto-Garutti-Temporali-2015-2-1024x1024.jpg\" class=\"attachment-large size-large wp-image-51921\" alt=\"\" srcset=\"https:\/\/www.meteorage.com\/wp-content\/uploads\/2026\/04\/Alberto-Garutti-Temporali-2015-2-1024x1024.jpg 1024w, https:\/\/www.meteorage.com\/wp-content\/uploads\/2026\/04\/Alberto-Garutti-Temporali-2015-2-300x300.jpg 300w, https:\/\/www.meteorage.com\/wp-content\/uploads\/2026\/04\/Alberto-Garutti-Temporali-2015-2-150x150.jpg 150w, https:\/\/www.meteorage.com\/wp-content\/uploads\/2026\/04\/Alberto-Garutti-Temporali-2015-2-768x768.jpg 768w, https:\/\/www.meteorage.com\/wp-content\/uploads\/2026\/04\/Alberto-Garutti-Temporali-2015-2-1536x1536.jpg 1536w, https:\/\/www.meteorage.com\/wp-content\/uploads\/2026\/04\/Alberto-Garutti-Temporali-2015-2-543x543.jpg 543w, https:\/\/www.meteorage.com\/wp-content\/uploads\/2026\/04\/Alberto-Garutti-Temporali-2015-2.jpg 1654w\" sizes=\"(max-width: 1024px) 100vw, 1024px\" \/>\t\t\t\t\t\t\t\t\t\t\t\t\t\t\t<\/div>\n\t\t\t\t<\/div>\n\t\t\t\t<\/div>\n\t\t<div class=\"elementor-element elementor-element-2e59b9b7 e-con-full e-flex e-con e-child\" data-id=\"2e59b9b7\" data-element_type=\"container\" data-e-type=\"container\">\n\t\t<div class=\"elementor-element elementor-element-2ab4a6d0 e-flex e-con-boxed e-con e-child\" data-id=\"2ab4a6d0\" data-element_type=\"container\" data-e-type=\"container\">\n\t\t\t\t\t<div class=\"e-con-inner\">\n\t\t\t\t<div class=\"elementor-element elementor-element-66aa0a78 animated-slow elementor-invisible elementor-widget elementor-widget-heading\" data-id=\"66aa0a78\" data-element_type=\"widget\" data-e-type=\"widget\" data-settings=\"{&quot;_animation&quot;:&quot;fadeIn&quot;}\" data-widget_type=\"heading.default\">\n\t\t\t\t<div class=\"elementor-widget-container\">\n\t\t\t\t\t<h1 class=\"elementor-heading-title elementor-size-default\">Quando o raio se torna luz<\/h1>\t\t\t\t<\/div>\n\t\t\t\t<\/div>\n\t\t\t\t<div class=\"elementor-element elementor-element-6a07f8db elementor-invisible elementor-widget elementor-widget-text-editor\" data-id=\"6a07f8db\" data-element_type=\"widget\" data-e-type=\"widget\" data-settings=\"{&quot;_animation&quot;:&quot;fadeIn&quot;,&quot;_animation_delay&quot;:200}\" data-widget_type=\"text-editor.default\">\n\t\t\t\t<div class=\"elementor-widget-container\">\n\t\t\t\t\t\t\t\t\t<p data-start=\"491\" data-end=\"794\">H\u00e1 v\u00e1rios anos que colaboramos com o <a href=\"https:\/\/www.albertogarutti.it\/\">Studio Alberto Garutti<\/a>. O artista italiano, falecido em 2023, concebeu uma s\u00e9rie de obras ligadas \u00e0 dete\u00e7\u00e3o de raios em tempo real. Ligadas \u00e0 nossa rede de sensores, estas instala\u00e7\u00f5es iluminam-se instantaneamente sempre que \u00e9 detetado um raio em territ\u00f3rio italiano.<\/p><p data-start=\"796\" data-end=\"875\">Obras permanentes ou tempor\u00e1rias, hoje vis\u00edveis em It\u00e1lia e internacionalmente.<\/p><p data-start=\"877\" data-end=\"999\">Oferecem outra forma de percecionar as tempestades: j\u00e1 n\u00e3o como um fen\u00f3meno distante, mas como um sinal vivo e partilhado.<\/p><p data-start=\"1001\" data-end=\"1132\">Um di\u00e1logo subtil entre fen\u00f3meno natural e perce\u00e7\u00e3o humana, ao qual nos orgulhamos de contribuir com os nossos dados em tempo real.<\/p>\t\t\t\t\t\t\t\t<\/div>\n\t\t\t\t<\/div>\n\t\t\t\t<div class=\"elementor-element elementor-element-6ce198d0 elementor-mobile-align-justify animated-fast elementor-invisible elementor-widget elementor-widget-button\" data-id=\"6ce198d0\" data-element_type=\"widget\" data-e-type=\"widget\" data-settings=\"{&quot;_animation&quot;:&quot;fadeIn&quot;,&quot;_animation_delay&quot;:400}\" data-widget_type=\"button.default\">\n\t\t\t\t<div class=\"elementor-widget-container\">\n\t\t\t\t\t\t\t\t\t<div class=\"elementor-button-wrapper\">\n\t\t\t\t\t<a class=\"elementor-button elementor-button-link elementor-size-sm elementor-animation-float\" href=\"https:\/\/www.albertogarutti.it\/\">\n\t\t\t\t\t\t<span class=\"elementor-button-content-wrapper\">\n\t\t\t\t\t\t\t\t\t<span class=\"elementor-button-text\">Saber mais<\/span>\n\t\t\t\t\t<\/span>\n\t\t\t\t\t<\/a>\n\t\t\t\t<\/div>\n\t\t\t\t\t\t\t\t<\/div>\n\t\t\t\t<\/div>\n\t\t\t\t\t<\/div>\n\t\t\t\t<\/div>\n\t\t\t\t<\/div>\n\t\t\t\t<\/div>\n\t\t<div class=\"elementor-element elementor-element-5d57ea5d e-flex e-con-boxed e-con e-parent\" data-id=\"5d57ea5d\" data-element_type=\"container\" data-e-type=\"container\">\n\t\t\t\t\t<div class=\"e-con-inner\">\n\t\t\t\t<div class=\"elementor-element elementor-element-2b08434a elementor-widget elementor-widget-heading\" data-id=\"2b08434a\" data-element_type=\"widget\" data-e-type=\"widget\" data-widget_type=\"heading.default\">\n\t\t\t\t<div class=\"elementor-widget-container\">\n\t\t\t\t\t<h4 class=\"elementor-heading-title elementor-size-default\">As exposi\u00e7\u00f5es<\/h4>\t\t\t\t<\/div>\n\t\t\t\t<\/div>\n\t\t\t\t<div class=\"elementor-element elementor-element-6ead2a62 animated-slow elementor-invisible elementor-widget elementor-widget-heading\" data-id=\"6ead2a62\" data-element_type=\"widget\" data-e-type=\"widget\" data-settings=\"{&quot;_animation&quot;:&quot;fadeIn&quot;}\" data-widget_type=\"heading.default\">\n\t\t\t\t<div class=\"elementor-widget-container\">\n\t\t\t\t\t<h2 class=\"elementor-heading-title elementor-size-default\">Studio Alberto Garutti<\/h2>\t\t\t\t<\/div>\n\t\t\t\t<\/div>\n\t\t\t\t\t<\/div>\n\t\t\t\t<\/div>\n\t\t<div class=\"elementor-element elementor-element-5eb531f3 e-con-full e-flex e-con e-parent\" data-id=\"5eb531f3\" data-element_type=\"container\" data-e-type=\"container\" data-settings=\"{&quot;background_background&quot;:&quot;gradient&quot;}\">\n\t\t<div class=\"elementor-element elementor-element-ff4a7dd e-con-full e-flex e-con e-child\" data-id=\"ff4a7dd\" data-element_type=\"container\" data-e-type=\"container\">\n\t\t<div class=\"elementor-element elementor-element-56addca6 e-flex e-con-boxed e-con e-child\" data-id=\"56addca6\" data-element_type=\"container\" data-e-type=\"container\">\n\t\t\t\t\t<div class=\"e-con-inner\">\n\t\t\t\t<div class=\"elementor-element elementor-element-323d2aad elementor-widget elementor-widget-heading\" data-id=\"323d2aad\" data-element_type=\"widget\" data-e-type=\"widget\" data-widget_type=\"heading.default\">\n\t\t\t\t<div class=\"elementor-widget-container\">\n\t\t\t\t\t<h4 class=\"elementor-heading-title elementor-size-default\">Exposi\u00e7\u00e3o tempor\u00e1ria \u2013 dezembro de 2025 a abril de 2026\n<\/h4>\t\t\t\t<\/div>\n\t\t\t\t<\/div>\n\t\t\t\t<div class=\"elementor-element elementor-element-606d86d animated-slow elementor-invisible elementor-widget elementor-widget-heading\" data-id=\"606d86d\" data-element_type=\"widget\" data-e-type=\"widget\" data-settings=\"{&quot;_animation&quot;:&quot;fadeIn&quot;}\" data-widget_type=\"heading.default\">\n\t\t\t\t<div class=\"elementor-widget-container\">\n\t\t\t\t\t<h2 class=\"elementor-heading-title elementor-size-default\">MUSEU PARANAENSE<\/br> - C\u00e9u\u2011Eclipse <\/h2>\t\t\t\t<\/div>\n\t\t\t\t<\/div>\n\t\t\t\t<div class=\"elementor-element elementor-element-3cb5854e elementor-invisible elementor-widget elementor-widget-text-editor\" data-id=\"3cb5854e\" data-element_type=\"widget\" data-e-type=\"widget\" data-settings=\"{&quot;_animation&quot;:&quot;fadeIn&quot;,&quot;_animation_delay&quot;:200}\" data-widget_type=\"text-editor.default\">\n\t\t\t\t<div class=\"elementor-widget-container\">\n\t\t\t\t\t\t\t\t\t<p data-start=\"1197\" data-end=\"1388\">Na interse\u00e7\u00e3o entre arte contempor\u00e2nea, ci\u00eancia e ecologia, <em>C\u00e9u-Eclipse<\/em> questiona a nossa rela\u00e7\u00e3o com o tempo, o clima e a atmosfera.<\/p><p data-start=\"1390\" data-end=\"1586\">Nesta exposi\u00e7\u00e3o internacional, a meteorologia torna-se linguagem.<br data-start=\"1455\" data-end=\"1458\" \/>Tempestades e eclipses expressam-se como uma sonoridade percet\u00edvel, ligando humanos e n\u00e3o humanos numa mesma envolvente celeste.<\/p><p data-start=\"1588\" data-end=\"1722\">As obras dialogam com as disciplinas cient\u00edficas do museu, esbatendo as fronteiras entre passado e presente, instante e longa dura\u00e7\u00e3o.<\/p><p data-start=\"1724\" data-end=\"1840\"><em data-start=\"1751\" data-end=\"1764\">C\u00e9u-Eclipse<\/em> prop\u00f5e uma escuta atenta do c\u00e9u, n\u00e3o como cen\u00e1rio, mas como presen\u00e7a ativa.<\/p>\t\t\t\t\t\t\t\t<\/div>\n\t\t\t\t<\/div>\n\t\t\t\t<div class=\"elementor-element elementor-element-4d04059e elementor-mobile-align-justify animated-fast elementor-invisible elementor-widget elementor-widget-button\" data-id=\"4d04059e\" data-element_type=\"widget\" data-e-type=\"widget\" data-settings=\"{&quot;_animation&quot;:&quot;fadeIn&quot;,&quot;_animation_delay&quot;:400}\" data-widget_type=\"button.default\">\n\t\t\t\t<div class=\"elementor-widget-container\">\n\t\t\t\t\t\t\t\t\t<div class=\"elementor-button-wrapper\">\n\t\t\t\t\t<a class=\"elementor-button elementor-button-link elementor-size-sm elementor-animation-float\" href=\"https:\/\/issuu.com\/museuparanaense\/docs\/folder_c_u-eclipse_46ad010749b0d6\">\n\t\t\t\t\t\t<span class=\"elementor-button-content-wrapper\">\n\t\t\t\t\t\t\t\t\t<span class=\"elementor-button-text\">Explorar a exposi\u00e7\u00e3o<\/span>\n\t\t\t\t\t<\/span>\n\t\t\t\t\t<\/a>\n\t\t\t\t<\/div>\n\t\t\t\t\t\t\t\t<\/div>\n\t\t\t\t<\/div>\n\t\t\t\t<div class=\"elementor-element elementor-element-63f60959 elementor-widget elementor-widget-spacer\" data-id=\"63f60959\" data-element_type=\"widget\" data-e-type=\"widget\" data-widget_type=\"spacer.default\">\n\t\t\t\t<div class=\"elementor-widget-container\">\n\t\t\t\t\t\t\t<div class=\"elementor-spacer\">\n\t\t\t<div class=\"elementor-spacer-inner\"><\/div>\n\t\t<\/div>\n\t\t\t\t\t\t<\/div>\n\t\t\t\t<\/div>\n\t\t\t\t<div class=\"elementor-element elementor-element-75d6c4c6 elementor-widget elementor-widget-google_maps\" data-id=\"75d6c4c6\" data-element_type=\"widget\" data-e-type=\"widget\" data-widget_type=\"google_maps.default\">\n\t\t\t\t<div class=\"elementor-widget-container\">\n\t\t\t\t\t\t\t<div class=\"elementor-custom-embed\">\n\t\t\t<iframe loading=\"lazy\"\n\t\t\t\t\tsrc=\"https:\/\/maps.google.com\/maps?q=Museu%20Paranaense%20%28MUPA%29%2C%20Curitiba%20%E2%80%93%20Br%C3%A9sil&#038;t=m&#038;z=2&#038;output=embed&#038;iwloc=near\"\n\t\t\t\t\ttitle=\"Museu Paranaense (MUPA), Curitiba \u2013 Br\u00e9sil\"\n\t\t\t\t\taria-label=\"Museu Paranaense (MUPA), Curitiba \u2013 Br\u00e9sil\"\n\t\t\t><\/iframe>\n\t\t<\/div>\n\t\t\t\t\t\t<\/div>\n\t\t\t\t<\/div>\n\t\t\t\t\t<\/div>\n\t\t\t\t<\/div>\n\t\t\t\t<\/div>\n\t\t<div class=\"elementor-element elementor-element-113f7f31 e-con-full e-flex e-con e-child\" data-id=\"113f7f31\" data-element_type=\"container\" data-e-type=\"container\">\n\t\t\t\t<div class=\"elementor-element elementor-element-7accb38 elementor-invisible elementor-widget elementor-widget-image\" data-id=\"7accb38\" data-element_type=\"widget\" data-e-type=\"widget\" data-settings=\"{&quot;motion_fx_motion_fx_scrolling&quot;:&quot;yes&quot;,&quot;motion_fx_translateY_effect&quot;:&quot;yes&quot;,&quot;motion_fx_translateY_direction&quot;:&quot;negative&quot;,&quot;motion_fx_translateY_speed&quot;:{&quot;unit&quot;:&quot;px&quot;,&quot;size&quot;:1.5,&quot;sizes&quot;:[]},&quot;_animation&quot;:&quot;slideInRight&quot;,&quot;motion_fx_translateY_affectedRange&quot;:{&quot;unit&quot;:&quot;%&quot;,&quot;size&quot;:&quot;&quot;,&quot;sizes&quot;:{&quot;start&quot;:0,&quot;end&quot;:100}},&quot;motion_fx_devices&quot;:[&quot;desktop&quot;,&quot;tablet_extra&quot;,&quot;tablet&quot;,&quot;mobile&quot;]}\" data-widget_type=\"image.default\">\n\t\t\t\t<div class=\"elementor-widget-container\">\n\t\t\t\t\t\t\t\t\t\t\t\t\t\t\t<img decoding=\"async\" width=\"1654\" height=\"1654\" src=\"https:\/\/www.meteorage.com\/wp-content\/uploads\/2026\/04\/Alberto-Garutti-Ceu\u2011Eclipse-exhibition.jpg\" class=\"attachment-full size-full wp-image-51927\" alt=\"\" srcset=\"https:\/\/www.meteorage.com\/wp-content\/uploads\/2026\/04\/Alberto-Garutti-Ceu\u2011Eclipse-exhibition.jpg 1654w, https:\/\/www.meteorage.com\/wp-content\/uploads\/2026\/04\/Alberto-Garutti-Ceu\u2011Eclipse-exhibition-300x300.jpg 300w, https:\/\/www.meteorage.com\/wp-content\/uploads\/2026\/04\/Alberto-Garutti-Ceu\u2011Eclipse-exhibition-1024x1024.jpg 1024w, https:\/\/www.meteorage.com\/wp-content\/uploads\/2026\/04\/Alberto-Garutti-Ceu\u2011Eclipse-exhibition-150x150.jpg 150w, https:\/\/www.meteorage.com\/wp-content\/uploads\/2026\/04\/Alberto-Garutti-Ceu\u2011Eclipse-exhibition-768x768.jpg 768w, https:\/\/www.meteorage.com\/wp-content\/uploads\/2026\/04\/Alberto-Garutti-Ceu\u2011Eclipse-exhibition-1536x1536.jpg 1536w, https:\/\/www.meteorage.com\/wp-content\/uploads\/2026\/04\/Alberto-Garutti-Ceu\u2011Eclipse-exhibition-543x543.jpg 543w\" sizes=\"(max-width: 1654px) 100vw, 1654px\" \/>\t\t\t\t\t\t\t\t\t\t\t\t\t\t\t<\/div>\n\t\t\t\t<\/div>\n\t\t\t\t<\/div>\n\t\t\t\t<\/div>\n\t\t<div class=\"elementor-element elementor-element-6ab605a1 e-con-full e-flex e-con e-parent\" data-id=\"6ab605a1\" data-element_type=\"container\" data-e-type=\"container\" data-settings=\"{&quot;background_background&quot;:&quot;gradient&quot;}\">\n\t\t<div class=\"elementor-element elementor-element-43f4bbfa e-con-full e-flex e-con e-child\" data-id=\"43f4bbfa\" data-element_type=\"container\" data-e-type=\"container\">\n\t\t<div class=\"elementor-element elementor-element-476535c7 e-flex e-con-boxed e-con e-child\" data-id=\"476535c7\" data-element_type=\"container\" data-e-type=\"container\">\n\t\t\t\t\t<div class=\"e-con-inner\">\n\t\t\t\t<div class=\"elementor-element elementor-element-113d831c elementor-widget elementor-widget-heading\" data-id=\"113d831c\" data-element_type=\"widget\" data-e-type=\"widget\" data-widget_type=\"heading.default\">\n\t\t\t\t<div class=\"elementor-widget-container\">\n\t\t\t\t\t<h4 class=\"elementor-heading-title elementor-size-default\">Exposi\u00e7\u00e3o tempor\u00e1ria \u2013 4 a 28 de fevereiro de 2026\n<\/h4>\t\t\t\t<\/div>\n\t\t\t\t<\/div>\n\t\t\t\t<div class=\"elementor-element elementor-element-384a9ec9 animated-slow elementor-invisible elementor-widget elementor-widget-heading\" data-id=\"384a9ec9\" data-element_type=\"widget\" data-e-type=\"widget\" data-settings=\"{&quot;_animation&quot;:&quot;fadeIn&quot;}\" data-widget_type=\"heading.default\">\n\t\t\t\t<div class=\"elementor-widget-container\">\n\t\t\t\t\t<h2 class=\"elementor-heading-title elementor-size-default\">Garage BENTIVOGLIO <\/br>\nAlberto Garutti \u2013 Temporali\n<\/h2>\t\t\t\t<\/div>\n\t\t\t\t<\/div>\n\t\t\t\t<div class=\"elementor-element elementor-element-7dc90a13 elementor-invisible elementor-widget elementor-widget-text-editor\" data-id=\"7dc90a13\" data-element_type=\"widget\" data-e-type=\"widget\" data-settings=\"{&quot;_animation&quot;:&quot;fadeIn&quot;,&quot;_animation_delay&quot;:200}\" data-widget_type=\"text-editor.default\">\n\t\t\t\t<div class=\"elementor-widget-container\">\n\t\t\t\t\t\t\t\t\t<p data-start=\"1986\" data-end=\"2068\">Cada raio que atinge It\u00e1lia modifica a intensidade de um sistema luminoso interno.<\/p><p data-start=\"2070\" data-end=\"2202\">O fen\u00f3meno ocorre noutro lugar, fora de campo, deixando o espetador livre para imaginar o seu pr\u00f3prio c\u00e9u, a sua pr\u00f3pria tempestade.<\/p><p data-start=\"2204\" data-end=\"2340\">Ao contr\u00e1rio das obras monumentais no deserto, <em data-start=\"2251\" data-end=\"2262\">Temporali<\/em> infiltra-se no quotidiano, de forma discreta, como um sinal fr\u00e1gil e po\u00e9tico.<\/p><p data-start=\"2342\" data-end=\"2426\">Uma obra que pode surgir sem testemunhas, ou desaparecer se as tempestades cessarem.<\/p><p data-start=\"2428\" data-end=\"2466\">Dedicada a quem passa\u2026 e pensa no c\u00e9u.<\/p>\t\t\t\t\t\t\t\t<\/div>\n\t\t\t\t<\/div>\n\t\t\t\t<div class=\"elementor-element elementor-element-1c014215 elementor-mobile-align-justify animated-fast elementor-invisible elementor-widget elementor-widget-button\" data-id=\"1c014215\" data-element_type=\"widget\" data-e-type=\"widget\" data-settings=\"{&quot;_animation&quot;:&quot;fadeIn&quot;,&quot;_animation_delay&quot;:400}\" data-widget_type=\"button.default\">\n\t\t\t\t<div class=\"elementor-widget-container\">\n\t\t\t\t\t\t\t\t\t<div class=\"elementor-button-wrapper\">\n\t\t\t\t\t<a class=\"elementor-button elementor-button-link elementor-size-sm elementor-animation-float\" href=\"https:\/\/www.palazzobentivoglio.org\/progetti\/alberto-garutti\">\n\t\t\t\t\t\t<span class=\"elementor-button-content-wrapper\">\n\t\t\t\t\t\t\t\t\t<span class=\"elementor-button-text\">Explorar a exposi\u00e7\u00e3o<\/span>\n\t\t\t\t\t<\/span>\n\t\t\t\t\t<\/a>\n\t\t\t\t<\/div>\n\t\t\t\t\t\t\t\t<\/div>\n\t\t\t\t<\/div>\n\t\t\t\t<div class=\"elementor-element elementor-element-5d8e8aad elementor-widget elementor-widget-spacer\" data-id=\"5d8e8aad\" data-element_type=\"widget\" data-e-type=\"widget\" data-widget_type=\"spacer.default\">\n\t\t\t\t<div class=\"elementor-widget-container\">\n\t\t\t\t\t\t\t<div class=\"elementor-spacer\">\n\t\t\t<div class=\"elementor-spacer-inner\"><\/div>\n\t\t<\/div>\n\t\t\t\t\t\t<\/div>\n\t\t\t\t<\/div>\n\t\t\t\t<div class=\"elementor-element elementor-element-297f1840 elementor-widget elementor-widget-google_maps\" data-id=\"297f1840\" data-element_type=\"widget\" data-e-type=\"widget\" data-widget_type=\"google_maps.default\">\n\t\t\t\t<div class=\"elementor-widget-container\">\n\t\t\t\t\t\t\t<div class=\"elementor-custom-embed\">\n\t\t\t<iframe loading=\"lazy\"\n\t\t\t\t\tsrc=\"https:\/\/maps.google.com\/maps?q=Palazzo%20Bentivoglio%2C%20Bologne%20%28Italie%29&#038;t=m&#038;z=6&#038;output=embed&#038;iwloc=near\"\n\t\t\t\t\ttitle=\"Palazzo Bentivoglio, Bologne (Italie)\"\n\t\t\t\t\taria-label=\"Palazzo Bentivoglio, Bologne (Italie)\"\n\t\t\t><\/iframe>\n\t\t<\/div>\n\t\t\t\t\t\t<\/div>\n\t\t\t\t<\/div>\n\t\t\t\t\t<\/div>\n\t\t\t\t<\/div>\n\t\t\t\t<\/div>\n\t\t<div class=\"elementor-element elementor-element-343d8e98 e-con-full e-flex e-con e-child\" data-id=\"343d8e98\" data-element_type=\"container\" data-e-type=\"container\">\n\t\t\t\t<div class=\"elementor-element elementor-element-780d5d2 elementor-invisible elementor-widget elementor-widget-image\" data-id=\"780d5d2\" data-element_type=\"widget\" data-e-type=\"widget\" data-settings=\"{&quot;motion_fx_motion_fx_scrolling&quot;:&quot;yes&quot;,&quot;motion_fx_translateY_effect&quot;:&quot;yes&quot;,&quot;motion_fx_translateY_direction&quot;:&quot;negative&quot;,&quot;motion_fx_translateY_speed&quot;:{&quot;unit&quot;:&quot;px&quot;,&quot;size&quot;:1.5,&quot;sizes&quot;:[]},&quot;_animation&quot;:&quot;slideInRight&quot;,&quot;motion_fx_translateY_affectedRange&quot;:{&quot;unit&quot;:&quot;%&quot;,&quot;size&quot;:&quot;&quot;,&quot;sizes&quot;:{&quot;start&quot;:0,&quot;end&quot;:100}},&quot;motion_fx_devices&quot;:[&quot;desktop&quot;,&quot;tablet_extra&quot;,&quot;tablet&quot;,&quot;mobile&quot;]}\" data-widget_type=\"image.default\">\n\t\t\t\t<div class=\"elementor-widget-container\">\n\t\t\t\t\t\t\t\t\t\t\t\t\t\t\t<img decoding=\"async\" width=\"1654\" height=\"1654\" src=\"https:\/\/www.meteorage.com\/wp-content\/uploads\/2026\/04\/Alberto-Garutti-Temporali-2015-e1775811943185.jpg\" class=\"attachment-full size-full wp-image-51915\" alt=\"\" \/>\t\t\t\t\t\t\t\t\t\t\t\t\t\t\t<\/div>\n\t\t\t\t<\/div>\n\t\t\t\t<\/div>\n\t\t\t\t<\/div>\n\t\t<div class=\"elementor-element elementor-element-5ae3847a e-con-full e-flex e-con e-parent\" data-id=\"5ae3847a\" data-element_type=\"container\" data-e-type=\"container\" data-settings=\"{&quot;background_background&quot;:&quot;gradient&quot;}\">\n\t\t<div class=\"elementor-element elementor-element-78b60b78 e-con-full e-flex e-con e-child\" data-id=\"78b60b78\" data-element_type=\"container\" data-e-type=\"container\">\n\t\t<div class=\"elementor-element elementor-element-1454f0a4 e-flex e-con-boxed e-con e-child\" data-id=\"1454f0a4\" data-element_type=\"container\" data-e-type=\"container\">\n\t\t\t\t\t<div class=\"e-con-inner\">\n\t\t\t\t<div class=\"elementor-element elementor-element-5571112d elementor-widget elementor-widget-heading\" data-id=\"5571112d\" data-element_type=\"widget\" data-e-type=\"widget\" data-widget_type=\"heading.default\">\n\t\t\t\t<div class=\"elementor-widget-container\">\n\t\t\t\t\t<h4 class=\"elementor-heading-title elementor-size-default\">Instala\u00e7\u00e3o permanente \u2013 desde 2022<\/h4>\t\t\t\t<\/div>\n\t\t\t\t<\/div>\n\t\t\t\t<div class=\"elementor-element elementor-element-6fcced45 animated-slow elementor-invisible elementor-widget elementor-widget-heading\" data-id=\"6fcced45\" data-element_type=\"widget\" data-e-type=\"widget\" data-settings=\"{&quot;_animation&quot;:&quot;fadeIn&quot;}\" data-widget_type=\"heading.default\">\n\t\t\t\t<div class=\"elementor-widget-container\">\n\t\t\t\t\t<h2 class=\"elementor-heading-title elementor-size-default\">Genagricola \u2013 Ca\u2019 Corniani<\/h2>\t\t\t\t<\/div>\n\t\t\t\t<\/div>\n\t\t\t\t<div class=\"elementor-element elementor-element-218bc0f3 elementor-invisible elementor-widget elementor-widget-text-editor\" data-id=\"218bc0f3\" data-element_type=\"widget\" data-e-type=\"widget\" data-settings=\"{&quot;_animation&quot;:&quot;fadeIn&quot;,&quot;_animation_delay&quot;:200}\" data-widget_type=\"text-editor.default\">\n\t\t\t\t<div class=\"elementor-widget-container\">\n\t\t\t\t\t\t\t\t\t<p data-start=\"2514\" data-end=\"2708\">Nas plan\u00edcies cultivadas de Ca\u2019 Corniani, uma inscri\u00e7\u00e3o luminosa atravessa a paisagem. Escrita \u00e0 m\u00e3o por Alberto Garutti, surge como uma frase pousada sobre a terra, leg\u00edvel de perto e de longe.<\/p><p data-start=\"2710\" data-end=\"2839\">Sempre que um raio \u00e9 detetado em It\u00e1lia, a sua luz vibra brevemente. Um batimento discreto que liga instantaneamente terra e c\u00e9u.<\/p><p data-start=\"2841\" data-end=\"3006\">Pensada como legenda da paisagem, a obra convida a levantar o olhar e a considerar a atmosfera como uma presen\u00e7a viva. Um presente partilhado por todo um territ\u00f3rio.<\/p><p data-start=\"2841\" data-end=\"3006\"><span class=\"a_GcMg font-feature-liga-off font-feature-clig-off font-feature-calt-off text-decoration-none text-strikethrough-none\">\u00a9 Agostino Osio \/ AltoPiano<\/span><\/p>\t\t\t\t\t\t\t\t<\/div>\n\t\t\t\t<\/div>\n\t\t\t\t<div class=\"elementor-element elementor-element-1986c037 elementor-mobile-align-justify animated-fast elementor-invisible elementor-widget elementor-widget-button\" data-id=\"1986c037\" data-element_type=\"widget\" data-e-type=\"widget\" data-settings=\"{&quot;_animation&quot;:&quot;fadeIn&quot;,&quot;_animation_delay&quot;:400}\" data-widget_type=\"button.default\">\n\t\t\t\t<div class=\"elementor-widget-container\">\n\t\t\t\t\t\t\t\t\t<div class=\"elementor-button-wrapper\">\n\t\t\t\t\t<a class=\"elementor-button elementor-button-link elementor-size-sm elementor-animation-float\" href=\"https:\/\/www.albertogarutti.it\/en\/opera\/queste-luci-vibreranno-quando-in-italia-un-fulmine-cadra-durante-i-temporali-questopera-e-dedicata-a-chi-passando-di-qui-pensera-al-cielo\/\">\n\t\t\t\t\t\t<span class=\"elementor-button-content-wrapper\">\n\t\t\t\t\t\t\t\t\t<span class=\"elementor-button-text\">Explorar a exposi\u00e7\u00e3o<\/span>\n\t\t\t\t\t<\/span>\n\t\t\t\t\t<\/a>\n\t\t\t\t<\/div>\n\t\t\t\t\t\t\t\t<\/div>\n\t\t\t\t<\/div>\n\t\t\t\t<div class=\"elementor-element elementor-element-3415da63 elementor-widget elementor-widget-spacer\" data-id=\"3415da63\" data-element_type=\"widget\" data-e-type=\"widget\" data-widget_type=\"spacer.default\">\n\t\t\t\t<div class=\"elementor-widget-container\">\n\t\t\t\t\t\t\t<div class=\"elementor-spacer\">\n\t\t\t<div class=\"elementor-spacer-inner\"><\/div>\n\t\t<\/div>\n\t\t\t\t\t\t<\/div>\n\t\t\t\t<\/div>\n\t\t\t\t<div class=\"elementor-element elementor-element-64790d2b elementor-widget elementor-widget-google_maps\" data-id=\"64790d2b\" data-element_type=\"widget\" data-e-type=\"widget\" data-widget_type=\"google_maps.default\">\n\t\t\t\t<div class=\"elementor-widget-container\">\n\t\t\t\t\t\t\t<div class=\"elementor-custom-embed\">\n\t\t\t<iframe loading=\"lazy\"\n\t\t\t\t\tsrc=\"https:\/\/maps.google.com\/maps?q=Ca%E2%80%99%20Corniani%2C%20V%C3%A9n%C3%A9tie%20%28Italie%29&#038;t=m&#038;z=6&#038;output=embed&#038;iwloc=near\"\n\t\t\t\t\ttitle=\"Ca\u2019 Corniani, V\u00e9n\u00e9tie (Italie)\"\n\t\t\t\t\taria-label=\"Ca\u2019 Corniani, V\u00e9n\u00e9tie (Italie)\"\n\t\t\t><\/iframe>\n\t\t<\/div>\n\t\t\t\t\t\t<\/div>\n\t\t\t\t<\/div>\n\t\t\t\t\t<\/div>\n\t\t\t\t<\/div>\n\t\t\t\t<\/div>\n\t\t<div class=\"elementor-element elementor-element-950d969 e-con-full e-flex e-con e-child\" data-id=\"950d969\" data-element_type=\"container\" data-e-type=\"container\">\n\t\t\t\t<div class=\"elementor-element elementor-element-6480b9c0 elementor-invisible elementor-widget elementor-widget-image\" data-id=\"6480b9c0\" data-element_type=\"widget\" data-e-type=\"widget\" data-settings=\"{&quot;motion_fx_motion_fx_scrolling&quot;:&quot;yes&quot;,&quot;motion_fx_translateY_effect&quot;:&quot;yes&quot;,&quot;motion_fx_translateY_direction&quot;:&quot;negative&quot;,&quot;motion_fx_translateY_speed&quot;:{&quot;unit&quot;:&quot;px&quot;,&quot;size&quot;:1.5,&quot;sizes&quot;:[]},&quot;_animation&quot;:&quot;slideInRight&quot;,&quot;motion_fx_translateY_affectedRange&quot;:{&quot;unit&quot;:&quot;%&quot;,&quot;size&quot;:&quot;&quot;,&quot;sizes&quot;:{&quot;start&quot;:0,&quot;end&quot;:100}},&quot;motion_fx_devices&quot;:[&quot;desktop&quot;,&quot;tablet_extra&quot;,&quot;tablet&quot;,&quot;mobile&quot;]}\" data-widget_type=\"image.default\">\n\t\t\t\t<div class=\"elementor-widget-container\">\n\t\t\t\t\t\t\t\t\t\t\t\t\t\t\t<img loading=\"lazy\" decoding=\"async\" width=\"1654\" height=\"1654\" src=\"https:\/\/www.meteorage.com\/wp-content\/uploads\/2026\/04\/Alberto-Garutti-Temporali.jpg\" class=\"attachment-full size-full wp-image-51939\" alt=\"\" srcset=\"https:\/\/www.meteorage.com\/wp-content\/uploads\/2026\/04\/Alberto-Garutti-Temporali.jpg 1654w, https:\/\/www.meteorage.com\/wp-content\/uploads\/2026\/04\/Alberto-Garutti-Temporali-300x300.jpg 300w, https:\/\/www.meteorage.com\/wp-content\/uploads\/2026\/04\/Alberto-Garutti-Temporali-1024x1024.jpg 1024w, https:\/\/www.meteorage.com\/wp-content\/uploads\/2026\/04\/Alberto-Garutti-Temporali-150x150.jpg 150w, https:\/\/www.meteorage.com\/wp-content\/uploads\/2026\/04\/Alberto-Garutti-Temporali-768x768.jpg 768w, https:\/\/www.meteorage.com\/wp-content\/uploads\/2026\/04\/Alberto-Garutti-Temporali-1536x1536.jpg 1536w, https:\/\/www.meteorage.com\/wp-content\/uploads\/2026\/04\/Alberto-Garutti-Temporali-543x543.jpg 543w\" sizes=\"(max-width: 1654px) 100vw, 1654px\" \/>\t\t\t\t\t\t\t\t\t\t\t\t\t\t\t<\/div>\n\t\t\t\t<\/div>\n\t\t\t\t<\/div>\n\t\t\t\t<\/div>\n\t\t<div class=\"elementor-element elementor-element-3bebdcef e-con-full e-flex e-con e-parent\" data-id=\"3bebdcef\" data-element_type=\"container\" data-e-type=\"container\" data-settings=\"{&quot;background_background&quot;:&quot;gradient&quot;}\">\n\t\t<div class=\"elementor-element elementor-element-5ef414b4 e-con-full e-flex e-con e-child\" data-id=\"5ef414b4\" data-element_type=\"container\" data-e-type=\"container\">\n\t\t<div class=\"elementor-element elementor-element-36ba153e e-flex e-con-boxed e-con e-child\" data-id=\"36ba153e\" data-element_type=\"container\" data-e-type=\"container\">\n\t\t\t\t\t<div class=\"e-con-inner\">\n\t\t\t\t<div class=\"elementor-element elementor-element-4fdf129 elementor-widget elementor-widget-heading\" data-id=\"4fdf129\" data-element_type=\"widget\" data-e-type=\"widget\" data-widget_type=\"heading.default\">\n\t\t\t\t<div class=\"elementor-widget-container\">\n\t\t\t\t\t<h4 class=\"elementor-heading-title elementor-size-default\">Instala\u00e7\u00e3o permanente \u2013 desde outubro de 2023\n<\/h4>\t\t\t\t<\/div>\n\t\t\t\t<\/div>\n\t\t\t\t<div class=\"elementor-element elementor-element-266cc9d6 animated-slow elementor-invisible elementor-widget elementor-widget-heading\" data-id=\"266cc9d6\" data-element_type=\"widget\" data-e-type=\"widget\" data-settings=\"{&quot;_animation&quot;:&quot;fadeIn&quot;}\" data-widget_type=\"heading.default\">\n\t\t\t\t<div class=\"elementor-widget-container\">\n\t\t\t\t\t<h2 class=\"elementor-heading-title elementor-size-default\">MAXXI \u2013 Rome <\/h2>\t\t\t\t<\/div>\n\t\t\t\t<\/div>\n\t\t\t\t<div class=\"elementor-element elementor-element-5675bb9f elementor-invisible elementor-widget elementor-widget-text-editor\" data-id=\"5675bb9f\" data-element_type=\"widget\" data-e-type=\"widget\" data-settings=\"{&quot;_animation&quot;:&quot;fadeIn&quot;,&quot;_animation_delay&quot;:200}\" data-widget_type=\"text-editor.default\">\n\t\t\t\t<div class=\"elementor-widget-container\">\n\t\t\t\t\t\t\t\t\t<p data-start=\"3065\" data-end=\"3160\">Instalada na fachada do MAXXI, <em data-start=\"3096\" data-end=\"3107\">Temporali<\/em> desenrola-se como uma frase luminosa sobre a cidade.<\/p><p data-start=\"3162\" data-end=\"3283\">Cada raio detetado em It\u00e1lia aumenta brevemente a intensidade da inscri\u00e7\u00e3o. A tempestade, invis\u00edvel, torna-se percet\u00edvel.<\/p><p data-start=\"3285\" data-end=\"3411\">A obra estabelece uma liga\u00e7\u00e3o direta entre energia natural e experi\u00eancia quotidiana. N\u00e3o apenas deteta a tempestade: revela-a.<\/p><p data-start=\"3413\" data-end=\"3543\">Aqui, a arte atua como mediador silencioso entre o homem e o mundo, lembrando que o c\u00e9u, mesmo distante, diz respeito a todos n\u00f3s.<\/p><p data-start=\"3413\" data-end=\"3543\"><span class=\"a_GcMg font-feature-liga-off font-feature-clig-off font-feature-calt-off text-decoration-none text-strikethrough-none\">\u00a9 Melania Dalle Grave- DSL Studio, courtesy Fondazione MAXXI<\/span><\/p>\t\t\t\t\t\t\t\t<\/div>\n\t\t\t\t<\/div>\n\t\t\t\t<div class=\"elementor-element elementor-element-4b9db3ff elementor-mobile-align-justify animated-fast elementor-invisible elementor-widget elementor-widget-button\" data-id=\"4b9db3ff\" data-element_type=\"widget\" data-e-type=\"widget\" data-settings=\"{&quot;_animation&quot;:&quot;fadeIn&quot;,&quot;_animation_delay&quot;:400}\" data-widget_type=\"button.default\">\n\t\t\t\t<div class=\"elementor-widget-container\">\n\t\t\t\t\t\t\t\t\t<div class=\"elementor-button-wrapper\">\n\t\t\t\t\t<a class=\"elementor-button elementor-button-link elementor-size-sm elementor-animation-float\" href=\"https:\/\/www.maxxi.art\/events\/alberto-garutti\/\">\n\t\t\t\t\t\t<span class=\"elementor-button-content-wrapper\">\n\t\t\t\t\t\t\t\t\t<span class=\"elementor-button-text\">Explorar a exposi\u00e7\u00e3o<\/span>\n\t\t\t\t\t<\/span>\n\t\t\t\t\t<\/a>\n\t\t\t\t<\/div>\n\t\t\t\t\t\t\t\t<\/div>\n\t\t\t\t<\/div>\n\t\t\t\t<div class=\"elementor-element elementor-element-4f604def elementor-widget elementor-widget-spacer\" data-id=\"4f604def\" data-element_type=\"widget\" data-e-type=\"widget\" data-widget_type=\"spacer.default\">\n\t\t\t\t<div class=\"elementor-widget-container\">\n\t\t\t\t\t\t\t<div class=\"elementor-spacer\">\n\t\t\t<div class=\"elementor-spacer-inner\"><\/div>\n\t\t<\/div>\n\t\t\t\t\t\t<\/div>\n\t\t\t\t<\/div>\n\t\t\t\t<div class=\"elementor-element elementor-element-741fd0dc elementor-widget elementor-widget-google_maps\" data-id=\"741fd0dc\" data-element_type=\"widget\" data-e-type=\"widget\" data-widget_type=\"google_maps.default\">\n\t\t\t\t<div class=\"elementor-widget-container\">\n\t\t\t\t\t\t\t<div class=\"elementor-custom-embed\">\n\t\t\t<iframe loading=\"lazy\"\n\t\t\t\t\tsrc=\"https:\/\/maps.google.com\/maps?q=Museo%20nazionale%20delle%20arti%20del%20XXI%20secolo&#038;t=m&#038;z=6&#038;output=embed&#038;iwloc=near\"\n\t\t\t\t\ttitle=\"Museo nazionale delle arti del XXI secolo\"\n\t\t\t\t\taria-label=\"Museo nazionale delle arti del XXI secolo\"\n\t\t\t><\/iframe>\n\t\t<\/div>\n\t\t\t\t\t\t<\/div>\n\t\t\t\t<\/div>\n\t\t\t\t\t<\/div>\n\t\t\t\t<\/div>\n\t\t\t\t<\/div>\n\t\t<div class=\"elementor-element elementor-element-316b3e23 e-con-full e-flex e-con e-child\" data-id=\"316b3e23\" data-element_type=\"container\" data-e-type=\"container\">\n\t\t\t\t<div class=\"elementor-element elementor-element-74bbf5fa elementor-invisible elementor-widget elementor-widget-image\" data-id=\"74bbf5fa\" data-element_type=\"widget\" data-e-type=\"widget\" data-settings=\"{&quot;motion_fx_motion_fx_scrolling&quot;:&quot;yes&quot;,&quot;motion_fx_translateY_effect&quot;:&quot;yes&quot;,&quot;motion_fx_translateY_direction&quot;:&quot;negative&quot;,&quot;motion_fx_translateY_speed&quot;:{&quot;unit&quot;:&quot;px&quot;,&quot;size&quot;:1.5,&quot;sizes&quot;:[]},&quot;_animation&quot;:&quot;slideInRight&quot;,&quot;motion_fx_translateY_affectedRange&quot;:{&quot;unit&quot;:&quot;%&quot;,&quot;size&quot;:&quot;&quot;,&quot;sizes&quot;:{&quot;start&quot;:0,&quot;end&quot;:100}},&quot;motion_fx_devices&quot;:[&quot;desktop&quot;,&quot;tablet_extra&quot;,&quot;tablet&quot;,&quot;mobile&quot;]}\" data-widget_type=\"image.default\">\n\t\t\t\t<div class=\"elementor-widget-container\">\n\t\t\t\t\t\t\t\t\t\t\t\t\t\t\t<img loading=\"lazy\" decoding=\"async\" width=\"1654\" height=\"1654\" src=\"https:\/\/www.meteorage.com\/wp-content\/uploads\/2026\/04\/Alberto-Garutti-@Melania-Dalle-Grave-DSL-Studio_MG_6199-Modifica.jpg\" class=\"attachment-full size-full wp-image-51933\" alt=\"\" srcset=\"https:\/\/www.meteorage.com\/wp-content\/uploads\/2026\/04\/Alberto-Garutti-@Melania-Dalle-Grave-DSL-Studio_MG_6199-Modifica.jpg 1654w, https:\/\/www.meteorage.com\/wp-content\/uploads\/2026\/04\/Alberto-Garutti-@Melania-Dalle-Grave-DSL-Studio_MG_6199-Modifica-300x300.jpg 300w, https:\/\/www.meteorage.com\/wp-content\/uploads\/2026\/04\/Alberto-Garutti-@Melania-Dalle-Grave-DSL-Studio_MG_6199-Modifica-1024x1024.jpg 1024w, https:\/\/www.meteorage.com\/wp-content\/uploads\/2026\/04\/Alberto-Garutti-@Melania-Dalle-Grave-DSL-Studio_MG_6199-Modifica-150x150.jpg 150w, https:\/\/www.meteorage.com\/wp-content\/uploads\/2026\/04\/Alberto-Garutti-@Melania-Dalle-Grave-DSL-Studio_MG_6199-Modifica-768x768.jpg 768w, https:\/\/www.meteorage.com\/wp-content\/uploads\/2026\/04\/Alberto-Garutti-@Melania-Dalle-Grave-DSL-Studio_MG_6199-Modifica-1536x1536.jpg 1536w, https:\/\/www.meteorage.com\/wp-content\/uploads\/2026\/04\/Alberto-Garutti-@Melania-Dalle-Grave-DSL-Studio_MG_6199-Modifica-543x543.jpg 543w\" sizes=\"(max-width: 1654px) 100vw, 1654px\" \/>\t\t\t\t\t\t\t\t\t\t\t\t\t\t\t<\/div>\n\t\t\t\t<\/div>\n\t\t\t\t<\/div>\n\t\t\t\t<\/div>\n\t\t<div class=\"elementor-element elementor-element-1e54f7ce e-flex e-con-boxed e-con e-parent\" data-id=\"1e54f7ce\" data-element_type=\"container\" data-e-type=\"container\">\n\t\t\t\t\t<div class=\"e-con-inner\">\n\t\t<div class=\"elementor-element elementor-element-d9343dc e-con-full e-flex e-con e-child\" data-id=\"d9343dc\" data-element_type=\"container\" data-e-type=\"container\">\n\t\t\t\t<div class=\"elementor-element elementor-element-373d12b5 elementor-widget elementor-widget-heading\" data-id=\"373d12b5\" data-element_type=\"widget\" data-e-type=\"widget\" data-widget_type=\"heading.default\">\n\t\t\t\t<div class=\"elementor-widget-container\">\n\t\t\t\t\t<h1 class=\"elementor-heading-title elementor-size-default\">Obras <\/br>\u201cdedicadas a quem, ao passar, pensa no c\u00e9u\u201d<\/h1>\t\t\t\t<\/div>\n\t\t\t\t<\/div>\n\t\t\t\t<div class=\"elementor-element elementor-element-72552a9a elementor-widget elementor-widget-text-editor\" data-id=\"72552a9a\" data-element_type=\"widget\" data-e-type=\"widget\" data-widget_type=\"text-editor.default\">\n\t\t\t\t<div class=\"elementor-widget-container\">\n\t\t\t\t\t\t\t\t\t<p><style>\na {<br \/>    text-decoration: none;<br \/>    color: #464feb;<br \/>}<br \/>tr th, tr td {<br \/>    border: 1px solid #e6e6e6;<br \/>}<br \/>tr th {<br \/>    background-color: #f5f5f5;<br \/>}<br \/><\/style><\/p><div><p data-start=\"3610\" data-end=\"3713\">Queremos prestar uma \u00faltima homenagem a <strong data-start=\"3650\" data-end=\"3669\">Alberto Garutti<\/strong>, artista, professor e intelectual italiano.<\/p><p data-start=\"3715\" data-end=\"3909\">Os nossos caminhos cruzaram-se em torno da obra <em data-start=\"3763\" data-end=\"3774\">Temporali<\/em>, no projeto <em data-start=\"3787\" data-end=\"3799\">Tre Soglie<\/em> em Ca\u2019 Corniani. Uma obra feita de luz e dados, que interroga com delicadeza a liga\u00e7\u00e3o entre arte e natureza.<\/p><p data-start=\"3911\" data-end=\"3991\">Agradecemos a Alberto e ao Studio Alberto Garutti por esta colabora\u00e7\u00e3o preciosa.<\/p><\/div>\t\t\t\t\t\t\t\t<\/div>\n\t\t\t\t<\/div>\n\t\t\t\t<\/div>\n\t\t<div class=\"elementor-element elementor-element-66aeec95 e-con-full e-flex e-con e-child\" data-id=\"66aeec95\" data-element_type=\"container\" data-e-type=\"container\" data-settings=\"{&quot;background_background&quot;:&quot;classic&quot;}\">\n\t\t\t\t<div class=\"elementor-element elementor-element-122683d6 elementor-widget__width-initial elementor-view-default elementor-widget elementor-widget-icon\" data-id=\"122683d6\" data-element_type=\"widget\" data-e-type=\"widget\" data-widget_type=\"icon.default\">\n\t\t\t\t<div class=\"elementor-widget-container\">\n\t\t\t\t\t\t\t<div class=\"elementor-icon-wrapper\">\n\t\t\t<div class=\"elementor-icon\">\n\t\t\t<svg xmlns=\"http:\/\/www.w3.org\/2000\/svg\" viewBox=\"0 0 25 22\"><path d=\"M24.846.345v4.16c-.996.087-1.906.477-2.73 1.17-.78.694-1.408 1.582-1.884 2.665-.434 1.04-.65 2.188-.65 3.445h5.07v10.01H14.315V12.89c0-2.73.477-4.983 1.43-6.76.997-1.776 2.297-3.141 3.9-4.095a12.275 12.275 0 0 1 5.2-1.69Zm-14.104 0v4.16c-.997.087-1.907.477-2.73 1.17-.78.694-1.409 1.582-1.886 2.665-.433 1.04-.65 2.188-.65 3.445h5.006v10.01H.146V12.89c0-2.73.499-4.983 1.495-6.76.997-1.776 2.297-3.141 3.9-4.095a12.275 12.275 0 0 1 5.2-1.69Z\"><\/path><\/svg>\t\t\t<\/div>\n\t\t<\/div>\n\t\t\t\t\t\t<\/div>\n\t\t\t\t<\/div>\n\t\t\t\t<div class=\"elementor-element elementor-element-7c503b23 elementor-widget__width-initial elementor-widget-tablet__width-inherit elementor-testimonial--skin-default elementor-testimonial--layout-image_inline elementor-testimonial--align-center elementor-arrows-yes elementor-pagination-type-bullets elementor-widget elementor-widget-testimonial-carousel\" data-id=\"7c503b23\" data-element_type=\"widget\" data-e-type=\"widget\" data-settings=\"{&quot;show_arrows&quot;:&quot;yes&quot;,&quot;pagination&quot;:&quot;bullets&quot;,&quot;speed&quot;:500,&quot;autoplay&quot;:&quot;yes&quot;,&quot;autoplay_speed&quot;:5000,&quot;loop&quot;:&quot;yes&quot;,&quot;pause_on_hover&quot;:&quot;yes&quot;,&quot;pause_on_interaction&quot;:&quot;yes&quot;,&quot;space_between&quot;:{&quot;unit&quot;:&quot;px&quot;,&quot;size&quot;:10,&quot;sizes&quot;:[]},&quot;space_between_tablet_extra&quot;:{&quot;unit&quot;:&quot;px&quot;,&quot;size&quot;:10,&quot;sizes&quot;:[]},&quot;space_between_tablet&quot;:{&quot;unit&quot;:&quot;px&quot;,&quot;size&quot;:10,&quot;sizes&quot;:[]},&quot;space_between_mobile&quot;:{&quot;unit&quot;:&quot;px&quot;,&quot;size&quot;:10,&quot;sizes&quot;:[]}}\" data-widget_type=\"testimonial-carousel.default\">\n\t\t\t\t<div class=\"elementor-widget-container\">\n\t\t\t\t\t\t\t\t\t<div class=\"elementor-swiper\">\n\t\t\t\t\t<div class=\"elementor-main-swiper swiper\" role=\"region\" aria-roledescription=\"carousel\" aria-label=\"Diapositives\">\n\t\t\t\t<div class=\"swiper-wrapper\">\n\t\t\t\t\t\t\t\t\t\t\t<div class=\"swiper-slide\" role=\"group\" aria-roledescription=\"slide\">\n\t\t\t\t\t\t\t\t\t<div class=\"elementor-testimonial\">\n\t\t\t\t\t\t\t<div class=\"elementor-testimonial__content\">\n\t\t\t\t\t<div class=\"elementor-testimonial__text\">\n\t\t\t\t\t\tQueste luci vibreranno quando in Italia un fulmine cadr\u00e0 durante i temporali.<\/br>\nQuest'opera \u00e8 dedicata a chi passando di qui penser\u00e0 al cielo.\t\t\t\t\t<\/div>\n\t\t\t\t\t\t\t\t\t<\/div>\n\t\t\t\t\t\t<div class=\"elementor-testimonial__footer\">\n\t\t\t\t\t\t\t\t<cite class=\"elementor-testimonial__cite\"><span class=\"elementor-testimonial__name\">Alberto Garutti<\/span><span class=\"elementor-testimonial__title\">artista e intelectual italiano<\/span><\/cite>\t\t\t<\/div>\n\t\t<\/div>\n\t\t\t\t\t\t\t\t<\/div>\n\t\t\t\t\t\t\t\t\t<\/div>\n\t\t\t\t\t\t\t<\/div>\n\t\t\t\t<\/div>\n\t\t\t\t\t\t\t\t<\/div>\n\t\t\t\t<\/div>\n\t\t\t\t<\/div>\n\t\t\t\t\t<\/div>\n\t\t\t\t<\/div>\n\t\t\t\t<\/div>\n\t\t","protected":false},"featured_media":51915,"template":"","blog_category":[334],"class_list":["post-52007","blog","type-blog","status-publish","has-post-thumbnail","hentry","blog_category-empresa"],"acf":[],"yoast_head":"<!-- This site is optimized with the Yoast SEO plugin v27.5 - https:\/\/yoast.com\/product\/yoast-seo-wordpress\/ -->\n<title>Alberto Garutti: obras que vivem ao ritmo das tempestades - METEORAGE<\/title>\n<meta name=\"robots\" content=\"index, follow, max-snippet:-1, max-image-preview:large, max-video-preview:-1\" \/>\n<link rel=\"canonical\" href=\"https:\/\/www.meteorage.com\/pt-pt\/meteorage-em-direto\/alberto-garutti-obras-que-vivem-ao-ritmo-das-tempestades\/\" \/>\n<meta property=\"og:locale\" content=\"pt_PT\" \/>\n<meta property=\"og:type\" content=\"article\" \/>\n<meta property=\"og:title\" content=\"Alberto Garutti: obras que vivem ao ritmo das tempestades - METEORAGE\" \/>\n<meta property=\"og:description\" content=\"Alberto Garutti obras que vivem ao ritmo das tempestades Cada vez que um raio \u00e9 detetado em It\u00e1lia, as instala\u00e7\u00f5es do Studio Alberto Garutti iluminam-se instantaneamente. Estes projetos, permanentes ou tempor\u00e1rios, transformam este fen\u00f3meno natural numa experi\u00eancia visual entre arte e ci\u00eancia. &lt; retour Quando o raio se torna luz H\u00e1 v\u00e1rios anos que colaboramos [&hellip;]\" \/>\n<meta property=\"og:url\" content=\"https:\/\/www.meteorage.com\/pt-pt\/meteorage-em-direto\/alberto-garutti-obras-que-vivem-ao-ritmo-das-tempestades\/\" \/>\n<meta property=\"og:site_name\" content=\"METEORAGE\" \/>\n<meta property=\"article:modified_time\" content=\"2026-04-13T07:38:49+00:00\" \/>\n<meta property=\"og:image\" content=\"https:\/\/www.meteorage.com\/wp-content\/uploads\/2026\/04\/Alberto-Garutti-Temporali-2015-e1775811943185.jpg\" \/>\n\t<meta property=\"og:image:width\" content=\"1654\" \/>\n\t<meta property=\"og:image:height\" content=\"1654\" \/>\n\t<meta property=\"og:image:type\" content=\"image\/jpeg\" \/>\n<meta name=\"twitter:card\" content=\"summary_large_image\" \/>\n<meta name=\"twitter:label1\" content=\"Tempo estimado de leitura\" \/>\n\t<meta name=\"twitter:data1\" content=\"5 minutos\" \/>\n<script type=\"application\/ld+json\" class=\"yoast-schema-graph\">{\"@context\":\"https:\\\/\\\/schema.org\",\"@graph\":[{\"@type\":\"WebPage\",\"@id\":\"https:\\\/\\\/www.meteorage.com\\\/pt-pt\\\/meteorage-em-direto\\\/alberto-garutti-obras-que-vivem-ao-ritmo-das-tempestades\\\/\",\"url\":\"https:\\\/\\\/www.meteorage.com\\\/pt-pt\\\/meteorage-em-direto\\\/alberto-garutti-obras-que-vivem-ao-ritmo-das-tempestades\\\/\",\"name\":\"Alberto Garutti: obras que vivem ao ritmo das tempestades - METEORAGE\",\"isPartOf\":{\"@id\":\"https:\\\/\\\/www.meteorage.com\\\/pt-pt\\\/#website\"},\"primaryImageOfPage\":{\"@id\":\"https:\\\/\\\/www.meteorage.com\\\/pt-pt\\\/meteorage-em-direto\\\/alberto-garutti-obras-que-vivem-ao-ritmo-das-tempestades\\\/#primaryimage\"},\"image\":{\"@id\":\"https:\\\/\\\/www.meteorage.com\\\/pt-pt\\\/meteorage-em-direto\\\/alberto-garutti-obras-que-vivem-ao-ritmo-das-tempestades\\\/#primaryimage\"},\"thumbnailUrl\":\"https:\\\/\\\/www.meteorage.com\\\/wp-content\\\/uploads\\\/2026\\\/04\\\/Alberto-Garutti-Temporali-2015-e1775811943185.jpg\",\"datePublished\":\"2026-04-10T09:28:00+00:00\",\"dateModified\":\"2026-04-13T07:38:49+00:00\",\"breadcrumb\":{\"@id\":\"https:\\\/\\\/www.meteorage.com\\\/pt-pt\\\/meteorage-em-direto\\\/alberto-garutti-obras-que-vivem-ao-ritmo-das-tempestades\\\/#breadcrumb\"},\"inLanguage\":\"pt-PT\",\"potentialAction\":[{\"@type\":\"ReadAction\",\"target\":[\"https:\\\/\\\/www.meteorage.com\\\/pt-pt\\\/meteorage-em-direto\\\/alberto-garutti-obras-que-vivem-ao-ritmo-das-tempestades\\\/\"]}]},{\"@type\":\"ImageObject\",\"inLanguage\":\"pt-PT\",\"@id\":\"https:\\\/\\\/www.meteorage.com\\\/pt-pt\\\/meteorage-em-direto\\\/alberto-garutti-obras-que-vivem-ao-ritmo-das-tempestades\\\/#primaryimage\",\"url\":\"https:\\\/\\\/www.meteorage.com\\\/wp-content\\\/uploads\\\/2026\\\/04\\\/Alberto-Garutti-Temporali-2015-e1775811943185.jpg\",\"contentUrl\":\"https:\\\/\\\/www.meteorage.com\\\/wp-content\\\/uploads\\\/2026\\\/04\\\/Alberto-Garutti-Temporali-2015-e1775811943185.jpg\",\"width\":1654,\"height\":1654},{\"@type\":\"BreadcrumbList\",\"@id\":\"https:\\\/\\\/www.meteorage.com\\\/pt-pt\\\/meteorage-em-direto\\\/alberto-garutti-obras-que-vivem-ao-ritmo-das-tempestades\\\/#breadcrumb\",\"itemListElement\":[{\"@type\":\"ListItem\",\"position\":1,\"name\":\"Accueil\",\"item\":\"https:\\\/\\\/www.meteorage.com\\\/pt-pt\\\/\"},{\"@type\":\"ListItem\",\"position\":2,\"name\":\"Alberto Garutti: obras que vivem ao ritmo das tempestades\"}]},{\"@type\":\"WebSite\",\"@id\":\"https:\\\/\\\/www.meteorage.com\\\/pt-pt\\\/#website\",\"url\":\"https:\\\/\\\/www.meteorage.com\\\/pt-pt\\\/\",\"name\":\"METEORAGE\",\"description\":\"\",\"publisher\":{\"@id\":\"https:\\\/\\\/www.meteorage.com\\\/pt-pt\\\/#organization\"},\"potentialAction\":[{\"@type\":\"SearchAction\",\"target\":{\"@type\":\"EntryPoint\",\"urlTemplate\":\"https:\\\/\\\/www.meteorage.com\\\/pt-pt\\\/?s={search_term_string}\"},\"query-input\":{\"@type\":\"PropertyValueSpecification\",\"valueRequired\":true,\"valueName\":\"search_term_string\"}}],\"inLanguage\":\"pt-PT\"},{\"@type\":\"Organization\",\"@id\":\"https:\\\/\\\/www.meteorage.com\\\/pt-pt\\\/#organization\",\"name\":\"METEORAGE\",\"url\":\"https:\\\/\\\/www.meteorage.com\\\/pt-pt\\\/\",\"logo\":{\"@type\":\"ImageObject\",\"inLanguage\":\"pt-PT\",\"@id\":\"https:\\\/\\\/www.meteorage.com\\\/pt-pt\\\/#\\\/schema\\\/logo\\\/image\\\/\",\"url\":\"https:\\\/\\\/www.meteorage.com\\\/wp-content\\\/uploads\\\/2025\\\/10\\\/02.-Logo-METEORAGE-horizontal-blanc.png.webp\",\"contentUrl\":\"https:\\\/\\\/www.meteorage.com\\\/wp-content\\\/uploads\\\/2025\\\/10\\\/02.-Logo-METEORAGE-horizontal-blanc.png.webp\",\"width\":2445,\"height\":501,\"caption\":\"METEORAGE\"},\"image\":{\"@id\":\"https:\\\/\\\/www.meteorage.com\\\/pt-pt\\\/#\\\/schema\\\/logo\\\/image\\\/\"}}]}<\/script>\n<!-- \/ Yoast SEO plugin. -->","yoast_head_json":{"title":"Alberto Garutti: obras que vivem ao ritmo das tempestades - METEORAGE","robots":{"index":"index","follow":"follow","max-snippet":"max-snippet:-1","max-image-preview":"max-image-preview:large","max-video-preview":"max-video-preview:-1"},"canonical":"https:\/\/www.meteorage.com\/pt-pt\/meteorage-em-direto\/alberto-garutti-obras-que-vivem-ao-ritmo-das-tempestades\/","og_locale":"pt_PT","og_type":"article","og_title":"Alberto Garutti: obras que vivem ao ritmo das tempestades - METEORAGE","og_description":"Alberto Garutti obras que vivem ao ritmo das tempestades Cada vez que um raio \u00e9 detetado em It\u00e1lia, as instala\u00e7\u00f5es do Studio Alberto Garutti iluminam-se instantaneamente. Estes projetos, permanentes ou tempor\u00e1rios, transformam este fen\u00f3meno natural numa experi\u00eancia visual entre arte e ci\u00eancia. &lt; retour Quando o raio se torna luz H\u00e1 v\u00e1rios anos que colaboramos [&hellip;]","og_url":"https:\/\/www.meteorage.com\/pt-pt\/meteorage-em-direto\/alberto-garutti-obras-que-vivem-ao-ritmo-das-tempestades\/","og_site_name":"METEORAGE","article_modified_time":"2026-04-13T07:38:49+00:00","og_image":[{"width":1654,"height":1654,"url":"https:\/\/www.meteorage.com\/wp-content\/uploads\/2026\/04\/Alberto-Garutti-Temporali-2015-e1775811943185.jpg","type":"image\/jpeg"}],"twitter_card":"summary_large_image","twitter_misc":{"Tempo estimado de leitura":"5 minutos"},"schema":{"@context":"https:\/\/schema.org","@graph":[{"@type":"WebPage","@id":"https:\/\/www.meteorage.com\/pt-pt\/meteorage-em-direto\/alberto-garutti-obras-que-vivem-ao-ritmo-das-tempestades\/","url":"https:\/\/www.meteorage.com\/pt-pt\/meteorage-em-direto\/alberto-garutti-obras-que-vivem-ao-ritmo-das-tempestades\/","name":"Alberto Garutti: obras que vivem ao ritmo das tempestades - METEORAGE","isPartOf":{"@id":"https:\/\/www.meteorage.com\/pt-pt\/#website"},"primaryImageOfPage":{"@id":"https:\/\/www.meteorage.com\/pt-pt\/meteorage-em-direto\/alberto-garutti-obras-que-vivem-ao-ritmo-das-tempestades\/#primaryimage"},"image":{"@id":"https:\/\/www.meteorage.com\/pt-pt\/meteorage-em-direto\/alberto-garutti-obras-que-vivem-ao-ritmo-das-tempestades\/#primaryimage"},"thumbnailUrl":"https:\/\/www.meteorage.com\/wp-content\/uploads\/2026\/04\/Alberto-Garutti-Temporali-2015-e1775811943185.jpg","datePublished":"2026-04-10T09:28:00+00:00","dateModified":"2026-04-13T07:38:49+00:00","breadcrumb":{"@id":"https:\/\/www.meteorage.com\/pt-pt\/meteorage-em-direto\/alberto-garutti-obras-que-vivem-ao-ritmo-das-tempestades\/#breadcrumb"},"inLanguage":"pt-PT","potentialAction":[{"@type":"ReadAction","target":["https:\/\/www.meteorage.com\/pt-pt\/meteorage-em-direto\/alberto-garutti-obras-que-vivem-ao-ritmo-das-tempestades\/"]}]},{"@type":"ImageObject","inLanguage":"pt-PT","@id":"https:\/\/www.meteorage.com\/pt-pt\/meteorage-em-direto\/alberto-garutti-obras-que-vivem-ao-ritmo-das-tempestades\/#primaryimage","url":"https:\/\/www.meteorage.com\/wp-content\/uploads\/2026\/04\/Alberto-Garutti-Temporali-2015-e1775811943185.jpg","contentUrl":"https:\/\/www.meteorage.com\/wp-content\/uploads\/2026\/04\/Alberto-Garutti-Temporali-2015-e1775811943185.jpg","width":1654,"height":1654},{"@type":"BreadcrumbList","@id":"https:\/\/www.meteorage.com\/pt-pt\/meteorage-em-direto\/alberto-garutti-obras-que-vivem-ao-ritmo-das-tempestades\/#breadcrumb","itemListElement":[{"@type":"ListItem","position":1,"name":"Accueil","item":"https:\/\/www.meteorage.com\/pt-pt\/"},{"@type":"ListItem","position":2,"name":"Alberto Garutti: obras que vivem ao ritmo das tempestades"}]},{"@type":"WebSite","@id":"https:\/\/www.meteorage.com\/pt-pt\/#website","url":"https:\/\/www.meteorage.com\/pt-pt\/","name":"METEORAGE","description":"","publisher":{"@id":"https:\/\/www.meteorage.com\/pt-pt\/#organization"},"potentialAction":[{"@type":"SearchAction","target":{"@type":"EntryPoint","urlTemplate":"https:\/\/www.meteorage.com\/pt-pt\/?s={search_term_string}"},"query-input":{"@type":"PropertyValueSpecification","valueRequired":true,"valueName":"search_term_string"}}],"inLanguage":"pt-PT"},{"@type":"Organization","@id":"https:\/\/www.meteorage.com\/pt-pt\/#organization","name":"METEORAGE","url":"https:\/\/www.meteorage.com\/pt-pt\/","logo":{"@type":"ImageObject","inLanguage":"pt-PT","@id":"https:\/\/www.meteorage.com\/pt-pt\/#\/schema\/logo\/image\/","url":"https:\/\/www.meteorage.com\/wp-content\/uploads\/2025\/10\/02.-Logo-METEORAGE-horizontal-blanc.png.webp","contentUrl":"https:\/\/www.meteorage.com\/wp-content\/uploads\/2025\/10\/02.-Logo-METEORAGE-horizontal-blanc.png.webp","width":2445,"height":501,"caption":"METEORAGE"},"image":{"@id":"https:\/\/www.meteorage.com\/pt-pt\/#\/schema\/logo\/image\/"}}]}},"_links":{"self":[{"href":"https:\/\/www.meteorage.com\/pt-pt\/wp-json\/wp\/v2\/blog\/52007","targetHints":{"allow":["GET"]}}],"collection":[{"href":"https:\/\/www.meteorage.com\/pt-pt\/wp-json\/wp\/v2\/blog"}],"about":[{"href":"https:\/\/www.meteorage.com\/pt-pt\/wp-json\/wp\/v2\/types\/blog"}],"version-history":[{"count":0,"href":"https:\/\/www.meteorage.com\/pt-pt\/wp-json\/wp\/v2\/blog\/52007\/revisions"}],"wp:featuredmedia":[{"embeddable":true,"href":"https:\/\/www.meteorage.com\/pt-pt\/wp-json\/wp\/v2\/media\/51915"}],"wp:attachment":[{"href":"https:\/\/www.meteorage.com\/pt-pt\/wp-json\/wp\/v2\/media?parent=52007"}],"wp:term":[{"taxonomy":"blog_category","embeddable":true,"href":"https:\/\/www.meteorage.com\/pt-pt\/wp-json\/wp\/v2\/blog_category?post=52007"}],"curies":[{"name":"wp","href":"https:\/\/api.w.org\/{rel}","templated":true}]}}