{"id":52717,"date":"2026-07-02T09:19:46","date_gmt":"2026-07-02T07:19:46","guid":{"rendered":"https:\/\/www.meteorage.com\/?post_type=presse&#038;p=52717"},"modified":"2026-07-02T09:38:09","modified_gmt":"2026-07-02T07:38:09","slug":"tempestades-fim-onda-calor-junho-2026","status":"publish","type":"presse","link":"https:\/\/www.meteorage.com\/pt-pt\/espaco-imprensa\/tempestades-fim-onda-calor-junho-2026\/","title":{"rendered":"Tempestades no fim da onda de calor: an\u00e1lise de um dos epis\u00f3dios mais el\u00e9tricos da esta\u00e7\u00e3o"},"content":{"rendered":"\t\t<div data-elementor-type=\"wp-post\" data-elementor-id=\"52717\" class=\"elementor elementor-52717 elementor-52712\" data-elementor-post-type=\"presse\">\n\t\t\t\t<div class=\"elementor-element elementor-element-69e1f8da e-con-full e-flex e-con e-parent\" data-id=\"69e1f8da\" data-element_type=\"container\" data-e-type=\"container\">\n\t\t<div class=\"elementor-element elementor-element-5f8cf3d2 e-con-full banner-type-detail e-flex e-con e-child\" data-id=\"5f8cf3d2\" data-element_type=\"container\" data-e-type=\"container\" data-settings=\"{&quot;background_background&quot;:&quot;classic&quot;}\">\n\t\t\t\t<div class=\"elementor-element elementor-element-2cb9833a elementor-widget elementor-widget-spacer\" data-id=\"2cb9833a\" data-element_type=\"widget\" data-e-type=\"widget\" data-widget_type=\"spacer.default\">\n\t\t\t\t<div class=\"elementor-widget-container\">\n\t\t\t\t\t\t\t<div class=\"elementor-spacer\">\n\t\t\t<div class=\"elementor-spacer-inner\"><\/div>\n\t\t<\/div>\n\t\t\t\t\t\t<\/div>\n\t\t\t\t<\/div>\n\t\t<div class=\"elementor-element elementor-element-2e39887c banner-content e-flex e-con-boxed e-con e-child\" data-id=\"2e39887c\" data-element_type=\"container\" data-e-type=\"container\">\n\t\t\t\t\t<div class=\"e-con-inner\">\n\t\t\t\t<div class=\"elementor-element elementor-element-506ff8f elementor-widget elementor-widget-spacer\" data-id=\"506ff8f\" data-element_type=\"widget\" data-e-type=\"widget\" data-widget_type=\"spacer.default\">\n\t\t\t\t<div class=\"elementor-widget-container\">\n\t\t\t\t\t\t\t<div class=\"elementor-spacer\">\n\t\t\t<div class=\"elementor-spacer-inner\"><\/div>\n\t\t<\/div>\n\t\t\t\t\t\t<\/div>\n\t\t\t\t<\/div>\n\t\t\t\t<div class=\"elementor-element elementor-element-4b5c2d72 elementor-widget elementor-widget-heading\" data-id=\"4b5c2d72\" data-element_type=\"widget\" data-e-type=\"widget\" data-widget_type=\"heading.default\">\n\t\t\t\t<div class=\"elementor-widget-container\">\n\t\t\t\t\t<h1 class=\"elementor-heading-title elementor-size-default\">Tempestades no fim da onda de calor: compreender um dos epis\u00f3dios mais el\u00e9tricos da esta\u00e7\u00e3o\n<\/h1>\t\t\t\t<\/div>\n\t\t\t\t<\/div>\n\t\t\t\t<div class=\"elementor-element elementor-element-528f34ac elementor-widget__width-initial elementor-widget elementor-widget-text-editor\" data-id=\"528f34ac\" data-element_type=\"widget\" data-e-type=\"widget\" data-widget_type=\"text-editor.default\">\n\t\t\t\t<div class=\"elementor-widget-container\">\n\t\t\t\t\t\t\t\t\t<p><style>\na {\n    text-decoration: none;\n    color: #464feb;\n}\ntr th, tr td {\n    border: 1px solid #e6e6e6;\n}\ntr th {\n    background-color: #f5f5f5;\n}\n<\/style><\/p><div><p>O fim de semana de <strong>27 e 28 de junho de 2026<\/strong> marcou os esp\u00edritos.<\/p><p>Um raio atingindo a Torre Eiffel, imagens impressionantes amplamente divulgadas e c\u00e9us iluminados em v\u00e1rias regi\u00f5es da Europa Ocidental&#8230; Para al\u00e9m do car\u00e1ter espetacular, este epis\u00f3dio mostrou mais uma vez como uma trovoada pode afetar simultaneamente diversos setores de atividade.<\/p><p><strong>Ent\u00e3o, o que aconteceu realmente?<\/strong><\/p><\/div>\t\t\t\t\t\t\t\t<\/div>\n\t\t\t\t<\/div>\n\t\t\t\t<div class=\"elementor-element elementor-element-deba4dc elementor-align-center elementor-widget elementor-widget-ube-button\" data-id=\"deba4dc\" data-element_type=\"widget\" data-e-type=\"widget\" data-widget_type=\"ube-button.default\">\n\t\t\t\t<div class=\"elementor-widget-container\">\n\t\t\t\t\t<a class=\"ube-btn btn btn-md btn- btn-link\" href=\"https:\/\/www.meteorage.com\/pt-pt\/espaco-imprensa\/\" target=\"_blank\" id=\"return-link\">\n\t    <span class=\"ube-btn-text\">&lt; Voltar \u00e0 Sala de Imprensa<\/span>\n\t<\/a>\n\n\n\t\t\t\t<\/div>\n\t\t\t\t<\/div>\n\t\t\t\t<div class=\"elementor-element elementor-element-352450ff text-center elementor-widget elementor-widget-shortcode\" data-id=\"352450ff\" data-element_type=\"widget\" data-e-type=\"widget\" data-widget_type=\"shortcode.default\">\n\t\t\t\t<div class=\"elementor-widget-container\">\n\t\t\t\t\t\t\t<div class=\"elementor-shortcode\"><div class=\"press-date\"><i class=\"fa-regular fa-calendar\"><\/i>02 Julho 2026<\/div><\/div>\n\t\t\t\t\t\t<\/div>\n\t\t\t\t<\/div>\n\t\t\t\t\t<\/div>\n\t\t\t\t<\/div>\n\t\t\t\t<\/div>\n\t\t\t\t<\/div>\n\t\t<div class=\"elementor-element elementor-element-5d61411 e-flex e-con-boxed e-con e-parent\" data-id=\"5d61411\" data-element_type=\"container\" data-e-type=\"container\">\n\t\t\t\t\t<div class=\"e-con-inner\">\n\t\t\t\t<div class=\"elementor-element elementor-element-dcbb1ac elementor-widget elementor-widget-text-editor\" data-id=\"dcbb1ac\" data-element_type=\"widget\" data-e-type=\"widget\" data-widget_type=\"text-editor.default\">\n\t\t\t\t<div class=\"elementor-widget-container\">\n\t\t\t\t\t\t\t\t\t<p><style>\na {<br \/>\n    text-decoration: none;<br \/>\n    color: #464feb;<br \/>\n}<br \/>\ntr th, tr td {<br \/>\n    border: 1px solid #e6e6e6;<br \/>\n}<br \/>\ntr th {<br \/>\n    background-color: #f5f5f5;<br \/>\n}<br \/>\n<\/style><\/p><div><p><style>\na {\n    text-decoration: none;\n    color: #464feb;\n}\ntr th, tr td {\n    border: 1px solid #e6e6e6;\n}\ntr th {\n    background-color: #f5f5f5;\n}\n<\/style><\/p><div><p>Na <strong>Meteorage, subsidi\u00e1ria da M\u00e9t\u00e9o-France e especialista europeia em dete\u00e7\u00e3o de raios<\/strong>, analis\u00e1mos este epis\u00f3dio juntamente com o nosso especialista meteorol\u00f3gico <strong>Joris Royet<\/strong> para compreender melhor os mecanismos que estiveram na origem de um dos epis\u00f3dios de trovoada mais el\u00e9tricos da esta\u00e7\u00e3o.<\/p><p>Em <strong>27 de junho de 2026<\/strong>, a nossa rede detetou <strong>147.950 flashes<\/strong> entre Fran\u00e7a, Benelux e o oeste da Alemanha em menos de 12 horas.<\/p><p>Ao longo de todo o fim de semana, regist\u00e1mos <strong>quase 1,9 milh\u00f5es de flashes<\/strong> e emitimos <strong>3.618 alertas de trovoada<\/strong> para os nossos clientes na Europa Ocidental.<\/p><p>Para al\u00e9m da intensa atividade el\u00e9trica observada, o epis\u00f3dio teve impactos em diversos setores:<\/p><ul><li>redes el\u00e9tricas,<\/li><li>transportes ferrovi\u00e1rios e aeroportu\u00e1rios,<\/li><li>eventos com p\u00fablico,<\/li><li>atividades ao ar livre,<\/li><li>instala\u00e7\u00f5es industriais e infraestruturas sens\u00edveis.<\/li><\/ul><p>Para as organiza\u00e7\u00f5es expostas ao risco de trovoadas, o desafio passa por dispor de uma vis\u00e3o precisa da evolu\u00e7\u00e3o do fen\u00f3meno, protegendo pessoas e infraestruturas enquanto se limita o impacto na atividade.<\/p><p>Quando interromper uma opera\u00e7\u00e3o? Como proteger pessoas e equipamentos? Quando retomar as atividades em seguran\u00e7a minimizando os per\u00edodos de inatividade? E como documentar ou justificar danos ap\u00f3s a passagem da tempestade?<\/p><p>Os alertas em tempo real, as ferramentas de visualiza\u00e7\u00e3o e os relat\u00f3rios de impacto ajudam a apoiar estas decis\u00f5es operacionais e a identificar rapidamente as \u00e1reas afetadas, otimizando inspe\u00e7\u00f5es, opera\u00e7\u00f5es de manuten\u00e7\u00e3o e o restabelecimento de equipamentos.<\/p><p><strong>Que condi\u00e7\u00f5es atmosf\u00e9ricas conduziram a um n\u00edvel de atividade el\u00e9trica t\u00e3o excecional?<\/strong><\/p><\/div><\/div>\t\t\t\t\t\t\t\t<\/div>\n\t\t\t\t<\/div>\n\t\t\t\t<div class=\"elementor-element elementor-element-e84eec9 elementor-align-center elementor-widget elementor-widget-button\" data-id=\"e84eec9\" data-element_type=\"widget\" data-e-type=\"widget\" data-widget_type=\"button.default\">\n\t\t\t\t<div class=\"elementor-widget-container\">\n\t\t\t\t\t\t\t\t\t<div class=\"elementor-button-wrapper\">\n\t\t\t\t\t<a class=\"elementor-button elementor-button-link elementor-size-lg\" href=\"https:\/\/www.meteorage.com\/wp-content\/uploads\/2026\/07\/PR-Meteorage-Heatwave-breaking-thunderstorms-July-1-2026-EN.pdf\" target=\"_blank\">\n\t\t\t\t\t\t<span class=\"elementor-button-content-wrapper\">\n\t\t\t\t\t\t\t\t\t<span class=\"elementor-button-text\">Ler o comunicado de imprensa em ingl\u00eas<\/span>\n\t\t\t\t\t<\/span>\n\t\t\t\t\t<\/a>\n\t\t\t\t<\/div>\n\t\t\t\t\t\t\t\t<\/div>\n\t\t\t\t<\/div>\n\t\t\t\t\t<\/div>\n\t\t\t\t<\/div>\n\t\t\t\t<\/div>\n\t\t","protected":false},"excerpt":{"rendered":"<p>Em 27 de junho de 2026, foram detetados quase 150.000 raios entre Fran\u00e7a, Benelux e o oeste da Alemanha em menos de 12 horas. Descubra a an\u00e1lise dos nossos especialistas sobre este excecional epis\u00f3dio de trovoada.<\/p>\n","protected":false},"featured_media":52722,"template":"","press_sector":[381],"class_list":["post-52717","presse","type-presse","status-publish","has-post-thumbnail","hentry","press_sector-meteo-pt-pt"],"acf":[],"yoast_head":"<!-- This site is optimized with the Yoast SEO plugin v28.4 - https:\/\/yoast.com\/product\/yoast-seo-wordpress\/ -->\n<title>Tempestades ap\u00f3s a onda de calor: o que aconteceu?<\/title>\n<meta name=\"description\" content=\"Conhe\u00e7a a an\u00e1lise da Meteorage sobre um dos epis\u00f3dios de tempestade mais intensos da esta\u00e7\u00e3o e os seus impactos.\" \/>\n<meta name=\"robots\" content=\"index, follow, max-snippet:-1, max-image-preview:large, max-video-preview:-1\" \/>\n<link rel=\"canonical\" href=\"https:\/\/www.meteorage.com\/pt-pt\/espaco-imprensa\/tempestades-fim-onda-calor-junho-2026\/\" \/>\n<meta property=\"og:locale\" content=\"pt_PT\" \/>\n<meta property=\"og:type\" content=\"article\" \/>\n<meta property=\"og:title\" content=\"Tempestades ap\u00f3s a onda de calor: o que aconteceu?\" \/>\n<meta property=\"og:description\" content=\"Conhe\u00e7a a an\u00e1lise da Meteorage sobre um dos epis\u00f3dios de tempestade mais intensos da esta\u00e7\u00e3o e os seus impactos.\" \/>\n<meta property=\"og:url\" content=\"https:\/\/www.meteorage.com\/pt-pt\/espaco-imprensa\/tempestades-fim-onda-calor-junho-2026\/\" \/>\n<meta property=\"og:site_name\" content=\"METEORAGE\" \/>\n<meta property=\"article:modified_time\" content=\"2026-07-02T07:38:09+00:00\" \/>\n<meta property=\"og:image\" content=\"https:\/\/www.meteorage.com\/wp-content\/uploads\/2026\/07\/Design-sans-titre-52.png\" \/>\n\t<meta property=\"og:image:width\" content=\"2000\" \/>\n\t<meta property=\"og:image:height\" content=\"2000\" \/>\n\t<meta property=\"og:image:type\" content=\"image\/png\" \/>\n<meta name=\"twitter:card\" content=\"summary_large_image\" \/>\n<meta name=\"twitter:label1\" content=\"Tempo estimado de leitura\" \/>\n\t<meta name=\"twitter:data1\" content=\"2 minutos\" \/>\n<script type=\"application\/ld+json\" class=\"yoast-schema-graph\">{\"@context\":\"https:\\\/\\\/schema.org\",\"@graph\":[{\"@type\":\"WebPage\",\"@id\":\"https:\\\/\\\/www.meteorage.com\\\/pt-pt\\\/espaco-imprensa\\\/tempestades-fim-onda-calor-junho-2026\\\/\",\"url\":\"https:\\\/\\\/www.meteorage.com\\\/pt-pt\\\/espaco-imprensa\\\/tempestades-fim-onda-calor-junho-2026\\\/\",\"name\":\"Tempestades ap\u00f3s a onda de calor: o que aconteceu?\",\"isPartOf\":{\"@id\":\"https:\\\/\\\/www.meteorage.com\\\/pt-pt\\\/#website\"},\"primaryImageOfPage\":{\"@id\":\"https:\\\/\\\/www.meteorage.com\\\/pt-pt\\\/espaco-imprensa\\\/tempestades-fim-onda-calor-junho-2026\\\/#primaryimage\"},\"image\":{\"@id\":\"https:\\\/\\\/www.meteorage.com\\\/pt-pt\\\/espaco-imprensa\\\/tempestades-fim-onda-calor-junho-2026\\\/#primaryimage\"},\"thumbnailUrl\":\"https:\\\/\\\/www.meteorage.com\\\/wp-content\\\/uploads\\\/2026\\\/07\\\/Design-sans-titre-52.png\",\"datePublished\":\"2026-07-02T07:19:46+00:00\",\"dateModified\":\"2026-07-02T07:38:09+00:00\",\"description\":\"Conhe\u00e7a a an\u00e1lise da Meteorage sobre um dos epis\u00f3dios de tempestade mais intensos da esta\u00e7\u00e3o e os seus impactos.\",\"breadcrumb\":{\"@id\":\"https:\\\/\\\/www.meteorage.com\\\/pt-pt\\\/espaco-imprensa\\\/tempestades-fim-onda-calor-junho-2026\\\/#breadcrumb\"},\"inLanguage\":\"pt-PT\",\"potentialAction\":[{\"@type\":\"ReadAction\",\"target\":[\"https:\\\/\\\/www.meteorage.com\\\/pt-pt\\\/espaco-imprensa\\\/tempestades-fim-onda-calor-junho-2026\\\/\"]}]},{\"@type\":\"ImageObject\",\"inLanguage\":\"pt-PT\",\"@id\":\"https:\\\/\\\/www.meteorage.com\\\/pt-pt\\\/espaco-imprensa\\\/tempestades-fim-onda-calor-junho-2026\\\/#primaryimage\",\"url\":\"https:\\\/\\\/www.meteorage.com\\\/wp-content\\\/uploads\\\/2026\\\/07\\\/Design-sans-titre-52.png\",\"contentUrl\":\"https:\\\/\\\/www.meteorage.com\\\/wp-content\\\/uploads\\\/2026\\\/07\\\/Design-sans-titre-52.png\",\"width\":2000,\"height\":2000},{\"@type\":\"BreadcrumbList\",\"@id\":\"https:\\\/\\\/www.meteorage.com\\\/pt-pt\\\/espaco-imprensa\\\/tempestades-fim-onda-calor-junho-2026\\\/#breadcrumb\",\"itemListElement\":[{\"@type\":\"ListItem\",\"position\":1,\"name\":\"Accueil\",\"item\":\"https:\\\/\\\/www.meteorage.com\\\/pt-pt\\\/\"},{\"@type\":\"ListItem\",\"position\":2,\"name\":\"Tempestades no fim da onda de calor: an\u00e1lise de um dos epis\u00f3dios mais el\u00e9tricos da esta\u00e7\u00e3o\"}]},{\"@type\":\"WebSite\",\"@id\":\"https:\\\/\\\/www.meteorage.com\\\/pt-pt\\\/#website\",\"url\":\"https:\\\/\\\/www.meteorage.com\\\/pt-pt\\\/\",\"name\":\"METEORAGE\",\"description\":\"\",\"publisher\":{\"@id\":\"https:\\\/\\\/www.meteorage.com\\\/pt-pt\\\/#organization\"},\"potentialAction\":[{\"@type\":\"SearchAction\",\"target\":{\"@type\":\"EntryPoint\",\"urlTemplate\":\"https:\\\/\\\/www.meteorage.com\\\/pt-pt\\\/?s={search_term_string}\"},\"query-input\":{\"@type\":\"PropertyValueSpecification\",\"valueRequired\":true,\"valueName\":\"search_term_string\"}}],\"inLanguage\":\"pt-PT\"},{\"@type\":\"Organization\",\"@id\":\"https:\\\/\\\/www.meteorage.com\\\/pt-pt\\\/#organization\",\"name\":\"METEORAGE\",\"url\":\"https:\\\/\\\/www.meteorage.com\\\/pt-pt\\\/\",\"logo\":{\"@type\":\"ImageObject\",\"inLanguage\":\"pt-PT\",\"@id\":\"https:\\\/\\\/www.meteorage.com\\\/pt-pt\\\/#\\\/schema\\\/logo\\\/image\\\/\",\"url\":\"https:\\\/\\\/www.meteorage.com\\\/wp-content\\\/uploads\\\/2025\\\/10\\\/02.-Logo-METEORAGE-horizontal-blanc.png.webp\",\"contentUrl\":\"https:\\\/\\\/www.meteorage.com\\\/wp-content\\\/uploads\\\/2025\\\/10\\\/02.-Logo-METEORAGE-horizontal-blanc.png.webp\",\"width\":2445,\"height\":501,\"caption\":\"METEORAGE\"},\"image\":{\"@id\":\"https:\\\/\\\/www.meteorage.com\\\/pt-pt\\\/#\\\/schema\\\/logo\\\/image\\\/\"}}]}<\/script>\n<!-- \/ Yoast SEO plugin. -->","yoast_head_json":{"title":"Tempestades ap\u00f3s a onda de calor: o que aconteceu?","description":"Conhe\u00e7a a an\u00e1lise da Meteorage sobre um dos epis\u00f3dios de tempestade mais intensos da esta\u00e7\u00e3o e os seus impactos.","robots":{"index":"index","follow":"follow","max-snippet":"max-snippet:-1","max-image-preview":"max-image-preview:large","max-video-preview":"max-video-preview:-1"},"canonical":"https:\/\/www.meteorage.com\/pt-pt\/espaco-imprensa\/tempestades-fim-onda-calor-junho-2026\/","og_locale":"pt_PT","og_type":"article","og_title":"Tempestades ap\u00f3s a onda de calor: o que aconteceu?","og_description":"Conhe\u00e7a a an\u00e1lise da Meteorage sobre um dos epis\u00f3dios de tempestade mais intensos da esta\u00e7\u00e3o e os seus impactos.","og_url":"https:\/\/www.meteorage.com\/pt-pt\/espaco-imprensa\/tempestades-fim-onda-calor-junho-2026\/","og_site_name":"METEORAGE","article_modified_time":"2026-07-02T07:38:09+00:00","og_image":[{"width":2000,"height":2000,"url":"https:\/\/www.meteorage.com\/wp-content\/uploads\/2026\/07\/Design-sans-titre-52.png","type":"image\/png"}],"twitter_card":"summary_large_image","twitter_misc":{"Tempo estimado de leitura":"2 minutos"},"schema":{"@context":"https:\/\/schema.org","@graph":[{"@type":"WebPage","@id":"https:\/\/www.meteorage.com\/pt-pt\/espaco-imprensa\/tempestades-fim-onda-calor-junho-2026\/","url":"https:\/\/www.meteorage.com\/pt-pt\/espaco-imprensa\/tempestades-fim-onda-calor-junho-2026\/","name":"Tempestades ap\u00f3s a onda de calor: o que aconteceu?","isPartOf":{"@id":"https:\/\/www.meteorage.com\/pt-pt\/#website"},"primaryImageOfPage":{"@id":"https:\/\/www.meteorage.com\/pt-pt\/espaco-imprensa\/tempestades-fim-onda-calor-junho-2026\/#primaryimage"},"image":{"@id":"https:\/\/www.meteorage.com\/pt-pt\/espaco-imprensa\/tempestades-fim-onda-calor-junho-2026\/#primaryimage"},"thumbnailUrl":"https:\/\/www.meteorage.com\/wp-content\/uploads\/2026\/07\/Design-sans-titre-52.png","datePublished":"2026-07-02T07:19:46+00:00","dateModified":"2026-07-02T07:38:09+00:00","description":"Conhe\u00e7a a an\u00e1lise da Meteorage sobre um dos epis\u00f3dios de tempestade mais intensos da esta\u00e7\u00e3o e os seus impactos.","breadcrumb":{"@id":"https:\/\/www.meteorage.com\/pt-pt\/espaco-imprensa\/tempestades-fim-onda-calor-junho-2026\/#breadcrumb"},"inLanguage":"pt-PT","potentialAction":[{"@type":"ReadAction","target":["https:\/\/www.meteorage.com\/pt-pt\/espaco-imprensa\/tempestades-fim-onda-calor-junho-2026\/"]}]},{"@type":"ImageObject","inLanguage":"pt-PT","@id":"https:\/\/www.meteorage.com\/pt-pt\/espaco-imprensa\/tempestades-fim-onda-calor-junho-2026\/#primaryimage","url":"https:\/\/www.meteorage.com\/wp-content\/uploads\/2026\/07\/Design-sans-titre-52.png","contentUrl":"https:\/\/www.meteorage.com\/wp-content\/uploads\/2026\/07\/Design-sans-titre-52.png","width":2000,"height":2000},{"@type":"BreadcrumbList","@id":"https:\/\/www.meteorage.com\/pt-pt\/espaco-imprensa\/tempestades-fim-onda-calor-junho-2026\/#breadcrumb","itemListElement":[{"@type":"ListItem","position":1,"name":"Accueil","item":"https:\/\/www.meteorage.com\/pt-pt\/"},{"@type":"ListItem","position":2,"name":"Tempestades no fim da onda de calor: an\u00e1lise de um dos epis\u00f3dios mais el\u00e9tricos da esta\u00e7\u00e3o"}]},{"@type":"WebSite","@id":"https:\/\/www.meteorage.com\/pt-pt\/#website","url":"https:\/\/www.meteorage.com\/pt-pt\/","name":"METEORAGE","description":"","publisher":{"@id":"https:\/\/www.meteorage.com\/pt-pt\/#organization"},"potentialAction":[{"@type":"SearchAction","target":{"@type":"EntryPoint","urlTemplate":"https:\/\/www.meteorage.com\/pt-pt\/?s={search_term_string}"},"query-input":{"@type":"PropertyValueSpecification","valueRequired":true,"valueName":"search_term_string"}}],"inLanguage":"pt-PT"},{"@type":"Organization","@id":"https:\/\/www.meteorage.com\/pt-pt\/#organization","name":"METEORAGE","url":"https:\/\/www.meteorage.com\/pt-pt\/","logo":{"@type":"ImageObject","inLanguage":"pt-PT","@id":"https:\/\/www.meteorage.com\/pt-pt\/#\/schema\/logo\/image\/","url":"https:\/\/www.meteorage.com\/wp-content\/uploads\/2025\/10\/02.-Logo-METEORAGE-horizontal-blanc.png.webp","contentUrl":"https:\/\/www.meteorage.com\/wp-content\/uploads\/2025\/10\/02.-Logo-METEORAGE-horizontal-blanc.png.webp","width":2445,"height":501,"caption":"METEORAGE"},"image":{"@id":"https:\/\/www.meteorage.com\/pt-pt\/#\/schema\/logo\/image\/"}}]}},"_links":{"self":[{"href":"https:\/\/www.meteorage.com\/pt-pt\/wp-json\/wp\/v2\/presse\/52717","targetHints":{"allow":["GET"]}}],"collection":[{"href":"https:\/\/www.meteorage.com\/pt-pt\/wp-json\/wp\/v2\/presse"}],"about":[{"href":"https:\/\/www.meteorage.com\/pt-pt\/wp-json\/wp\/v2\/types\/presse"}],"version-history":[{"count":5,"href":"https:\/\/www.meteorage.com\/pt-pt\/wp-json\/wp\/v2\/presse\/52717\/revisions"}],"predecessor-version":[{"id":52783,"href":"https:\/\/www.meteorage.com\/pt-pt\/wp-json\/wp\/v2\/presse\/52717\/revisions\/52783"}],"wp:featuredmedia":[{"embeddable":true,"href":"https:\/\/www.meteorage.com\/pt-pt\/wp-json\/wp\/v2\/media\/52722"}],"wp:attachment":[{"href":"https:\/\/www.meteorage.com\/pt-pt\/wp-json\/wp\/v2\/media?parent=52717"}],"wp:term":[{"taxonomy":"press_sector","embeddable":true,"href":"https:\/\/www.meteorage.com\/pt-pt\/wp-json\/wp\/v2\/press_sector?post=52717"}],"curies":[{"name":"wp","href":"https:\/\/api.w.org\/{rel}","templated":true}]}}